{"id":66892,"date":"2018-11-30T14:37:46","date_gmt":"2018-11-30T13:37:46","guid":{"rendered":"http:\/\/www.region-schwabach.de\/wordpress\/?p=66892"},"modified":"2018-11-30T14:48:09","modified_gmt":"2018-11-30T13:48:09","slug":"auto-in-roth-aufgebrochen","status":"publish","type":"post","link":"https:\/\/www.region-schwabach.de\/wordpress\/auto-in-roth-aufgebrochen\/","title":{"rendered":"Auto in Roth aufgebrochen"},"content":{"rendered":"\t\t<div data-elementor-type=\"wp-post\" data-elementor-id=\"66892\" class=\"elementor elementor-66892 elementor-bc-flex-widget\">\n\t\t\t\t\t\t<section class=\"elementor-section elementor-top-section elementor-element elementor-element-1cuv9jr elementor-section-boxed elementor-section-height-default elementor-section-height-default\" data-id=\"1cuv9jr\" data-element_type=\"section\">\n\t\t\t\t\t\t<div class=\"elementor-container elementor-column-gap-default\">\n\t\t\t\t\t<div class=\"elementor-column elementor-col-66 elementor-top-column elementor-element elementor-element-q5zak7b\" data-id=\"q5zak7b\" data-element_type=\"column\">\n\t\t\t<div class=\"elementor-widget-wrap elementor-element-populated\">\n\t\t\t\t\t\t<div class=\"elementor-element elementor-element-763ecdd elementor-widget elementor-widget-text-editor\" data-id=\"763ecdd\" data-element_type=\"widget\" data-widget_type=\"text-editor.default\">\n\t\t\t\t<div class=\"elementor-widget-container\">\n\t\t\t\t\t\t\t<h3 class=\"story-headline\">PKW in Rother Tiefgarage aufgebrochen<\/h3><p><span style=\"font-size: 12pt;\">Roth &#8211; In der Zeit zwischen Dienstagnachmittag, den 27.11.2018, und Donnerstagabend, den 29.11.2018, hat ein bisher Unbekannter einen in der Tiefgarage der Kulturfabrik geparkter VW Polo aufgebrochen, indem er an der Fahrerseite eine Scheibe eingeschlug, bevor er den Pkw dann entriegelt und durchw\u00fchlt hat. <\/span><\/p><h3>Keine Beute gemacht<\/h3><p><span style=\"font-size: 12pt;\">Da sich in dem Fahrzeug jedoch keine Wertsachen befanden, verschwand der Unbekannte ohne Beute, hinterlie\u00df jedoch einen Sachschaden in H\u00f6he von ca. 500 Euro. Auff\u00e4llig ist noch, da\u00df der Unbekannten einen abgerauchten Joint auf dem Autodach ausdr\u00fcckte.\u00a0<\/span><\/p><h3>Polizei bittet um Mithilfe<\/h3><p><span style=\"font-size: 12pt;\">Personen, die verd\u00e4chtige Beobachtungen gemacht haben, werden gebeten, diese der Polizei in Roth unter der Rufnummer 09171-9744-0 mitzuteilen.<\/span><\/p>\t\t\t\t\t\t<\/div>\n\t\t\t\t<\/div>\n\t\t\t\t<div class=\"elementor-element elementor-element-ace1283 elementor-widget-divider--view-line elementor-widget elementor-widget-divider\" data-id=\"ace1283\" data-element_type=\"widget\" data-widget_type=\"divider.default\">\n\t\t\t\t<div class=\"elementor-widget-container\">\n\t\t\t\t\t<div class=\"elementor-divider\">\n\t\t\t<span class=\"elementor-divider-separator\">\n\t\t\t\t\t\t<\/span>\n\t\t<\/div>\n\t\t\t\t<\/div>\n\t\t\t\t<\/div>\n\t\t\t\t<div class=\"elementor-element elementor-element-1l7zbzo elementor-widget elementor-widget-google_maps\" data-id=\"1l7zbzo\" data-element_type=\"widget\" data-widget_type=\"google_maps.default\">\n\t\t\t\t<div class=\"elementor-widget-container\">\n\t\t\t\t\t<div class=\"elementor-custom-embed\">\n\t\t\t<iframe loading=\"lazy\"\n\t\t\t\t\tsrc=\"https:\/\/maps.google.com\/maps?q=Stieberstra%C3%9Fe%207%2C%20Roth%2C%20Deutschland&#038;t=m&#038;z=15&#038;output=embed&#038;iwloc=near\"\n\t\t\t\t\ttitle=\"Stieberstra\u00dfe 7, Roth, Deutschland\"\n\t\t\t\t\taria-label=\"Stieberstra\u00dfe 7, Roth, Deutschland\"\n\t\t\t><\/iframe>\n\t\t<\/div>\n\t\t\t\t<\/div>\n\t\t\t\t<\/div>\n\t\t\t\t\t<\/div>\n\t\t<\/div>\n\t\t\t\t<div class=\"elementor-column elementor-col-33 elementor-top-column elementor-element elementor-element-0w0urt1\" data-id=\"0w0urt1\" data-element_type=\"column\">\n\t\t\t<div class=\"elementor-widget-wrap\">\n\t\t\t\t\t\t\t<\/div>\n\t\t<\/div>\n\t\t\t\t\t<\/div>\n\t\t<\/section>\n\t\t\t\t<\/div>\n\t\t","protected":false},"excerpt":{"rendered":"<div class=\"mh-excerpt\"><p>PKW in Rother Tiefgarage aufgebrochen Roth &#8211; In der Zeit zwischen Dienstagnachmittag, den 27.11.2018, und Donnerstagabend, den 29.11.2018, hat ein bisher Unbekannter einen in der Tiefgarage der Kulturfabrik geparkter VW Polo aufgebrochen, indem er an <a class=\"mh-excerpt-more\" href=\"https:\/\/www.region-schwabach.de\/wordpress\/auto-in-roth-aufgebrochen\/\" title=\"Auto in Roth aufgebrochen\">[&#8230;]<\/a><\/p>\n<\/div>","protected":false},"author":1,"featured_media":66893,"comment_status":"open","ping_status":"open","sticky":false,"template":"","format":"standard","meta":{"_cbd_carousel_blocks":"[]","footnotes":""},"categories":[15],"tags":[6602,6603,6604,217,463,981,7187,32,487,401,713,1250,861,960],"class_list":{"0":"post-66892","1":"post","2":"type-post","3":"status-publish","4":"format-standard","5":"has-post-thumbnail","7":"category-polizeimeldungen","8":"tag-27-11-2018","9":"tag-28-11-2018","10":"tag-29-11-2018","11":"tag-einbruch","12":"tag-pkw","13":"tag-polizei","14":"tag-polo","15":"tag-roth","16":"tag-sachbeschaedigung","17":"tag-sachschaden","18":"tag-schaden","19":"tag-stieberstrasse","20":"tag-tiefgarage","21":"tag-vw"},"_links":{"self":[{"href":"https:\/\/www.region-schwabach.de\/wordpress\/wp-json\/wp\/v2\/posts\/66892","targetHints":{"allow":["GET"]}}],"collection":[{"href":"https:\/\/www.region-schwabach.de\/wordpress\/wp-json\/wp\/v2\/posts"}],"about":[{"href":"https:\/\/www.region-schwabach.de\/wordpress\/wp-json\/wp\/v2\/types\/post"}],"author":[{"embeddable":true,"href":"https:\/\/www.region-schwabach.de\/wordpress\/wp-json\/wp\/v2\/users\/1"}],"replies":[{"embeddable":true,"href":"https:\/\/www.region-schwabach.de\/wordpress\/wp-json\/wp\/v2\/comments?post=66892"}],"version-history":[{"count":0,"href":"https:\/\/www.region-schwabach.de\/wordpress\/wp-json\/wp\/v2\/posts\/66892\/revisions"}],"wp:featuredmedia":[{"embeddable":true,"href":"https:\/\/www.region-schwabach.de\/wordpress\/wp-json\/wp\/v2\/media\/66893"}],"wp:attachment":[{"href":"https:\/\/www.region-schwabach.de\/wordpress\/wp-json\/wp\/v2\/media?parent=66892"}],"wp:term":[{"taxonomy":"category","embeddable":true,"href":"https:\/\/www.region-schwabach.de\/wordpress\/wp-json\/wp\/v2\/categories?post=66892"},{"taxonomy":"post_tag","embeddable":true,"href":"https:\/\/www.region-schwabach.de\/wordpress\/wp-json\/wp\/v2\/tags?post=66892"}],"curies":[{"name":"wp","href":"https:\/\/api.w.org\/{rel}","templated":true}]}}