{"id":66899,"date":"2018-11-30T14:52:02","date_gmt":"2018-11-30T13:52:02","guid":{"rendered":"http:\/\/www.region-schwabach.de\/wordpress\/?p=66899"},"modified":"2018-11-30T23:16:16","modified_gmt":"2018-11-30T22:16:16","slug":"bei-auffahrunfall-in-roth-leicht-verletzt","status":"publish","type":"post","link":"https:\/\/www.region-schwabach.de\/wordpress\/bei-auffahrunfall-in-roth-leicht-verletzt\/","title":{"rendered":"Bei Auffahrunfall in Roth leicht verletzt"},"content":{"rendered":"\t\t<div data-elementor-type=\"wp-post\" data-elementor-id=\"66899\" class=\"elementor elementor-66899 elementor-bc-flex-widget\">\n\t\t\t\t\t\t<section class=\"elementor-section elementor-top-section elementor-element elementor-element-tlus4ia elementor-section-boxed elementor-section-height-default elementor-section-height-default\" data-id=\"tlus4ia\" data-element_type=\"section\">\n\t\t\t\t\t\t<div class=\"elementor-container elementor-column-gap-default\">\n\t\t\t\t\t<div class=\"elementor-column elementor-col-66 elementor-top-column elementor-element elementor-element-sphcucl\" data-id=\"sphcucl\" data-element_type=\"column\">\n\t\t\t<div class=\"elementor-widget-wrap elementor-element-populated\">\n\t\t\t\t\t\t<div class=\"elementor-element elementor-element-4f2h2af elementor-widget elementor-widget-text-editor\" data-id=\"4f2h2af\" data-element_type=\"widget\" data-widget_type=\"text-editor.default\">\n\t\t\t\t<div class=\"elementor-widget-container\">\n\t\t\t\t\t\t\t<h3><strong>Bei Auffahrunfall leicht verletzt<\/strong><\/h3><p><span style=\"font-size: 12pt;\">Roth &#8211; Am Freitagmorgen, den 30.11.2018, <span style=\"font-family: Arial, sans-serif;\">wurde eine 46-j\u00e4hrige PKW-Fahrerin bei einem Auffahrunfall an der Einm\u00fcndung \u201eSchreckh\u00e4usl\u201c in Roth leicht verletzt. Eines der beteiligten Fahrzeuge wurde bei dem Unfall so stark besch\u00e4digt, da\u00df es von einem Abschleppdienst geborgen werden mu\u00dfte. An beiden Fahrzeugen entstand ein Gesamtsachschaden in H\u00f6he von ca. 7.000 Euro.<\/span><\/span><\/p>\t\t\t\t\t\t<\/div>\n\t\t\t\t<\/div>\n\t\t\t\t<div class=\"elementor-element elementor-element-39c5f74 elementor-widget elementor-widget-google_maps\" data-id=\"39c5f74\" data-element_type=\"widget\" data-widget_type=\"google_maps.default\">\n\t\t\t\t<div class=\"elementor-widget-container\">\n\t\t\t\t\t<div class=\"elementor-custom-embed\">\n\t\t\t<iframe loading=\"lazy\"\n\t\t\t\t\tsrc=\"https:\/\/maps.google.com\/maps?q=49.281288%2C%2011.198451&#038;t=m&#038;z=14&#038;output=embed&#038;iwloc=near\"\n\t\t\t\t\ttitle=\"49.281288, 11.198451\"\n\t\t\t\t\taria-label=\"49.281288, 11.198451\"\n\t\t\t><\/iframe>\n\t\t<\/div>\n\t\t\t\t<\/div>\n\t\t\t\t<\/div>\n\t\t\t\t\t<\/div>\n\t\t<\/div>\n\t\t\t\t<div class=\"elementor-column elementor-col-33 elementor-top-column elementor-element elementor-element-flkv3o5\" data-id=\"flkv3o5\" data-element_type=\"column\">\n\t\t\t<div class=\"elementor-widget-wrap\">\n\t\t\t\t\t\t\t<\/div>\n\t\t<\/div>\n\t\t\t\t\t<\/div>\n\t\t<\/section>\n\t\t\t\t<\/div>\n\t\t","protected":false},"excerpt":{"rendered":"<div class=\"mh-excerpt\"><p>Bei Auffahrunfall leicht verletzt Roth &#8211; Am Freitagmorgen, den 30.11.2018, wurde eine 46-j\u00e4hrige PKW-Fahrerin bei einem Auffahrunfall an der Einm\u00fcndung \u201eSchreckh\u00e4usl\u201c in Roth leicht verletzt. Eines der beteiligten Fahrzeuge wurde bei dem Unfall so stark <a class=\"mh-excerpt-more\" href=\"https:\/\/www.region-schwabach.de\/wordpress\/bei-auffahrunfall-in-roth-leicht-verletzt\/\" title=\"Bei Auffahrunfall in Roth leicht verletzt\">[&#8230;]<\/a><\/p>\n<\/div>","protected":false},"author":1,"featured_media":66900,"comment_status":"open","ping_status":"open","sticky":false,"template":"","format":"standard","meta":{"_cbd_carousel_blocks":"[]","footnotes":""},"categories":[15],"tags":[6605,7189,7188,1375,463,981,32,401,713,334,584],"class_list":{"0":"post-66899","1":"post","2":"type-post","3":"status-publish","4":"format-standard","5":"has-post-thumbnail","7":"category-polizeimeldungen","8":"tag-30-11-2018","9":"tag-abschleppdient","10":"tag-einmuendung-schreckhaeusl","11":"tag-leicht-verletzt","12":"tag-pkw","13":"tag-polizei","14":"tag-roth","15":"tag-sachschaden","16":"tag-schaden","17":"tag-unfall","18":"tag-zusammenstoss"},"_links":{"self":[{"href":"https:\/\/www.region-schwabach.de\/wordpress\/wp-json\/wp\/v2\/posts\/66899","targetHints":{"allow":["GET"]}}],"collection":[{"href":"https:\/\/www.region-schwabach.de\/wordpress\/wp-json\/wp\/v2\/posts"}],"about":[{"href":"https:\/\/www.region-schwabach.de\/wordpress\/wp-json\/wp\/v2\/types\/post"}],"author":[{"embeddable":true,"href":"https:\/\/www.region-schwabach.de\/wordpress\/wp-json\/wp\/v2\/users\/1"}],"replies":[{"embeddable":true,"href":"https:\/\/www.region-schwabach.de\/wordpress\/wp-json\/wp\/v2\/comments?post=66899"}],"version-history":[{"count":0,"href":"https:\/\/www.region-schwabach.de\/wordpress\/wp-json\/wp\/v2\/posts\/66899\/revisions"}],"wp:featuredmedia":[{"embeddable":true,"href":"https:\/\/www.region-schwabach.de\/wordpress\/wp-json\/wp\/v2\/media\/66900"}],"wp:attachment":[{"href":"https:\/\/www.region-schwabach.de\/wordpress\/wp-json\/wp\/v2\/media?parent=66899"}],"wp:term":[{"taxonomy":"category","embeddable":true,"href":"https:\/\/www.region-schwabach.de\/wordpress\/wp-json\/wp\/v2\/categories?post=66899"},{"taxonomy":"post_tag","embeddable":true,"href":"https:\/\/www.region-schwabach.de\/wordpress\/wp-json\/wp\/v2\/tags?post=66899"}],"curies":[{"name":"wp","href":"https:\/\/api.w.org\/{rel}","templated":true}]}}