{"id":68348,"date":"2018-12-08T00:01:25","date_gmt":"2018-12-07T23:01:25","guid":{"rendered":"http:\/\/www.region-schwabach.de\/wordpress\/?p=68348"},"modified":"2018-12-10T11:38:42","modified_gmt":"2018-12-10T10:38:42","slug":"todlicher-unfall-auf-der-b2-bei-dettenheim","status":"publish","type":"post","link":"https:\/\/www.region-schwabach.de\/wordpress\/todlicher-unfall-auf-der-b2-bei-dettenheim\/","title":{"rendered":"T\u00f6dlicher Unfall auf der B2 bei Dettenheim"},"content":{"rendered":"\t\t<div data-elementor-type=\"wp-post\" data-elementor-id=\"68348\" class=\"elementor elementor-68348 elementor-bc-flex-widget\">\n\t\t\t\t\t\t<section class=\"elementor-section elementor-top-section elementor-element elementor-element-1cuv9jr elementor-section-boxed elementor-section-height-default elementor-section-height-default\" data-id=\"1cuv9jr\" data-element_type=\"section\">\n\t\t\t\t\t\t<div class=\"elementor-container elementor-column-gap-default\">\n\t\t\t\t\t<div class=\"elementor-column elementor-col-66 elementor-top-column elementor-element elementor-element-q5zak7b\" data-id=\"q5zak7b\" data-element_type=\"column\">\n\t\t\t<div class=\"elementor-widget-wrap elementor-element-populated\">\n\t\t\t\t\t\t<div class=\"elementor-element elementor-element-948e1ec elementor-widget elementor-widget-wp-widget-advads_ad_widget\" data-id=\"948e1ec\" data-element_type=\"widget\" data-widget_type=\"wp-widget-advads_ad_widget.default\">\n\t\t\t\t<div class=\"elementor-widget-container\">\n\t\t\t<div id=\"regio-1337051819\"><div class=\"regio-adlabel\">Werbung<\/div><!-- Beginn https:\/\/www.financeads.net\/-Code --><a href=\"https:\/\/www.financeads.net\/tc.php?t=36648C19118058B\" target=\"_blank\"><img fetchpriority=\"high\" decoding=\"async\" src=\"https:\/\/www.financeads.net\/tb.php?t=36648V19118058B&https=1\" alt=\"\" border=\"0\" width=\"728\" height=\"90\"><\/a><!-- Ende https:\/\/www.financeads.net\/-Code --><\/div>\t\t<\/div>\n\t\t\t\t<\/div>\n\t\t\t\t<div class=\"elementor-element elementor-element-763ecdd elementor-widget elementor-widget-text-editor\" data-id=\"763ecdd\" data-element_type=\"widget\" data-widget_type=\"text-editor.default\">\n\t\t\t\t<div class=\"elementor-widget-container\">\n\t\t\t\t\t\t\t<h3 class=\"story-headline\">PKW-Fahrer stirbt nach Frontalzusammensto\u00df mit LKW\u00a0<\/h3><p><span style=\"font-size: 12pt;\">Wei\u00dfenburg\u00a0 &#8211; Am Freitagabend, den 07.12.2018, ist es gegen 20.00 Uhr zu einem schweren Verkehrsunfall auf der B2 zwischen Treuchtlingen und dem Wei\u00dfenburger Ortsteil Dettenheim gekommen, bei dem eine Person ums Leben kam.<\/span><\/p><h3>Beide Fahrzeuge fingen sofort Feuer<\/h3><p><span style=\"font-size: 12pt;\">Zu dem t\u00f6dlichen Unfall kam es, als ein PKW und ein LKW &#8211; welcher offensichtlich Gefahrgut geladen hatte &#8211; auf der dreispurigen Bundesstra\u00dfe zusammenstie\u00dfen. Beide Fahrzeuge fingen sofort Feuer, aber w\u00e4hrend sich der LKW-Fahrer noch aus seinem brennenden Fahrzeug retten konnte, kam f\u00fcr den Fahrzeugf\u00fchrer des PKW jede Hilfe zu sp\u00e4t.<\/span><\/p><h3>Unfallursache unklar<\/h3><p><span style=\"font-size: 12pt;\">Wie, und warum es zu dem Zusammensto\u00df kam ist noch v\u00f6llig unklar, und ist Gegenstand der laufenden Ermittlungen.<\/span><\/p>\t\t\t\t\t\t<\/div>\n\t\t\t\t<\/div>\n\t\t\t\t<div class=\"elementor-element elementor-element-ace1283 elementor-widget-divider--view-line elementor-widget elementor-widget-divider\" data-id=\"ace1283\" data-element_type=\"widget\" data-widget_type=\"divider.default\">\n\t\t\t\t<div class=\"elementor-widget-container\">\n\t\t\t\t\t<div class=\"elementor-divider\">\n\t\t\t<span class=\"elementor-divider-separator\">\n\t\t\t\t\t\t<\/span>\n\t\t<\/div>\n\t\t\t\t<\/div>\n\t\t\t\t<\/div>\n\t\t\t\t<div class=\"elementor-element elementor-element-1l7zbzo elementor-widget elementor-widget-google_maps\" data-id=\"1l7zbzo\" data-element_type=\"widget\" data-widget_type=\"google_maps.default\">\n\t\t\t\t<div class=\"elementor-widget-container\">\n\t\t\t\t\t<div class=\"elementor-custom-embed\">\n\t\t\t<iframe loading=\"lazy\"\n\t\t\t\t\tsrc=\"https:\/\/maps.google.com\/maps?q=Dettenheim%2C%20Wei%C3%9Fenburg%2C%20Deutschland&#038;t=m&#038;z=15&#038;output=embed&#038;iwloc=near\"\n\t\t\t\t\ttitle=\"Dettenheim, Wei\u00dfenburg, Deutschland\"\n\t\t\t\t\taria-label=\"Dettenheim, Wei\u00dfenburg, Deutschland\"\n\t\t\t><\/iframe>\n\t\t<\/div>\n\t\t\t\t<\/div>\n\t\t\t\t<\/div>\n\t\t\t\t\t<\/div>\n\t\t<\/div>\n\t\t\t\t<div class=\"elementor-column elementor-col-33 elementor-top-column elementor-element elementor-element-0w0urt1\" data-id=\"0w0urt1\" data-element_type=\"column\">\n\t\t\t<div class=\"elementor-widget-wrap elementor-element-populated\">\n\t\t\t\t\t\t<div class=\"elementor-element elementor-element-2098f38 elementor-widget elementor-widget-wp-widget-advads_ad_widget\" data-id=\"2098f38\" data-element_type=\"widget\" data-widget_type=\"wp-widget-advads_ad_widget.default\">\n\t\t\t\t<div class=\"elementor-widget-container\">\n\t\t\t<div id=\"regio-3148212398\"><div class=\"regio-adlabel\">Werbung<\/div><div id=\"regio-574094159\"><!-- Beginn https:\/\/www.financeads.net\/-Code --><a href=\"https:\/\/www.financeads.net\/tc.php?t=36648C271460142B\" target=\"_blank\"><img decoding=\"async\" src=\"https:\/\/www.financeads.net\/tb.php?t=36648V271460142B&https=1\" alt=\"PETPROTECT_Hund&Katze_Banner\" border=\"0\" width=\"250\" height=\"250\"><\/a><!-- Ende https:\/\/www.financeads.net\/-Code --><\/div><div id=\"regio-962171816\"><!-- Beginn https:\/\/www.financeads.net\/-Code --><a href=\"https:\/\/www.financeads.net\/tc.php?t=36648C236142529B\" target=\"_blank\"><img decoding=\"async\" src=\"https:\/\/www.financeads.net\/tb.php?t=36648V236142529B&https=1\" alt=\"\" border=\"0\" width=\"300\" height=\"250\"><\/a><!-- Ende https:\/\/www.financeads.net\/-Code --><\/div><div id=\"regio-2829534634\"><!-- Beginn https:\/\/www.financeads.net\/-Code --><a href=\"https:\/\/www.financeads.net\/tc.php?t=36648C205040072B\" target=\"_blank\"><img loading=\"lazy\" decoding=\"async\" src=\"https:\/\/www.financeads.net\/tb.php?t=36648V205040072B&https=1\" alt=\"\" border=\"0\" width=\"300\" height=\"250\"><\/a><!-- Ende https:\/\/www.financeads.net\/-Code --><\/div><div id=\"regio-1767389312\"><!-- Beginn https:\/\/www.financeads.net\/-Code --><a href=\"https:\/\/www.financeads.net\/tc.php?t=36648C42614510B\" target=\"_blank\"><img loading=\"lazy\" decoding=\"async\" src=\"https:\/\/www.financeads.net\/tb.php?t=36648V42614510B&https=1\" alt=\"\" border=\"0\" width=\"200\" height=\"300\"><\/a><!-- Ende https:\/\/www.financeads.net\/-Code --><\/div><\/div>\t\t<\/div>\n\t\t\t\t<\/div>\n\t\t\t\t\t<\/div>\n\t\t<\/div>\n\t\t\t\t\t<\/div>\n\t\t<\/section>\n\t\t\t\t<\/div>\n\t\t","protected":false},"excerpt":{"rendered":"<div class=\"mh-excerpt\"><p>PKW-Fahrer stirbt nach Frontalzusammensto\u00df mit LKW\u00a0 Wei\u00dfenburg\u00a0 &#8211; Am Freitagabend, den 07.12.2018, ist es gegen 20.00 Uhr zu einem schweren Verkehrsunfall auf der B2 zwischen Treuchtlingen und dem Wei\u00dfenburger Ortsteil Dettenheim gekommen, bei dem eine <a class=\"mh-excerpt-more\" href=\"https:\/\/www.region-schwabach.de\/wordpress\/todlicher-unfall-auf-der-b2-bei-dettenheim\/\" title=\"T\u00f6dlicher Unfall auf der B2 bei Dettenheim\">[&#8230;]<\/a><\/p>\n<\/div>","protected":false},"author":1,"featured_media":68349,"comment_status":"open","ping_status":"open","sticky":false,"template":"","format":"standard","meta":{"_cbd_carousel_blocks":"[]","footnotes":""},"categories":[16,15],"tags":[6924,429,543,296,5789,261,463,981,6670,401,713,939,249,584],"class_list":{"0":"post-68348","1":"post","2":"type-post","3":"status-publish","4":"format-standard","5":"has-post-thumbnail","7":"category-aktuell","8":"category-polizeimeldungen","9":"tag-07-12-2018","10":"tag-b2","11":"tag-feuer","12":"tag-feuerwehr","13":"tag-gefahrgut","14":"tag-lkw","15":"tag-pkw","16":"tag-polizei","17":"tag-rettungskraefte","18":"tag-sachschaden","19":"tag-schaden","20":"tag-treuchtlingen","21":"tag-weissenburg","22":"tag-zusammenstoss"},"_links":{"self":[{"href":"https:\/\/www.region-schwabach.de\/wordpress\/wp-json\/wp\/v2\/posts\/68348","targetHints":{"allow":["GET"]}}],"collection":[{"href":"https:\/\/www.region-schwabach.de\/wordpress\/wp-json\/wp\/v2\/posts"}],"about":[{"href":"https:\/\/www.region-schwabach.de\/wordpress\/wp-json\/wp\/v2\/types\/post"}],"author":[{"embeddable":true,"href":"https:\/\/www.region-schwabach.de\/wordpress\/wp-json\/wp\/v2\/users\/1"}],"replies":[{"embeddable":true,"href":"https:\/\/www.region-schwabach.de\/wordpress\/wp-json\/wp\/v2\/comments?post=68348"}],"version-history":[{"count":0,"href":"https:\/\/www.region-schwabach.de\/wordpress\/wp-json\/wp\/v2\/posts\/68348\/revisions"}],"wp:featuredmedia":[{"embeddable":true,"href":"https:\/\/www.region-schwabach.de\/wordpress\/wp-json\/wp\/v2\/media\/68349"}],"wp:attachment":[{"href":"https:\/\/www.region-schwabach.de\/wordpress\/wp-json\/wp\/v2\/media?parent=68348"}],"wp:term":[{"taxonomy":"category","embeddable":true,"href":"https:\/\/www.region-schwabach.de\/wordpress\/wp-json\/wp\/v2\/categories?post=68348"},{"taxonomy":"post_tag","embeddable":true,"href":"https:\/\/www.region-schwabach.de\/wordpress\/wp-json\/wp\/v2\/tags?post=68348"}],"curies":[{"name":"wp","href":"https:\/\/api.w.org\/{rel}","templated":true}]}}