{"id":6934,"date":"2017-08-14T11:19:00","date_gmt":"2017-08-14T09:19:00","guid":{"rendered":"http:\/\/www.region-schwabach.de\/wordpress\/?p=6934"},"modified":"2017-08-17T18:32:57","modified_gmt":"2017-08-17T16:32:57","slug":"unterlagen-fuer-briefwahl-koennen-ab-sofort-beantragt-werden","status":"publish","type":"post","link":"https:\/\/www.region-schwabach.de\/wordpress\/unterlagen-fuer-briefwahl-koennen-ab-sofort-beantragt-werden\/","title":{"rendered":"Unterlagen f\u00fcr Briefwahl k\u00f6nnen ab sofort beantragt werden"},"content":{"rendered":"\t\t<div data-elementor-type=\"wp-post\" data-elementor-id=\"6934\" class=\"elementor elementor-6934 elementor-bc-flex-widget\">\n\t\t\t\t\t\t<section class=\"elementor-section elementor-top-section elementor-element elementor-element-1dzeyuh elementor-section-boxed elementor-section-height-default elementor-section-height-default\" data-id=\"1dzeyuh\" data-element_type=\"section\">\n\t\t\t\t\t\t<div class=\"elementor-container elementor-column-gap-default\">\n\t\t\t\t\t<div class=\"elementor-column elementor-col-66 elementor-top-column elementor-element elementor-element-aam59ft\" data-id=\"aam59ft\" data-element_type=\"column\">\n\t\t\t<div class=\"elementor-widget-wrap elementor-element-populated\">\n\t\t\t\t\t\t<div class=\"elementor-element elementor-element-k9p1oyc elementor-widget elementor-widget-text-editor\" data-id=\"k9p1oyc\" data-element_type=\"widget\" data-widget_type=\"text-editor.default\">\n\t\t\t\t<div class=\"elementor-widget-container\">\n\t\t\t\t\t\t\t<h3>Unterlagen m\u00fcssen beantragt werden<\/h3><p>Wer am Wahltag &#8211; aus welchen Gr\u00fcnden auch immer &#8211; nicht die M\u00f6glichkeit hat im Wahllokal zu w\u00e4hlen, kann die Briefwahl nutzen, um an der Wahl teilzunehmen.<\/p><p>Die dazu n\u00f6tigen Unterlagen werden grunds\u00e4tzlich nur auf Antrag (k\u00f6nnen per Post oder online beantragt werden) versendet. Der Versandung erfolgt normalerweise am Tag des Antrageingangs.<\/p><p><a href=\"https:\/\/serviceportal.komuna.net\/iws_IWS\/start.do;jsessionid=F86778D485CBE95388A496FC0D4F534F.iws2?mb=9565000&amp;wahltyp=\" target=\"_blank\" rel=\"noopener\">Hier geht&#8217;s zum Online-Antrag f\u00fcr die Briefwahlunterlagen &#8230;<\/a><\/p><h3>Wahlunterlagen sind im Wahlamt oder im B\u00fcrgerb\u00fcro erh\u00e4ltlich<\/h3><p>Wer die Wahlunterlagen pers\u00f6nlich (im Wahlamt Schwabach oder im B\u00fcrgerb\u00fcro im Rathaus) beantragt, bekommt die Unterlagen sofort ausgeh\u00e4ndigt und kann seine Stimme vor Ort in der daf\u00fcr aufgestellten Wahlkabine abgegeben .<\/p><h3>Wer f\u00fcr Andere die Unterlagen abholen m\u00f6chte, ben\u00f6tigt eine Vollmacht<\/h3><p>Wer f\u00fcr jemanden anderes die Briefwahlunterlagen abholen m\u00f6chte, braucht eine Vollmacht. Dazu kann entweder der Vordruck auf der Wahlbenachrichtigungskarte oder eine formlose Vollmacht genutzt werden.\u00a0<\/p>\t\t\t\t\t\t<\/div>\n\t\t\t\t<\/div>\n\t\t\t\t\t<\/div>\n\t\t<\/div>\n\t\t\t\t<div class=\"elementor-column elementor-col-33 elementor-top-column elementor-element elementor-element-uferl75\" data-id=\"uferl75\" data-element_type=\"column\">\n\t\t\t<div class=\"elementor-widget-wrap elementor-element-populated\">\n\t\t\t\t\t\t<div class=\"elementor-element elementor-element-xuttsc2 elementor-widget elementor-widget-image\" data-id=\"xuttsc2\" data-element_type=\"widget\" data-widget_type=\"image.default\">\n\t\t\t\t<div class=\"elementor-widget-container\">\n\t\t\t\t\t\t\t\t\t\t\t\t\t\t<a href=\"http:\/\/www.region-schwabach.de\/wordpress\/werben-auf-region-schwabach\/\" target=\"_blank\">\n\t\t\t\t\t\t\t<img fetchpriority=\"high\" decoding=\"async\" width=\"300\" height=\"300\" src=\"https:\/\/www.region-schwabach.de\/wordpress\/wp-content\/uploads\/2017\/06\/werbung8-300x300.png\" class=\"attachment-medium size-medium wp-image-2484\" alt=\"\" srcset=\"https:\/\/www.region-schwabach.de\/wordpress\/wp-content\/uploads\/2017\/06\/werbung8-300x300.png 300w, https:\/\/www.region-schwabach.de\/wordpress\/wp-content\/uploads\/2017\/06\/werbung8-150x150.png 150w, https:\/\/www.region-schwabach.de\/wordpress\/wp-content\/uploads\/2017\/06\/werbung8-768x768.png 768w, https:\/\/www.region-schwabach.de\/wordpress\/wp-content\/uploads\/2017\/06\/werbung8-1024x1024.png 1024w, https:\/\/www.region-schwabach.de\/wordpress\/wp-content\/uploads\/2017\/06\/werbung8-600x600.png 600w, https:\/\/www.region-schwabach.de\/wordpress\/wp-content\/uploads\/2017\/06\/werbung8.png 1200w\" sizes=\"(max-width: 300px) 100vw, 300px\" \/>\t\t\t\t\t\t\t\t<\/a>\n\t\t\t\t\t\t\t\t\t\t\t\t\t<\/div>\n\t\t\t\t<\/div>\n\t\t\t\t\t<\/div>\n\t\t<\/div>\n\t\t\t\t\t<\/div>\n\t\t<\/section>\n\t\t\t\t<section class=\"elementor-section elementor-top-section elementor-element elementor-element-8qzukho elementor-section-boxed elementor-section-height-default elementor-section-height-default\" data-id=\"8qzukho\" data-element_type=\"section\">\n\t\t\t\t\t\t<div class=\"elementor-container elementor-column-gap-default\">\n\t\t\t\t\t<div class=\"elementor-column elementor-col-33 elementor-top-column elementor-element elementor-element-tolrthe\" data-id=\"tolrthe\" data-element_type=\"column\">\n\t\t\t<div class=\"elementor-widget-wrap elementor-element-populated\">\n\t\t\t\t\t\t<div class=\"elementor-element elementor-element-9g7p78n elementor-widget elementor-widget-heading\" data-id=\"9g7p78n\" data-element_type=\"widget\" data-widget_type=\"heading.default\">\n\t\t\t\t<div class=\"elementor-widget-container\">\n\t\t\t<h2 class=\"elementor-heading-title elementor-size-default\">Wahlamt<\/h2>\t\t<\/div>\n\t\t\t\t<\/div>\n\t\t\t\t<div class=\"elementor-element elementor-element-etlfwr4 elementor-widget elementor-widget-google_maps\" data-id=\"etlfwr4\" data-element_type=\"widget\" data-widget_type=\"google_maps.default\">\n\t\t\t\t<div class=\"elementor-widget-container\">\n\t\t\t\t\t<div class=\"elementor-custom-embed\">\n\t\t\t<iframe loading=\"lazy\"\n\t\t\t\t\tsrc=\"https:\/\/maps.google.com\/maps?q=Friedrich-Ebert-Stra%C3%9Fe%2023%2091126%20Schwabach&#038;t=m&#038;z=17&#038;output=embed&#038;iwloc=near\"\n\t\t\t\t\ttitle=\"Friedrich-Ebert-Stra\u00dfe 23 91126 Schwabach\"\n\t\t\t\t\taria-label=\"Friedrich-Ebert-Stra\u00dfe 23 91126 Schwabach\"\n\t\t\t><\/iframe>\n\t\t<\/div>\n\t\t\t\t<\/div>\n\t\t\t\t<\/div>\n\t\t\t\t\t<\/div>\n\t\t<\/div>\n\t\t\t\t<div class=\"elementor-column elementor-col-33 elementor-top-column elementor-element elementor-element-fc3721h\" data-id=\"fc3721h\" data-element_type=\"column\">\n\t\t\t<div class=\"elementor-widget-wrap elementor-element-populated\">\n\t\t\t\t\t\t<div class=\"elementor-element elementor-element-e521ji6 elementor-widget elementor-widget-heading\" data-id=\"e521ji6\" data-element_type=\"widget\" data-widget_type=\"heading.default\">\n\t\t\t\t<div class=\"elementor-widget-container\">\n\t\t\t<h2 class=\"elementor-heading-title elementor-size-default\">B\u00fcrgerb\u00fcro<\/h2>\t\t<\/div>\n\t\t\t\t<\/div>\n\t\t\t\t<div class=\"elementor-element elementor-element-6krkab6 elementor-widget elementor-widget-google_maps\" data-id=\"6krkab6\" data-element_type=\"widget\" data-widget_type=\"google_maps.default\">\n\t\t\t\t<div class=\"elementor-widget-container\">\n\t\t\t\t\t<div class=\"elementor-custom-embed\">\n\t\t\t<iframe loading=\"lazy\"\n\t\t\t\t\tsrc=\"https:\/\/maps.google.com\/maps?q=K%C3%B6nigsplatz%201%2091126%20Schwabach&#038;t=m&#038;z=17&#038;output=embed&#038;iwloc=near\"\n\t\t\t\t\ttitle=\"K\u00f6nigsplatz 1 91126 Schwabach\"\n\t\t\t\t\taria-label=\"K\u00f6nigsplatz 1 91126 Schwabach\"\n\t\t\t><\/iframe>\n\t\t<\/div>\n\t\t\t\t<\/div>\n\t\t\t\t<\/div>\n\t\t\t\t\t<\/div>\n\t\t<\/div>\n\t\t\t\t<div class=\"elementor-column elementor-col-33 elementor-top-column elementor-element elementor-element-nqlpt9a\" data-id=\"nqlpt9a\" data-element_type=\"column\">\n\t\t\t<div class=\"elementor-widget-wrap\">\n\t\t\t\t\t\t\t<\/div>\n\t\t<\/div>\n\t\t\t\t\t<\/div>\n\t\t<\/section>\n\t\t\t\t<\/div>\n\t\t","protected":false},"excerpt":{"rendered":"<div class=\"mh-excerpt\"><p>Unterlagen m\u00fcssen beantragt werden Wer am Wahltag &#8211; aus welchen Gr\u00fcnden auch immer &#8211; nicht die M\u00f6glichkeit hat im Wahllokal zu w\u00e4hlen, kann die Briefwahl nutzen, um an der Wahl teilzunehmen. Die dazu n\u00f6tigen Unterlagen <a class=\"mh-excerpt-more\" href=\"https:\/\/www.region-schwabach.de\/wordpress\/unterlagen-fuer-briefwahl-koennen-ab-sofort-beantragt-werden\/\" title=\"Unterlagen f\u00fcr Briefwahl k\u00f6nnen ab sofort beantragt werden\">[&#8230;]<\/a><\/p>\n<\/div>","protected":false},"author":1,"featured_media":0,"comment_status":"open","ping_status":"open","sticky":false,"template":"template-full.php","format":"image","meta":{"_cbd_carousel_blocks":"[]","footnotes":""},"categories":[16,61],"tags":[284,74,283,64,285],"class_list":{"0":"post-6934","1":"post","2":"type-post","3":"status-publish","4":"format-image","6":"category-aktuell","7":"category-rathaus","8":"tag-briefwahlunterlagen","9":"tag-buergerbuero","10":"tag-unterlagen","11":"tag-wahl","12":"tag-wahlamt","13":"post_format-post-format-image"},"_links":{"self":[{"href":"https:\/\/www.region-schwabach.de\/wordpress\/wp-json\/wp\/v2\/posts\/6934","targetHints":{"allow":["GET"]}}],"collection":[{"href":"https:\/\/www.region-schwabach.de\/wordpress\/wp-json\/wp\/v2\/posts"}],"about":[{"href":"https:\/\/www.region-schwabach.de\/wordpress\/wp-json\/wp\/v2\/types\/post"}],"author":[{"embeddable":true,"href":"https:\/\/www.region-schwabach.de\/wordpress\/wp-json\/wp\/v2\/users\/1"}],"replies":[{"embeddable":true,"href":"https:\/\/www.region-schwabach.de\/wordpress\/wp-json\/wp\/v2\/comments?post=6934"}],"version-history":[{"count":0,"href":"https:\/\/www.region-schwabach.de\/wordpress\/wp-json\/wp\/v2\/posts\/6934\/revisions"}],"wp:attachment":[{"href":"https:\/\/www.region-schwabach.de\/wordpress\/wp-json\/wp\/v2\/media?parent=6934"}],"wp:term":[{"taxonomy":"category","embeddable":true,"href":"https:\/\/www.region-schwabach.de\/wordpress\/wp-json\/wp\/v2\/categories?post=6934"},{"taxonomy":"post_tag","embeddable":true,"href":"https:\/\/www.region-schwabach.de\/wordpress\/wp-json\/wp\/v2\/tags?post=6934"}],"curies":[{"name":"wp","href":"https:\/\/api.w.org\/{rel}","templated":true}]}}