{"id":69342,"date":"2018-12-11T00:03:39","date_gmt":"2018-12-10T23:03:39","guid":{"rendered":"http:\/\/www.region-schwabach.de\/wordpress\/?p=69342"},"modified":"2018-12-10T21:52:09","modified_gmt":"2018-12-10T20:52:09","slug":"erste-schulung-fur-elterntalk-moderator-innen","status":"publish","type":"post","link":"https:\/\/www.region-schwabach.de\/wordpress\/erste-schulung-fur-elterntalk-moderator-innen\/","title":{"rendered":"Erste Schulung f\u00fcr Elterntalk Moderator\/Innen"},"content":{"rendered":"\t\t<div data-elementor-type=\"wp-post\" data-elementor-id=\"69342\" class=\"elementor elementor-69342 elementor-bc-flex-widget\">\n\t\t\t\t\t\t<section class=\"elementor-section elementor-top-section elementor-element elementor-element-678181b elementor-section-boxed elementor-section-height-default elementor-section-height-default\" data-id=\"678181b\" data-element_type=\"section\">\n\t\t\t\t\t\t<div class=\"elementor-container elementor-column-gap-default\">\n\t\t\t\t\t<div class=\"elementor-column elementor-col-66 elementor-top-column elementor-element elementor-element-6b34026\" data-id=\"6b34026\" data-element_type=\"column\">\n\t\t\t<div class=\"elementor-widget-wrap elementor-element-populated\">\n\t\t\t\t\t\t<div class=\"elementor-element elementor-element-3b20757 elementor-widget elementor-widget-wp-widget-advads_ad_widget\" data-id=\"3b20757\" data-element_type=\"widget\" data-widget_type=\"wp-widget-advads_ad_widget.default\">\n\t\t\t\t<div class=\"elementor-widget-container\">\n\t\t\t<div id=\"regio-4289665077\"><div class=\"regio-adlabel\">Werbung<\/div><!-- Beginn https:\/\/www.financeads.net\/-Code --><a href=\"https:\/\/www.financeads.net\/tc.php?t=36648C19118058B\" target=\"_blank\"><img fetchpriority=\"high\" decoding=\"async\" src=\"https:\/\/www.financeads.net\/tb.php?t=36648V19118058B&https=1\" alt=\"\" border=\"0\" width=\"728\" height=\"90\"><\/a><!-- Ende https:\/\/www.financeads.net\/-Code --><\/div>\t\t<\/div>\n\t\t\t\t<\/div>\n\t\t\t\t<div class=\"elementor-element elementor-element-443ab98 elementor-widget elementor-widget-text-editor\" data-id=\"443ab98\" data-element_type=\"widget\" data-widget_type=\"text-editor.default\">\n\t\t\t\t<div class=\"elementor-widget-container\">\n\t\t\t\t\t\t\t<h3>Eltern im Gespr\u00e4ch:<br \/>Austausch u.a. zu den Themen Medien und Konsum<\/h3><p><span style=\"font-size: 12pt;\">Schwabach &#8211; Das Projekt Elterntalk richtet sich in erster Linie an Eltern mit Kindern bis einschlie\u00dflich\u00a014 Jahren,\u00a0die sich\u00a0bei gemeinsamen\u00a0Gespr\u00e4chsrunden\u00a0\u00fcber Themen austauschen wollen, die bei der Erziehung von Jugendliche auftreten, wobei die Themenbereiche\u00a0Medien\u00a0und\u00a0Konsum im Vordergrund stehen. Aber auch\u00a0\u00fcber allgemeine Themen im Bereich Erziehung k\u00f6nnen &#8222;getalkt&#8220; werden.<\/span><\/p><p><span style=\"font-size: 12pt;\">Bei Elterntalk handelt es sich jedoch nicht um einen fachlichen Vortragsmonolog, vielmehr liegt das Hauptaugenmerk auf dem\u00a0Erfahrungsaustausch\u00a0der Eltern, die gemeinsam L\u00f6sungen finden sollen.<\/span><\/p><h3>Erste Schulung f\u00fcr Elterntalk-Moderator\/Innen hat stattgefunden<\/h3><p><span style=\"font-size: 12pt;\">Im B\u00fcro der Regionalbeauftragten Carola Beck hat das erste Seminar stattgefunden.<\/span><br \/><span style=\"font-size: 12pt;\">Carola Beck und die ersten Moderato\/Innen freuen sich, mit weiteren interessierten Eltern in Kontakt zu kommen.<\/span><\/p><h3>Infos:<\/h3><p><span style=\"font-size: 12pt;\">N\u00e4here Informationen erh\u00e4lt man bei Sozialp\u00e4dagogin Carola Beck vom Amt f\u00fcr Jugend und Familie Schwabach unter Telefon 0175 1932224 oder per E-Mail: <a href=\"mailto:carola.beck@schwabach.de\" target=\"_blank\" rel=\"noopener\">carola.beck@schwabach.de<\/a><\/span><\/p><h3>Weiterf\u00fchrende Links:<\/h3><p><span style=\"font-size: 12pt;\"><a href=\"https:\/\/stmartin-schwabach.de\/familien-zentrum\" target=\"_blank\" rel=\"noopener\">Mehr Informationen zum Familienzentrum MatZe finden Sie hier &#8230;<\/a><\/span><\/p><p><span style=\"font-size: 12pt;\"><a href=\"https:\/\/www.region-schwabach.de\/wordpress\/informationsveranstaltung-elterntalk-am-16-oktober-2018\/\" target=\"_blank\" rel=\"noopener\">Den Beitrag zur Informationsveranstaltung Elterntalk vom Oktober finden Sie hier &#8230;<\/a><\/span><\/p>\t\t\t\t\t\t<\/div>\n\t\t\t\t<\/div>\n\t\t\t\t<div class=\"elementor-element elementor-element-21c3450 elementor-widget-divider--view-line elementor-widget elementor-widget-divider\" data-id=\"21c3450\" data-element_type=\"widget\" data-widget_type=\"divider.default\">\n\t\t\t\t<div class=\"elementor-widget-container\">\n\t\t\t\t\t<div class=\"elementor-divider\">\n\t\t\t<span class=\"elementor-divider-separator\">\n\t\t\t\t\t\t<\/span>\n\t\t<\/div>\n\t\t\t\t<\/div>\n\t\t\t\t<\/div>\n\t\t\t\t<div class=\"elementor-element elementor-element-f4c690c elementor-widget elementor-widget-google_maps\" data-id=\"f4c690c\" data-element_type=\"widget\" data-widget_type=\"google_maps.default\">\n\t\t\t\t<div class=\"elementor-widget-container\">\n\t\t\t\t\t<div class=\"elementor-custom-embed\">\n\t\t\t<iframe loading=\"lazy\"\n\t\t\t\t\tsrc=\"https:\/\/maps.google.com\/maps?q=Wilhelm-D%C3%BCmmler-Stra%C3%9Fe%20116b%2C%20Schwabach%2C%20Deutschland&#038;t=m&#038;z=17&#038;output=embed&#038;iwloc=near\"\n\t\t\t\t\ttitle=\"Wilhelm-D\u00fcmmler-Stra\u00dfe 116b, Schwabach, Deutschland\"\n\t\t\t\t\taria-label=\"Wilhelm-D\u00fcmmler-Stra\u00dfe 116b, Schwabach, Deutschland\"\n\t\t\t><\/iframe>\n\t\t<\/div>\n\t\t\t\t<\/div>\n\t\t\t\t<\/div>\n\t\t\t\t\t<\/div>\n\t\t<\/div>\n\t\t\t\t<div class=\"elementor-column elementor-col-33 elementor-top-column elementor-element elementor-element-f645137\" data-id=\"f645137\" data-element_type=\"column\">\n\t\t\t<div class=\"elementor-widget-wrap elementor-element-populated\">\n\t\t\t\t\t\t<div class=\"elementor-element elementor-element-f4e12aa elementor-widget elementor-widget-wp-widget-advads_ad_widget\" data-id=\"f4e12aa\" data-element_type=\"widget\" data-widget_type=\"wp-widget-advads_ad_widget.default\">\n\t\t\t\t<div class=\"elementor-widget-container\">\n\t\t\t<div id=\"regio-1988701333\"><div class=\"regio-adlabel\">Werbung<\/div><div id=\"regio-3237563191\"><!-- Beginn https:\/\/www.financeads.net\/-Code --><a href=\"https:\/\/www.financeads.net\/tc.php?t=36648C271460142B\" target=\"_blank\"><img decoding=\"async\" src=\"https:\/\/www.financeads.net\/tb.php?t=36648V271460142B&https=1\" alt=\"PETPROTECT_Hund&Katze_Banner\" border=\"0\" width=\"250\" height=\"250\"><\/a><!-- Ende https:\/\/www.financeads.net\/-Code --><\/div><div id=\"regio-2932447240\"><!-- Beginn https:\/\/www.financeads.net\/-Code --><a href=\"https:\/\/www.financeads.net\/tc.php?t=36648C236142529B\" target=\"_blank\"><img decoding=\"async\" src=\"https:\/\/www.financeads.net\/tb.php?t=36648V236142529B&https=1\" alt=\"\" border=\"0\" width=\"300\" height=\"250\"><\/a><!-- Ende https:\/\/www.financeads.net\/-Code --><\/div><div id=\"regio-1338460389\"><!-- Beginn https:\/\/www.financeads.net\/-Code --><a href=\"https:\/\/www.financeads.net\/tc.php?t=36648C205040072B\" target=\"_blank\"><img loading=\"lazy\" decoding=\"async\" src=\"https:\/\/www.financeads.net\/tb.php?t=36648V205040072B&https=1\" alt=\"\" border=\"0\" width=\"300\" height=\"250\"><\/a><!-- Ende https:\/\/www.financeads.net\/-Code --><\/div><div id=\"regio-3013432899\"><!-- Beginn https:\/\/www.financeads.net\/-Code --><a href=\"https:\/\/www.financeads.net\/tc.php?t=36648C42614510B\" target=\"_blank\"><img loading=\"lazy\" decoding=\"async\" src=\"https:\/\/www.financeads.net\/tb.php?t=36648V42614510B&https=1\" alt=\"\" border=\"0\" width=\"200\" height=\"300\"><\/a><!-- Ende https:\/\/www.financeads.net\/-Code --><\/div><\/div>\t\t<\/div>\n\t\t\t\t<\/div>\n\t\t\t\t\t<\/div>\n\t\t<\/div>\n\t\t\t\t\t<\/div>\n\t\t<\/section>\n\t\t\t\t<\/div>\n\t\t","protected":false},"excerpt":{"rendered":"<div class=\"mh-excerpt\"><p>Eltern im Gespr\u00e4ch: Austausch u.a. zu den Themen Medien und Konsum Schwabach &#8211; Das Projekt Elterntalk richtet sich in erster Linie an Eltern mit Kindern bis einschlie\u00dflich&nbsp;14 Jahren,&nbsp;die sich&nbsp;bei gemeinsamen&nbsp;Gespr\u00e4chsrunden&nbsp;\u00fcber Themen austauschen wollen, die bei <a class=\"mh-excerpt-more\" href=\"https:\/\/www.region-schwabach.de\/wordpress\/erste-schulung-fur-elterntalk-moderator-innen\/\" title=\"Erste Schulung f\u00fcr Elterntalk Moderator\/Innen\">[&#8230;]<\/a><\/p>\n<\/div>","protected":false},"author":1,"featured_media":59769,"comment_status":"open","ping_status":"open","sticky":false,"template":"","format":"standard","meta":{"_cbd_carousel_blocks":"[]","footnotes":""},"categories":[16,287,61,231,46],"tags":[6344,6345,6347,3375,1480,19,6346,4268],"class_list":{"0":"post-69342","1":"post","2":"type-post","3":"status-publish","4":"format-standard","5":"has-post-thumbnail","7":"category-aktuell","8":"category-jugend-und-familie","9":"category-rathaus","10":"category-veranstaltungsnews","11":"category-verbaende","12":"tag-elterntalk","13":"tag-familienzentrum-matze","14":"tag-konsum","15":"tag-medien","16":"tag-rathaus","17":"tag-schwabach","18":"tag-taschengeld","19":"tag-wilhelm-duemmler-strasse"},"_links":{"self":[{"href":"https:\/\/www.region-schwabach.de\/wordpress\/wp-json\/wp\/v2\/posts\/69342","targetHints":{"allow":["GET"]}}],"collection":[{"href":"https:\/\/www.region-schwabach.de\/wordpress\/wp-json\/wp\/v2\/posts"}],"about":[{"href":"https:\/\/www.region-schwabach.de\/wordpress\/wp-json\/wp\/v2\/types\/post"}],"author":[{"embeddable":true,"href":"https:\/\/www.region-schwabach.de\/wordpress\/wp-json\/wp\/v2\/users\/1"}],"replies":[{"embeddable":true,"href":"https:\/\/www.region-schwabach.de\/wordpress\/wp-json\/wp\/v2\/comments?post=69342"}],"version-history":[{"count":0,"href":"https:\/\/www.region-schwabach.de\/wordpress\/wp-json\/wp\/v2\/posts\/69342\/revisions"}],"wp:featuredmedia":[{"embeddable":true,"href":"https:\/\/www.region-schwabach.de\/wordpress\/wp-json\/wp\/v2\/media\/59769"}],"wp:attachment":[{"href":"https:\/\/www.region-schwabach.de\/wordpress\/wp-json\/wp\/v2\/media?parent=69342"}],"wp:term":[{"taxonomy":"category","embeddable":true,"href":"https:\/\/www.region-schwabach.de\/wordpress\/wp-json\/wp\/v2\/categories?post=69342"},{"taxonomy":"post_tag","embeddable":true,"href":"https:\/\/www.region-schwabach.de\/wordpress\/wp-json\/wp\/v2\/tags?post=69342"}],"curies":[{"name":"wp","href":"https:\/\/api.w.org\/{rel}","templated":true}]}}