{"id":69383,"date":"2018-12-11T00:02:09","date_gmt":"2018-12-10T23:02:09","guid":{"rendered":"http:\/\/www.region-schwabach.de\/wordpress\/?p=69383"},"modified":"2018-12-10T21:52:01","modified_gmt":"2018-12-10T20:52:01","slug":"christbaumverkauf-auf-dem-martin-luther-platz","status":"publish","type":"post","link":"https:\/\/www.region-schwabach.de\/wordpress\/christbaumverkauf-auf-dem-martin-luther-platz\/","title":{"rendered":"Christbaumverkauf auf dem Martin-Luther-Platz"},"content":{"rendered":"\t\t<div data-elementor-type=\"wp-post\" data-elementor-id=\"69383\" class=\"elementor elementor-69383 elementor-bc-flex-widget\">\n\t\t\t\t\t\t<section class=\"elementor-section elementor-top-section elementor-element elementor-element-678181b elementor-section-boxed elementor-section-height-default elementor-section-height-default\" data-id=\"678181b\" data-element_type=\"section\">\n\t\t\t\t\t\t<div class=\"elementor-container elementor-column-gap-default\">\n\t\t\t\t\t<div class=\"elementor-column elementor-col-66 elementor-top-column elementor-element elementor-element-6b34026\" data-id=\"6b34026\" data-element_type=\"column\">\n\t\t\t<div class=\"elementor-widget-wrap elementor-element-populated\">\n\t\t\t\t\t\t<div class=\"elementor-element elementor-element-4f702e7 elementor-widget elementor-widget-wp-widget-advads_ad_widget\" data-id=\"4f702e7\" data-element_type=\"widget\" data-widget_type=\"wp-widget-advads_ad_widget.default\">\n\t\t\t\t<div class=\"elementor-widget-container\">\n\t\t\t<div id=\"regio-3104321595\"><div class=\"regio-adlabel\">Werbung<\/div><!-- Beginn https:\/\/www.financeads.net\/-Code --><a href=\"https:\/\/www.financeads.net\/tc.php?t=36648C19118058B\" target=\"_blank\"><img fetchpriority=\"high\" decoding=\"async\" src=\"https:\/\/www.financeads.net\/tb.php?t=36648V19118058B&https=1\" alt=\"\" border=\"0\" width=\"728\" height=\"90\"><\/a><!-- Ende https:\/\/www.financeads.net\/-Code --><\/div>\t\t<\/div>\n\t\t\t\t<\/div>\n\t\t\t\t<div class=\"elementor-element elementor-element-443ab98 elementor-widget elementor-widget-text-editor\" data-id=\"443ab98\" data-element_type=\"widget\" data-widget_type=\"text-editor.default\">\n\t\t\t\t<div class=\"elementor-widget-container\">\n\t\t\t\t\t\t\t<h3 class=\"entry-title\">Christbaum-Verkauf auf dem Martin-Luther-Platz<br \/>8. Dezember bis 21. Dezember 2018<\/h3><p><span style=\"font-size: 12pt;\">Schwabach &#8211; Von Samstag, den 8. Dezember 2018, bis Freitag, den 21. Dezember 2018, veranstaltet die Stadt Schwabach am Martin-Luther-Platz in Schwabach einen Christbaummarkt, wo Christb\u00e4ume verschiedener Art und Gr\u00f6\u00dfe erworben werden k\u00f6nnen. Angeboten werden Edelgeh\u00f6lze, wie Nordmanntanne, Blaufichte oder Koreatanne, in verschiedenen Gr\u00f6\u00dfen und Formen.<\/span><\/p><h3>Bis 21. Dezember 2018 t\u00e4glich ge\u00f6ffnet<\/h3><p><span style=\"font-size: 12pt;\">Vom 8. bis 21. Dezember2018, t\u00e4glich von 10 bis 18 Uhr und sonntags von 11 bis 16 Uhr, verkauft und verpackt ihnen die Firma Hubert Teich ihren Wunsch-Christbaum aus Deutschland und D\u00e4nemark transportgerecht. <\/span><\/p><h3>Aktionsbaumbereich<\/h3><p><span style=\"font-size: 12pt;\">Eingerichtet ist auch ein Aktionsbaumbereich, wo Christb\u00e4ume mit einer H\u00f6he bis 2,50 Meter zu einem Preis von unter 20 Euro angeboten werden.<\/span><\/p><h3>Verkaufszeiten:<\/h3><table style=\"border-collapse: collapse; width: 100%;\" border=\"1\"><tbody><tr><td style=\"width: 50%;\"><span style=\"font-size: 12pt;\">Montag<\/span><\/td><td style=\"width: 50%;\"><span style=\"font-size: 12pt;\">10.00 Uhr &#8211; 18.00 Uhr<\/span><\/td><\/tr><tr><td style=\"width: 50%;\"><span style=\"font-size: 12pt;\">Dienstag<\/span><\/td><td style=\"width: 50%;\"><span style=\"font-size: 12pt;\">10.00 Uhr &#8211; 18.00 Uhr<\/span><\/td><\/tr><tr><td style=\"width: 50%;\"><span style=\"font-size: 12pt;\">Mittwoch<\/span><\/td><td style=\"width: 50%;\"><span style=\"font-size: 12pt;\">10.00 Uhr &#8211; 18.00 Uhr<\/span><\/td><\/tr><tr><td style=\"width: 50%;\"><span style=\"font-size: 12pt;\">Donnerstag<\/span><\/td><td style=\"width: 50%;\"><span style=\"font-size: 12pt;\">10.00 Uhr &#8211; 18.00 Uhr<\/span><\/td><\/tr><tr><td style=\"width: 50%;\"><span style=\"font-size: 12pt;\">Freitag<\/span><\/td><td style=\"width: 50%;\"><span style=\"font-size: 12pt;\">10.00 Uhr &#8211; 18.00 Uhr<\/span><\/td><\/tr><tr><td style=\"width: 50%;\"><span style=\"font-size: 12pt;\">Samstag<\/span><\/td><td style=\"width: 50%;\"><span style=\"font-size: 12pt;\">10.00 Uhr &#8211; 18.00 Uhr<\/span><\/td><\/tr><tr><td style=\"width: 50%;\"><span style=\"font-size: 12pt;\">Sonntag<\/span><\/td><td style=\"width: 50%;\"><span style=\"font-size: 12pt;\">11.00 Uhr &#8211; 16.00 Uhr<\/span><\/td><\/tr><\/tbody><\/table><h3>Weiterf\u00fchrende Links:<\/h3><p><span style=\"font-size: 12pt;\"><a href=\"https:\/\/www.schwabach.de\/de\/stadtverwaltung\/referat-2-recht-soziales-und-umwelt\/526-ordnungsamt\/einrichtungen-und-sachgebiete\/gewerbeangelegenheiten\/maerkte-und-veranstaltungen\/7152-christbaummarkt.html\" target=\"_blank\" rel=\"noopener\">Weitere Informationen zum Christbaummarkt der Stadt Schwabach gibt es hier &#8230;<\/a><\/span><\/p>\t\t\t\t\t\t<\/div>\n\t\t\t\t<\/div>\n\t\t\t\t<section class=\"elementor-section elementor-inner-section elementor-element elementor-element-f369d73 elementor-section-boxed elementor-section-height-default elementor-section-height-default\" data-id=\"f369d73\" data-element_type=\"section\">\n\t\t\t\t\t\t<div class=\"elementor-container elementor-column-gap-default\">\n\t\t\t\t\t<div class=\"elementor-column elementor-col-100 elementor-inner-column elementor-element elementor-element-455a602\" data-id=\"455a602\" data-element_type=\"column\">\n\t\t\t<div class=\"elementor-widget-wrap elementor-element-populated\">\n\t\t\t\t\t\t<div class=\"elementor-element elementor-element-d89f355 elementor-widget elementor-widget-html\" data-id=\"d89f355\" data-element_type=\"widget\" data-widget_type=\"html.default\">\n\t\t\t\t<div class=\"elementor-widget-container\">\n\t\t\t<iframe style=\"width:120px;height:240px;\" marginwidth=\"0\" marginheight=\"0\" scrolling=\"no\" frameborder=\"0\" src=\"\/\/ws-eu.amazon-adsystem.com\/widgets\/q?ServiceVersion=20070822&OneJS=1&Operation=GetAdHtml&MarketPlace=DE&source=ac&ref=qf_sp_asin_til&ad_type=product_link&tracking_id=hlde-21&marketplace=amazon&region=DE&placement=B009W31G36&asins=B009W31G36&linkId=d2040f31bc4bf4a10ffb55c983e69a24&show_border=true&link_opens_in_new_window=true&price_color=333333&title_color=0066c0&bg_color=ffffff\"><\/iframe>\n<iframe style=\"width:120px;height:240px;\" marginwidth=\"0\" marginheight=\"0\" scrolling=\"no\" frameborder=\"0\" src=\"\/\/ws-eu.amazon-adsystem.com\/widgets\/q?ServiceVersion=20070822&OneJS=1&Operation=GetAdHtml&MarketPlace=DE&source=ac&ref=qf_sp_asin_til&ad_type=product_link&tracking_id=hlde-21&marketplace=amazon&region=DE&placement=B00OLZ88HW&asins=B00OLZ88HW&linkId=67b53c18afc3acdbfce4f66691453237&show_border=true&link_opens_in_new_window=true&price_color=333333&title_color=0066c0&bg_color=ffffff\"><\/iframe>\n<iframe style=\"width:120px;height:240px;\" marginwidth=\"0\" marginheight=\"0\" scrolling=\"no\" frameborder=\"0\" src=\"\/\/ws-eu.amazon-adsystem.com\/widgets\/q?ServiceVersion=20070822&OneJS=1&Operation=GetAdHtml&MarketPlace=DE&source=ac&ref=qf_sp_asin_til&ad_type=product_link&tracking_id=hlde-21&marketplace=amazon&region=DE&placement=B074PVT5HF&asins=B074PVT5HF&linkId=921339621b502be36c0e7193fa7c95cf&show_border=true&link_opens_in_new_window=true&price_color=333333&title_color=0066c0&bg_color=ffffff\"><\/iframe>\n<iframe style=\"width:120px;height:240px;\" marginwidth=\"0\" marginheight=\"0\" scrolling=\"no\" frameborder=\"0\" src=\"\/\/ws-eu.amazon-adsystem.com\/widgets\/q?ServiceVersion=20070822&OneJS=1&Operation=GetAdHtml&MarketPlace=DE&source=ac&ref=qf_sp_asin_til&ad_type=product_link&tracking_id=hlde-21&marketplace=amazon&region=DE&placement=B07H8SFNFX&asins=B07H8SFNFX&linkId=255cbcfb7e2a41153358f56eb24715de&show_border=true&link_opens_in_new_window=true&price_color=333333&title_color=0066c0&bg_color=ffffff\"><\/iframe>\t\t<\/div>\n\t\t\t\t<\/div>\n\t\t\t\t\t<\/div>\n\t\t<\/div>\n\t\t\t\t\t<\/div>\n\t\t<\/section>\n\t\t\t\t<div class=\"elementor-element elementor-element-0c834d7 elementor-widget-divider--view-line elementor-widget elementor-widget-divider\" data-id=\"0c834d7\" data-element_type=\"widget\" data-widget_type=\"divider.default\">\n\t\t\t\t<div class=\"elementor-widget-container\">\n\t\t\t\t\t<div class=\"elementor-divider\">\n\t\t\t<span class=\"elementor-divider-separator\">\n\t\t\t\t\t\t<\/span>\n\t\t<\/div>\n\t\t\t\t<\/div>\n\t\t\t\t<\/div>\n\t\t\t\t<div class=\"elementor-element elementor-element-325f51f elementor-widget elementor-widget-google_maps\" data-id=\"325f51f\" data-element_type=\"widget\" data-widget_type=\"google_maps.default\">\n\t\t\t\t<div class=\"elementor-widget-container\">\n\t\t\t\t\t<div class=\"elementor-custom-embed\">\n\t\t\t<iframe loading=\"lazy\"\n\t\t\t\t\tsrc=\"https:\/\/maps.google.com\/maps?q=Martin-Luther-Platz%2C%20Schwabach%2C%20Deutschland&#038;t=m&#038;z=18&#038;output=embed&#038;iwloc=near\"\n\t\t\t\t\ttitle=\"Martin-Luther-Platz, Schwabach, Deutschland\"\n\t\t\t\t\taria-label=\"Martin-Luther-Platz, Schwabach, Deutschland\"\n\t\t\t><\/iframe>\n\t\t<\/div>\n\t\t\t\t<\/div>\n\t\t\t\t<\/div>\n\t\t\t\t\t<\/div>\n\t\t<\/div>\n\t\t\t\t<div class=\"elementor-column elementor-col-33 elementor-top-column elementor-element elementor-element-f645137\" data-id=\"f645137\" data-element_type=\"column\">\n\t\t\t<div class=\"elementor-widget-wrap elementor-element-populated\">\n\t\t\t\t\t\t<div class=\"elementor-element elementor-element-23c249f elementor-widget elementor-widget-wp-widget-advads_ad_widget\" data-id=\"23c249f\" data-element_type=\"widget\" data-widget_type=\"wp-widget-advads_ad_widget.default\">\n\t\t\t\t<div class=\"elementor-widget-container\">\n\t\t\t<div id=\"regio-631068000\"><div class=\"regio-adlabel\">Werbung<\/div><div id=\"regio-3233238434\"><!-- Beginn https:\/\/www.financeads.net\/-Code --><a href=\"https:\/\/www.financeads.net\/tc.php?t=36648C271460142B\" target=\"_blank\"><img decoding=\"async\" src=\"https:\/\/www.financeads.net\/tb.php?t=36648V271460142B&https=1\" alt=\"PETPROTECT_Hund&Katze_Banner\" border=\"0\" width=\"250\" height=\"250\"><\/a><!-- Ende https:\/\/www.financeads.net\/-Code --><\/div><div id=\"regio-56639990\"><!-- Beginn https:\/\/www.financeads.net\/-Code --><a href=\"https:\/\/www.financeads.net\/tc.php?t=36648C236142529B\" target=\"_blank\"><img decoding=\"async\" src=\"https:\/\/www.financeads.net\/tb.php?t=36648V236142529B&https=1\" alt=\"\" border=\"0\" width=\"300\" height=\"250\"><\/a><!-- Ende https:\/\/www.financeads.net\/-Code --><\/div><div id=\"regio-1258143932\"><!-- Beginn https:\/\/www.financeads.net\/-Code --><a href=\"https:\/\/www.financeads.net\/tc.php?t=36648C205040072B\" target=\"_blank\"><img loading=\"lazy\" decoding=\"async\" src=\"https:\/\/www.financeads.net\/tb.php?t=36648V205040072B&https=1\" alt=\"\" border=\"0\" width=\"300\" height=\"250\"><\/a><!-- Ende https:\/\/www.financeads.net\/-Code --><\/div><div id=\"regio-706310329\"><!-- Beginn https:\/\/www.financeads.net\/-Code --><a href=\"https:\/\/www.financeads.net\/tc.php?t=36648C42614510B\" target=\"_blank\"><img loading=\"lazy\" decoding=\"async\" src=\"https:\/\/www.financeads.net\/tb.php?t=36648V42614510B&https=1\" alt=\"\" border=\"0\" width=\"200\" height=\"300\"><\/a><!-- Ende https:\/\/www.financeads.net\/-Code --><\/div><\/div>\t\t<\/div>\n\t\t\t\t<\/div>\n\t\t\t\t\t<\/div>\n\t\t<\/div>\n\t\t\t\t\t<\/div>\n\t\t<\/section>\n\t\t\t\t<\/div>\n\t\t","protected":false},"excerpt":{"rendered":"<div class=\"mh-excerpt\"><p>Christbaum-Verkauf auf dem Martin-Luther-Platz8. Dezember bis 21. Dezember 2018 Schwabach &#8211; Von Samstag, den 8. Dezember 2018, bis Freitag, den 21. Dezember 2018, veranstaltet die Stadt Schwabach am Martin-Luther-Platz in Schwabach einen Christbaummarkt, wo Christb\u00e4ume <a class=\"mh-excerpt-more\" href=\"https:\/\/www.region-schwabach.de\/wordpress\/christbaumverkauf-auf-dem-martin-luther-platz\/\" title=\"Christbaumverkauf auf dem Martin-Luther-Platz\">[&#8230;]<\/a><\/p>\n<\/div>","protected":false},"author":1,"featured_media":69384,"comment_status":"open","ping_status":"open","sticky":false,"template":"","format":"standard","meta":{"_cbd_carousel_blocks":"[]","footnotes":""},"categories":[16,78,287,61,3967],"tags":[7329,7333,7331,7328,7327,7332,523,7330,19,3151,6571],"class_list":{"0":"post-69383","1":"post","2":"type-post","3":"status-publish","4":"format-standard","5":"has-post-thumbnail","7":"category-aktuell","8":"category-handel-und-wirtschaft","9":"category-jugend-und-familie","10":"category-rathaus","11":"category-unternehmen","12":"tag-8-dezember-bis-21-dezember-2018","13":"tag-aktionsbaumbereich","14":"tag-blaufichte","15":"tag-christbaum","16":"tag-christbaumverkauf","17":"tag-koreatanne","18":"tag-martin-luther-platz","19":"tag-nordmanntanne","20":"tag-schwabach","21":"tag-stadt-schwabach","22":"tag-verkauf"},"_links":{"self":[{"href":"https:\/\/www.region-schwabach.de\/wordpress\/wp-json\/wp\/v2\/posts\/69383","targetHints":{"allow":["GET"]}}],"collection":[{"href":"https:\/\/www.region-schwabach.de\/wordpress\/wp-json\/wp\/v2\/posts"}],"about":[{"href":"https:\/\/www.region-schwabach.de\/wordpress\/wp-json\/wp\/v2\/types\/post"}],"author":[{"embeddable":true,"href":"https:\/\/www.region-schwabach.de\/wordpress\/wp-json\/wp\/v2\/users\/1"}],"replies":[{"embeddable":true,"href":"https:\/\/www.region-schwabach.de\/wordpress\/wp-json\/wp\/v2\/comments?post=69383"}],"version-history":[{"count":0,"href":"https:\/\/www.region-schwabach.de\/wordpress\/wp-json\/wp\/v2\/posts\/69383\/revisions"}],"wp:featuredmedia":[{"embeddable":true,"href":"https:\/\/www.region-schwabach.de\/wordpress\/wp-json\/wp\/v2\/media\/69384"}],"wp:attachment":[{"href":"https:\/\/www.region-schwabach.de\/wordpress\/wp-json\/wp\/v2\/media?parent=69383"}],"wp:term":[{"taxonomy":"category","embeddable":true,"href":"https:\/\/www.region-schwabach.de\/wordpress\/wp-json\/wp\/v2\/categories?post=69383"},{"taxonomy":"post_tag","embeddable":true,"href":"https:\/\/www.region-schwabach.de\/wordpress\/wp-json\/wp\/v2\/tags?post=69383"}],"curies":[{"name":"wp","href":"https:\/\/api.w.org\/{rel}","templated":true}]}}