{"id":69419,"date":"2019-03-03T00:02:27","date_gmt":"2019-03-02T23:02:27","guid":{"rendered":"http:\/\/www.region-schwabach.de\/wordpress\/?p=69419"},"modified":"2019-03-02T23:07:26","modified_gmt":"2019-03-02T22:07:26","slug":"andreas-kopp-im-bauch-des-walfisch","status":"publish","type":"post","link":"https:\/\/www.region-schwabach.de\/wordpress\/andreas-kopp-im-bauch-des-walfisch\/","title":{"rendered":"Andreas Kopp \u2013 Im Bauch des Walfisch"},"content":{"rendered":"\t\t<div data-elementor-type=\"wp-post\" data-elementor-id=\"69419\" class=\"elementor elementor-69419 elementor-bc-flex-widget\">\n\t\t\t\t\t\t<section class=\"elementor-section elementor-top-section elementor-element elementor-element-678181b elementor-section-boxed elementor-section-height-default elementor-section-height-default\" data-id=\"678181b\" data-element_type=\"section\">\n\t\t\t\t\t\t<div class=\"elementor-container elementor-column-gap-default\">\n\t\t\t\t\t<div class=\"elementor-column elementor-col-66 elementor-top-column elementor-element elementor-element-6b34026\" data-id=\"6b34026\" data-element_type=\"column\">\n\t\t\t<div class=\"elementor-widget-wrap elementor-element-populated\">\n\t\t\t\t\t\t<div class=\"elementor-element elementor-element-15a5ce5 elementor-widget elementor-widget-wp-widget-advads_ad_widget\" data-id=\"15a5ce5\" data-element_type=\"widget\" data-widget_type=\"wp-widget-advads_ad_widget.default\">\n\t\t\t\t<div class=\"elementor-widget-container\">\n\t\t\t<div id=\"regio-2517820587\"><div class=\"regio-adlabel\">Werbung<\/div><!-- Beginn https:\/\/www.financeads.net\/-Code --><a href=\"https:\/\/www.financeads.net\/tc.php?t=36648C19118058B\" target=\"_blank\"><img fetchpriority=\"high\" decoding=\"async\" src=\"https:\/\/www.financeads.net\/tb.php?t=36648V19118058B&https=1\" alt=\"\" border=\"0\" width=\"728\" height=\"90\"><\/a><!-- Ende https:\/\/www.financeads.net\/-Code --><\/div>\t\t<\/div>\n\t\t\t\t<\/div>\n\t\t\t\t<div class=\"elementor-element elementor-element-443ab98 elementor-widget elementor-widget-text-editor\" data-id=\"443ab98\" data-element_type=\"widget\" data-widget_type=\"text-editor.default\">\n\t\t\t\t<div class=\"elementor-widget-container\">\n\t\t\t\t\t\t\t<h3 class=\"entry-title\">Vom 16. Dezember 2018 bis 3. M\u00e4rz 2019<br \/>Sonderausstellung &#8222;Andreas Kopp \u2013 Im Bauch des Walfisch&#8220; im Stadtmuseum Schwabach<\/h3><p><span style=\"font-size: 12pt;\">Schwabach &#8211; Von Sonntag, den 16.12.2018, bis Sonntag, den 03.03.2019, findet im Stadtmuseum in Schwabach die Sonderausstellung &#8222;Andreas Kopp &#8211; Im Bauch des Walfisch&#8220; statt.<\/span><\/p><p><span style=\"font-size: 12pt;\">Was mag uns wohl erscheinen, w\u00fcrden wir uns pl\u00f6tzlich in der dunklen Schattenwelt eines Walfischbauches wiederfinden? Wor\u00fcber reflektieren wir, an wen erinnern wir uns, welche willk\u00fcrlichen Bilder, welche Tr\u00e4ume, Hoffnungen, \u00c4ngste dr\u00e4ngen sich uns auf?<\/span><\/p><p><span style=\"font-size: 12pt;\">Das sind Fragen, denen Andreas Kopp in der eigens f\u00fcr das Stadtmuseum Schwabach konzipierten Ausstellung \u201eIm Bauch des Walfisch\u201c nachsp\u00fcrt. Die biblische Erz\u00e4hlung von Jona und dem Wal dient dabei als die Klammer, innerhalb derer sich K\u00fcnstler und Betrachter der Ausstellung \u00fcberblenden; k\u00f6nnen sich doch beide gleicherma\u00dfen in der Person des fl\u00fcchtigen Jona wiederfinden: Ein Mensch, ein Fl\u00fcchtiger, der mit Autorit\u00e4ten hadert und sich zugleich der Verantwortung zu entziehen sucht, voller \u00e4ngstlichem Eigensinn und Hochmut, doch nur schwer zu Einsicht oder gar Umkehr zu bewegen, und sich in der Abgeschiedenheit des Walfischbauches einrichtet.<\/span><\/p><p><span style=\"font-size: 12pt;\">Dieser Bauch des Fisches muss kein physikalischer, kein realer Ort sein, es kann auch einen seelischen Raum bedeuten; das Ph\u00e4nomen \u201eder inneren Emigration\u201c, den R\u00fcckzug aus einer \u00fcberfordernden Welt, ein Verstecken vor Verantwortung und Scheitern. Doch die Geschichte des Jona geht dar\u00fcber hinaus: es gew\u00e4hrt in der aquatischen Abgeschiedenheit gleichzeitig Zeit zum Umdenken, zur (Selbst-)Analyse bis hin zum erl\u00f6senden Ausgespieenwerden als \u201ezweite Chance\u201c. Untergang und \u00dcberleben, Selbstaufgabe und Einsicht, kaum eine Interpretation der Lehrerz\u00e4hlung, welches sich nicht nur in einer dramatischen Gegenwart im Allgemeinen, sondern auch in unserer pers\u00f6nlichen Lebenserfahrung im Besonderen verorten liesse.<\/span><\/p><p><span style=\"font-size: 12pt;\">Die Ausstellung schickt den Betrachter mit Werken in unterschiedlichsten Formaten und aus verschiedensten Materialen auf eine abwechslungs- und spannungsreiche Reise durch den Bauch des Fisches und zu sich selbst. Als besonders sind dabei zu nennen: die Verwendung von Metall als Untergrund, welcher gestaucht wie zerknittertes Papier anmutet; kleine Bleifl\u00e4chen, wie vom Sturm zerzaust, rostig in die Metallfl\u00e4chen eingearbeitete Bildelemente, Arbeiten, denen zugleich ein praktischer Nutzen innezuwohnen scheint bis hin zu gerissenen oder gar bestickten Papierarbeiten, eine Vielzahl von Techniken, die durchaus ein Alleinstellungsmerkmal des K\u00fcnstlers darstellen und die sich in vielen seiner Arbeiten wiederfinden. So auch in seinem Beitrag zur Ortung IX im Jahr 2015 \u201eDem unbekannten Broker\u201c, der seitdem im Foyer des B\u00fcrgerhauses zu sehen ist. Der 1959 in Amsterdam geborene und heute in Paderborn lebende Andreas Kopp ist f\u00fcr Schwabach also kein Unbekannter.<\/span><\/p><h3>Infos:<\/h3><ul style=\"list-style-type: disc;\"><li><span style=\"font-size: 12pt;\">Ausstellungsdauer:\u00a016.12.2018 &#8211;\u00a0 03.03.2019<\/span><\/li><li><span style=\"font-size: 12pt;\">\u00d6ffnungszeiten: Mittwoch bis Sonntag und Feiertage 10 bis 18 Uhr<\/span><\/li><li><span style=\"font-size: 12pt;\">Nicht ge\u00f6ffnet am 24.\/25.\/31.12. 2018 und 01.01.2019<\/span><\/li><li><span style=\"font-size: 12pt;\">Eintritt: \u20ac 5,00, erm\u00e4\u00dfigt \u20ac 2,50<\/span><\/li><li><span style=\"font-size: 12pt;\">Veranstalter: Stadtmuseum Schwabach<\/span><\/li><\/ul><h3 class=\"idgroup_7 group_container\">Ausstellungszeiten<\/h3><p><span style=\"font-size: 12pt;\">Ge\u00f6ffnet ist die Sonderausstellung im Stadtmuseum Schwabach (Museumsstra\u00dfe 1) zu folgenden Zeiten:<\/span><\/p><table style=\"border-collapse: collapse; width: 100%; height: 144px;\" border=\"1\"><tbody><tr style=\"height: 24px;\"><td style=\"width: 33.3333%; height: 24px;\"><span style=\"font-size: 12pt;\">Tag<\/span><\/td><td style=\"width: 33.3333%; height: 24px;\"><span style=\"font-size: 12pt;\">Von &#8230;<\/span><\/td><td style=\"width: 33.3333%; height: 24px;\"><span style=\"font-size: 12pt;\">&#8230; bis<\/span><\/td><\/tr><tr style=\"height: 24px;\"><td style=\"width: 33.3333%; height: 24px;\">\u00a0<\/td><td style=\"width: 33.3333%; height: 24px;\">\u00a0<\/td><td style=\"width: 33.3333%; height: 24px;\">\u00a0<\/td><\/tr><tr><td style=\"width: 33.3333%;\"><span style=\"font-size: 12pt;\">Mittwoch<\/span><\/td><td style=\"width: 33.3333%;\"><span style=\"font-size: 12pt;\">10.00 Uhr<\/span><\/td><td style=\"width: 33.3333%;\"><span style=\"font-size: 12pt;\">18.00 Uhr<\/span><\/td><\/tr><tr style=\"height: 24px;\"><td style=\"width: 33.3333%; height: 24px;\"><span style=\"font-size: 12pt;\">Donnerstag<\/span><\/td><td style=\"width: 33.3333%; height: 24px;\"><span style=\"font-size: 12pt;\">10.00 Uhr<\/span><\/td><td style=\"width: 33.3333%; height: 24px;\"><span style=\"font-size: 12pt;\">18.00 Uhr<\/span><\/td><\/tr><tr style=\"height: 24px;\"><td style=\"width: 33.3333%; height: 24px;\"><span style=\"font-size: 12pt;\">Freitag<\/span><\/td><td style=\"width: 33.3333%; height: 24px;\"><span style=\"font-size: 12pt;\">10.00 Uhr<\/span><\/td><td style=\"width: 33.3333%; height: 24px;\"><span style=\"font-size: 12pt;\">18.00 Uhr<\/span><\/td><\/tr><tr style=\"height: 24px;\"><td style=\"width: 33.3333%; height: 24px;\"><span style=\"font-size: 12pt;\">Samstag<\/span><\/td><td style=\"width: 33.3333%; height: 24px;\"><span style=\"font-size: 12pt;\">10.00 Uhr<\/span><\/td><td style=\"width: 33.3333%; height: 24px;\"><span style=\"font-size: 12pt;\">18.00 Uhr<\/span><\/td><\/tr><tr style=\"height: 24px;\"><td style=\"width: 33.3333%; height: 24px;\"><span style=\"font-size: 12pt;\">Sonntag<\/span><\/td><td style=\"width: 33.3333%; height: 24px;\"><span style=\"font-size: 12pt;\">10.00 Uhr<\/span><\/td><td style=\"width: 33.3333%; height: 24px;\"><span style=\"font-size: 12pt;\">18.00 Uhr<\/span><\/td><\/tr><\/tbody><\/table><h3>Weiterf\u00fchrende Links:<\/h3><p><span style=\"font-size: 12pt;\"><a href=\"https:\/\/www.schwabach.de\/de\/kulturportal-stadtmuseum\/stadtmuseum.html\" target=\"_blank\" rel=\"noopener\">Zur Homepage vom Stadtmuseum Schwabach geht&#8217;s hier &#8230;<\/a><\/span><\/p><p><a href=\"https:\/\/www.schwabach.de\/de\/kulturportal-stadtmuseum\/infoseiten-stadtmuseum\/7040-andreas-kopp-im-bauch-des-walfisch-16-12-2018-03-03-2019.html\" target=\"_blank\" rel=\"noopener\"><span style=\"font-size: 12pt;\">Weitere Informationen zu der Ausstellung gibt es hier &#8230;<\/span><\/a><\/p>\t\t\t\t\t\t<\/div>\n\t\t\t\t<\/div>\n\t\t\t\t<div class=\"elementor-element elementor-element-0c834d7 elementor-widget-divider--view-line elementor-widget elementor-widget-divider\" data-id=\"0c834d7\" data-element_type=\"widget\" data-widget_type=\"divider.default\">\n\t\t\t\t<div class=\"elementor-widget-container\">\n\t\t\t\t\t<div class=\"elementor-divider\">\n\t\t\t<span class=\"elementor-divider-separator\">\n\t\t\t\t\t\t<\/span>\n\t\t<\/div>\n\t\t\t\t<\/div>\n\t\t\t\t<\/div>\n\t\t\t\t<div class=\"elementor-element elementor-element-325f51f elementor-widget elementor-widget-google_maps\" data-id=\"325f51f\" data-element_type=\"widget\" data-widget_type=\"google_maps.default\">\n\t\t\t\t<div class=\"elementor-widget-container\">\n\t\t\t\t\t<div class=\"elementor-custom-embed\">\n\t\t\t<iframe loading=\"lazy\"\n\t\t\t\t\tsrc=\"https:\/\/maps.google.com\/maps?q=Museumsstra%C3%9Fe%201a%2C%20Schwabach%2C%20Deutschland&#038;t=m&#038;z=17&#038;output=embed&#038;iwloc=near\"\n\t\t\t\t\ttitle=\"Museumsstra\u00dfe 1a, Schwabach, Deutschland\"\n\t\t\t\t\taria-label=\"Museumsstra\u00dfe 1a, Schwabach, Deutschland\"\n\t\t\t><\/iframe>\n\t\t<\/div>\n\t\t\t\t<\/div>\n\t\t\t\t<\/div>\n\t\t\t\t\t<\/div>\n\t\t<\/div>\n\t\t\t\t<div class=\"elementor-column elementor-col-33 elementor-top-column elementor-element elementor-element-f645137\" data-id=\"f645137\" data-element_type=\"column\">\n\t\t\t<div class=\"elementor-widget-wrap elementor-element-populated\">\n\t\t\t\t\t\t<div class=\"elementor-element elementor-element-a2c9afd elementor-widget elementor-widget-wp-widget-advads_ad_widget\" data-id=\"a2c9afd\" data-element_type=\"widget\" data-widget_type=\"wp-widget-advads_ad_widget.default\">\n\t\t\t\t<div class=\"elementor-widget-container\">\n\t\t\t<div id=\"regio-1396206978\"><div class=\"regio-adlabel\">Werbung<\/div><div id=\"regio-1005690370\"><!-- Beginn https:\/\/www.financeads.net\/-Code --><a href=\"https:\/\/www.financeads.net\/tc.php?t=36648C271460142B\" target=\"_blank\"><img decoding=\"async\" src=\"https:\/\/www.financeads.net\/tb.php?t=36648V271460142B&https=1\" alt=\"PETPROTECT_Hund&Katze_Banner\" border=\"0\" width=\"250\" height=\"250\"><\/a><!-- Ende https:\/\/www.financeads.net\/-Code --><\/div><div id=\"regio-1878008256\"><!-- Beginn https:\/\/www.financeads.net\/-Code --><a href=\"https:\/\/www.financeads.net\/tc.php?t=36648C236142529B\" target=\"_blank\"><img decoding=\"async\" src=\"https:\/\/www.financeads.net\/tb.php?t=36648V236142529B&https=1\" alt=\"\" border=\"0\" width=\"300\" height=\"250\"><\/a><!-- Ende https:\/\/www.financeads.net\/-Code --><\/div><div id=\"regio-1035721049\"><!-- Beginn https:\/\/www.financeads.net\/-Code --><a href=\"https:\/\/www.financeads.net\/tc.php?t=36648C205040072B\" target=\"_blank\"><img loading=\"lazy\" decoding=\"async\" src=\"https:\/\/www.financeads.net\/tb.php?t=36648V205040072B&https=1\" alt=\"\" border=\"0\" width=\"300\" height=\"250\"><\/a><!-- Ende https:\/\/www.financeads.net\/-Code --><\/div><div id=\"regio-1444216917\"><!-- Beginn https:\/\/www.financeads.net\/-Code --><a href=\"https:\/\/www.financeads.net\/tc.php?t=36648C42614510B\" target=\"_blank\"><img loading=\"lazy\" decoding=\"async\" src=\"https:\/\/www.financeads.net\/tb.php?t=36648V42614510B&https=1\" alt=\"\" border=\"0\" width=\"200\" height=\"300\"><\/a><!-- Ende https:\/\/www.financeads.net\/-Code --><\/div><\/div>\t\t<\/div>\n\t\t\t\t<\/div>\n\t\t\t\t\t<\/div>\n\t\t<\/div>\n\t\t\t\t\t<\/div>\n\t\t<\/section>\n\t\t\t\t<section class=\"elementor-section elementor-top-section elementor-element elementor-element-30ea74c elementor-section-boxed elementor-section-height-default elementor-section-height-default\" data-id=\"30ea74c\" data-element_type=\"section\">\n\t\t\t\t\t\t<div class=\"elementor-container elementor-column-gap-default\">\n\t\t\t\t\t<div class=\"elementor-column elementor-col-100 elementor-top-column elementor-element elementor-element-486b589\" data-id=\"486b589\" data-element_type=\"column\">\n\t\t\t<div class=\"elementor-widget-wrap elementor-element-populated\">\n\t\t\t\t\t\t<div class=\"elementor-element elementor-element-e8fc10c elementor-widget elementor-widget-image\" data-id=\"e8fc10c\" data-element_type=\"widget\" data-widget_type=\"image.default\">\n\t\t\t\t<div class=\"elementor-widget-container\">\n\t\t\t\t\t\t\t\t\t\t\t\t\t\t<a href=\"http:\/\/www.region-schwabach.de\/wordpress\/wp-content\/uploads\/2018\/12\/Kopp-01-30-cm-bei-300-dpi-e1544535047933.jpg\" data-elementor-open-lightbox=\"yes\" data-elementor-lightbox-title=\"Kopp-01 30 cm bei 300 dpi\" data-e-action-hash=\"#elementor-action%3Aaction%3Dlightbox%26settings%3DeyJpZCI6Njk0MzAsInVybCI6Imh0dHBzOlwvXC93d3cucmVnaW9uLXNjaHdhYmFjaC5kZVwvd29yZHByZXNzXC93cC1jb250ZW50XC91cGxvYWRzXC8yMDE4XC8xMlwvS29wcC0wMS0zMC1jbS1iZWktMzAwLWRwaS1lMTU0NDUzNTA0NzkzMy5qcGcifQ%3D%3D\">\n\t\t\t\t\t\t\t<img loading=\"lazy\" decoding=\"async\" width=\"960\" height=\"2682\" src=\"https:\/\/www.region-schwabach.de\/wordpress\/wp-content\/uploads\/2018\/12\/Kopp-01-30-cm-bei-300-dpi-e1544535047933.jpg\" class=\"attachment-full size-full wp-image-69430\" alt=\"\" \/>\t\t\t\t\t\t\t\t<\/a>\n\t\t\t\t\t\t\t\t\t\t\t\t\t<\/div>\n\t\t\t\t<\/div>\n\t\t\t\t\t<\/div>\n\t\t<\/div>\n\t\t\t\t\t<\/div>\n\t\t<\/section>\n\t\t\t\t<\/div>\n\t\t","protected":false},"excerpt":{"rendered":"<div class=\"mh-excerpt\"><p>Vom 16. Dezember 2018 bis 3. M\u00e4rz 2019 Sonderausstellung &#8222;Andreas Kopp \u2013 Im Bauch des Walfisch&#8220; im Stadtmuseum Schwabach Schwabach &#8211; Von Sonntag, den 16.12.2018, bis Sonntag, den 03.03.2019, findet im Stadtmuseum in Schwabach die <a class=\"mh-excerpt-more\" href=\"https:\/\/www.region-schwabach.de\/wordpress\/andreas-kopp-im-bauch-des-walfisch\/\" title=\"Andreas Kopp \u2013 Im Bauch des Walfisch\">[&#8230;]<\/a><\/p>\n<\/div>","protected":false},"author":1,"featured_media":69422,"comment_status":"open","ping_status":"open","sticky":false,"template":"","format":"standard","meta":{"_cbd_carousel_blocks":"[]","footnotes":""},"categories":[16,287,61,231],"tags":[7339,7340,3155,7341,420,19,4812,3151,3739],"class_list":{"0":"post-69419","1":"post","2":"type-post","3":"status-publish","4":"format-standard","5":"has-post-thumbnail","7":"category-aktuell","8":"category-jugend-und-familie","9":"category-rathaus","10":"category-veranstaltungsnews","11":"tag-16-dezember-2018-3-maerz-2018","12":"tag-andreas-kopp","13":"tag-ausstellung","14":"tag-im-bauch-des-walfisch","15":"tag-museumsstrasse","16":"tag-schwabach","17":"tag-sonderausstellung","18":"tag-stadt-schwabach","19":"tag-stadtmuseum"},"_links":{"self":[{"href":"https:\/\/www.region-schwabach.de\/wordpress\/wp-json\/wp\/v2\/posts\/69419","targetHints":{"allow":["GET"]}}],"collection":[{"href":"https:\/\/www.region-schwabach.de\/wordpress\/wp-json\/wp\/v2\/posts"}],"about":[{"href":"https:\/\/www.region-schwabach.de\/wordpress\/wp-json\/wp\/v2\/types\/post"}],"author":[{"embeddable":true,"href":"https:\/\/www.region-schwabach.de\/wordpress\/wp-json\/wp\/v2\/users\/1"}],"replies":[{"embeddable":true,"href":"https:\/\/www.region-schwabach.de\/wordpress\/wp-json\/wp\/v2\/comments?post=69419"}],"version-history":[{"count":0,"href":"https:\/\/www.region-schwabach.de\/wordpress\/wp-json\/wp\/v2\/posts\/69419\/revisions"}],"wp:featuredmedia":[{"embeddable":true,"href":"https:\/\/www.region-schwabach.de\/wordpress\/wp-json\/wp\/v2\/media\/69422"}],"wp:attachment":[{"href":"https:\/\/www.region-schwabach.de\/wordpress\/wp-json\/wp\/v2\/media?parent=69419"}],"wp:term":[{"taxonomy":"category","embeddable":true,"href":"https:\/\/www.region-schwabach.de\/wordpress\/wp-json\/wp\/v2\/categories?post=69419"},{"taxonomy":"post_tag","embeddable":true,"href":"https:\/\/www.region-schwabach.de\/wordpress\/wp-json\/wp\/v2\/tags?post=69419"}],"curies":[{"name":"wp","href":"https:\/\/api.w.org\/{rel}","templated":true}]}}