{"id":6942,"date":"2017-08-16T15:23:20","date_gmt":"2017-08-16T13:23:20","guid":{"rendered":"http:\/\/www.region-schwabach.de\/wordpress\/?p=6942"},"modified":"2017-08-17T20:35:00","modified_gmt":"2017-08-17T18:35:00","slug":"46-jugendliche-aus-partnerstaedten-zu-gast-in-schwabach","status":"publish","type":"post","link":"https:\/\/www.region-schwabach.de\/wordpress\/46-jugendliche-aus-partnerstaedten-zu-gast-in-schwabach\/","title":{"rendered":"46 Jugendliche aus Partnerst\u00e4dten zu Gast in Schwabach"},"content":{"rendered":"\t\t<div data-elementor-type=\"wp-post\" data-elementor-id=\"6942\" class=\"elementor elementor-6942 elementor-bc-flex-widget\">\n\t\t\t\t\t\t<section class=\"elementor-section elementor-top-section elementor-element elementor-element-1dzeyuh elementor-section-boxed elementor-section-height-default elementor-section-height-default\" data-id=\"1dzeyuh\" data-element_type=\"section\">\n\t\t\t\t\t\t<div class=\"elementor-container elementor-column-gap-default\">\n\t\t\t\t\t<div class=\"elementor-column elementor-col-66 elementor-top-column elementor-element elementor-element-aam59ft\" data-id=\"aam59ft\" data-element_type=\"column\">\n\t\t\t<div class=\"elementor-widget-wrap elementor-element-populated\">\n\t\t\t\t\t\t<div class=\"elementor-element elementor-element-k9p1oyc elementor-widget elementor-widget-text-editor\" data-id=\"k9p1oyc\" data-element_type=\"widget\" data-widget_type=\"text-editor.default\">\n\t\t\t\t<div class=\"elementor-widget-container\">\n\t\t\t\t\t\t\t<h3>JamCamp mit Jugendlichen aus\u00a0Les-Sables, Kemer und Kalambaka<\/h3><p>Die Kommunale Jugendarbeit, der Stadtjugendring und die Partnerschaftskomitees veranstalten gemeinsam mit Jugendlichen aus Schwabach und den Partnerst\u00e4dten Kemer (T\u00fcrkei), Kalambaka (Griechenland)und Les-Sables (Frankreich) das JamCamp.<\/p><h3>46 Jugendliche zwischen 13 und 17 Jahren zu Besuch<\/h3><p>Bereits seit Sonntag, den 13. August (Schluss ist am Samstag, den 19. August) steht f\u00fcr die 46 Jugendlichen im Alter von 13 bis 17 Jahren Kunst, Abenteuer und Spa\u00df auf dem Programm.<\/p><h3>Umfangreiches Programm f\u00fcr die jugendlichen G\u00e4ste<\/h3><p>Das Tagesprogramm startet f\u00fcr die Jugendlichen am Vormittag mit verschiedenen Workshops aus den Bereichen Breakdance, Film, Graffiti, Musik und Zirkus. Nachmittags stehen dann gemeinsame Ausfl\u00fcge (z. B. ein Ausflug nach N\u00fcrnberg, eine Kanufahrt auf der Rednitz und die Stadterkundung von Schwabach) auf dem Programm.<\/p><p>In der letzten Nacht findet eine gemeinsame Zelt\u00fcbernachtung auf dem Aktivspielplatz \u201eGoldnagel\u201c statt. \u201eWir laden alle Schwabacher Jugendlichen, Freund und Familien zur Internationalen Disco und zur \u201aVernissage\u2018 ein\u201c, so Susanna Regelsberger-Sacco, Kommunale Jugendarbeit und Mitorganisatorin der Begegnungswoche. \u201eDas ist eine wunderbare Gelegenheit, miteinander zu reden und sich kennenzulernen \u2013 \u00fcber L\u00e4ndergrenzen hinweg.\u201c<\/p><h4>\u201eInternationaler Discoabend\u201c und\u201eVernissage\u201c<\/h4><p>Am Mittwoch, den 16. August findet in der Zeit von 19.00 Uhr bis 23.00 Uhr im Jugendzentrum (Aurex, K\u00f6nigstr. 20a) der \u201eInternationale Discoabend\u201c statt, zu dem auch alle Schwabacher Jugendlichen ab 12 Jahren herzlich eingeladen sind.\u00a0<\/p><p>Zum Abschluss findet dann am 18. August um 15.oo Uhr auf dem Aktivspielplatz (Wasserstra\u00dfe 1c) eine Vernissage statt, in der die Ergebnisse der Workshops der \u00d6ffentlichkeit pr\u00e4sentiert werden.<\/p>\t\t\t\t\t\t<\/div>\n\t\t\t\t<\/div>\n\t\t\t\t\t<\/div>\n\t\t<\/div>\n\t\t\t\t<div class=\"elementor-column elementor-col-33 elementor-top-column elementor-element elementor-element-uferl75\" data-id=\"uferl75\" data-element_type=\"column\">\n\t\t\t<div class=\"elementor-widget-wrap elementor-element-populated\">\n\t\t\t\t\t\t<div class=\"elementor-element elementor-element-xuttsc2 elementor-widget elementor-widget-image\" data-id=\"xuttsc2\" data-element_type=\"widget\" data-widget_type=\"image.default\">\n\t\t\t\t<div class=\"elementor-widget-container\">\n\t\t\t\t\t\t\t\t\t\t\t\t\t\t<a href=\"http:\/\/www.region-schwabach.de\/wordpress\/werben-auf-region-schwabach\/\" target=\"_blank\">\n\t\t\t\t\t\t\t<img fetchpriority=\"high\" decoding=\"async\" width=\"300\" height=\"300\" src=\"https:\/\/www.region-schwabach.de\/wordpress\/wp-content\/uploads\/2017\/06\/werbung8-300x300.png\" class=\"attachment-medium size-medium wp-image-2484\" alt=\"\" srcset=\"https:\/\/www.region-schwabach.de\/wordpress\/wp-content\/uploads\/2017\/06\/werbung8-300x300.png 300w, https:\/\/www.region-schwabach.de\/wordpress\/wp-content\/uploads\/2017\/06\/werbung8-150x150.png 150w, https:\/\/www.region-schwabach.de\/wordpress\/wp-content\/uploads\/2017\/06\/werbung8-768x768.png 768w, https:\/\/www.region-schwabach.de\/wordpress\/wp-content\/uploads\/2017\/06\/werbung8-1024x1024.png 1024w, https:\/\/www.region-schwabach.de\/wordpress\/wp-content\/uploads\/2017\/06\/werbung8-600x600.png 600w, https:\/\/www.region-schwabach.de\/wordpress\/wp-content\/uploads\/2017\/06\/werbung8.png 1200w\" sizes=\"(max-width: 300px) 100vw, 300px\" \/>\t\t\t\t\t\t\t\t<\/a>\n\t\t\t\t\t\t\t\t\t\t\t\t\t<\/div>\n\t\t\t\t<\/div>\n\t\t\t\t\t<\/div>\n\t\t<\/div>\n\t\t\t\t\t<\/div>\n\t\t<\/section>\n\t\t\t\t<section class=\"elementor-section elementor-top-section elementor-element elementor-element-8qzukho elementor-section-boxed elementor-section-height-default elementor-section-height-default\" data-id=\"8qzukho\" data-element_type=\"section\">\n\t\t\t\t\t\t<div class=\"elementor-container elementor-column-gap-default\">\n\t\t\t\t\t<div class=\"elementor-column elementor-col-33 elementor-top-column elementor-element elementor-element-tolrthe\" data-id=\"tolrthe\" data-element_type=\"column\">\n\t\t\t<div class=\"elementor-widget-wrap elementor-element-populated\">\n\t\t\t\t\t\t<div class=\"elementor-element elementor-element-9g7p78n elementor-widget elementor-widget-heading\" data-id=\"9g7p78n\" data-element_type=\"widget\" data-widget_type=\"heading.default\">\n\t\t\t\t<div class=\"elementor-widget-container\">\n\t\t\t<h2 class=\"elementor-heading-title elementor-size-default\">AUREX<\/h2>\t\t<\/div>\n\t\t\t\t<\/div>\n\t\t\t\t<div class=\"elementor-element elementor-element-etlfwr4 elementor-widget elementor-widget-google_maps\" data-id=\"etlfwr4\" data-element_type=\"widget\" data-widget_type=\"google_maps.default\">\n\t\t\t\t<div class=\"elementor-widget-container\">\n\t\t\t\t\t<div class=\"elementor-custom-embed\">\n\t\t\t<iframe loading=\"lazy\"\n\t\t\t\t\tsrc=\"https:\/\/maps.google.com\/maps?q=K%C3%B6nigstr.%2020a%2091126%20Schwabach&#038;t=m&#038;z=17&#038;output=embed&#038;iwloc=near\"\n\t\t\t\t\ttitle=\"K\u00f6nigstr. 20a 91126 Schwabach\"\n\t\t\t\t\taria-label=\"K\u00f6nigstr. 20a 91126 Schwabach\"\n\t\t\t><\/iframe>\n\t\t<\/div>\n\t\t\t\t<\/div>\n\t\t\t\t<\/div>\n\t\t\t\t\t<\/div>\n\t\t<\/div>\n\t\t\t\t<div class=\"elementor-column elementor-col-33 elementor-top-column elementor-element elementor-element-fc3721h\" data-id=\"fc3721h\" data-element_type=\"column\">\n\t\t\t<div class=\"elementor-widget-wrap elementor-element-populated\">\n\t\t\t\t\t\t<div class=\"elementor-element elementor-element-e521ji6 elementor-widget elementor-widget-heading\" data-id=\"e521ji6\" data-element_type=\"widget\" data-widget_type=\"heading.default\">\n\t\t\t\t<div class=\"elementor-widget-container\">\n\t\t\t<h2 class=\"elementor-heading-title elementor-size-default\">Aktivspielplatz<\/h2>\t\t<\/div>\n\t\t\t\t<\/div>\n\t\t\t\t<div class=\"elementor-element elementor-element-6krkab6 elementor-widget elementor-widget-google_maps\" data-id=\"6krkab6\" data-element_type=\"widget\" data-widget_type=\"google_maps.default\">\n\t\t\t\t<div class=\"elementor-widget-container\">\n\t\t\t\t\t<div class=\"elementor-custom-embed\">\n\t\t\t<iframe loading=\"lazy\"\n\t\t\t\t\tsrc=\"https:\/\/maps.google.com\/maps?q=Wasserstra%C3%9Fe%201c%2091126%20Schwabach&#038;t=m&#038;z=17&#038;output=embed&#038;iwloc=near\"\n\t\t\t\t\ttitle=\"Wasserstra\u00dfe 1c 91126 Schwabach\"\n\t\t\t\t\taria-label=\"Wasserstra\u00dfe 1c 91126 Schwabach\"\n\t\t\t><\/iframe>\n\t\t<\/div>\n\t\t\t\t<\/div>\n\t\t\t\t<\/div>\n\t\t\t\t\t<\/div>\n\t\t<\/div>\n\t\t\t\t<div class=\"elementor-column elementor-col-33 elementor-top-column elementor-element elementor-element-nqlpt9a\" data-id=\"nqlpt9a\" data-element_type=\"column\">\n\t\t\t<div class=\"elementor-widget-wrap\">\n\t\t\t\t\t\t\t<\/div>\n\t\t<\/div>\n\t\t\t\t\t<\/div>\n\t\t<\/section>\n\t\t\t\t<\/div>\n\t\t","protected":false},"excerpt":{"rendered":"<div class=\"mh-excerpt\"><p>JamCamp mit Jugendlichen aus\u00a0Les-Sables, Kemer und Kalambaka Die Kommunale Jugendarbeit, der Stadtjugendring und die Partnerschaftskomitees veranstalten gemeinsam mit Jugendlichen aus Schwabach und den Partnerst\u00e4dten Kemer (T\u00fcrkei), Kalambaka (Griechenland)und Les-Sables (Frankreich) das JamCamp. 46 Jugendliche zwischen <a class=\"mh-excerpt-more\" href=\"https:\/\/www.region-schwabach.de\/wordpress\/46-jugendliche-aus-partnerstaedten-zu-gast-in-schwabach\/\" title=\"46 Jugendliche aus Partnerst\u00e4dten zu Gast in Schwabach\">[&#8230;]<\/a><\/p>\n<\/div>","protected":false},"author":1,"featured_media":6945,"comment_status":"open","ping_status":"open","sticky":false,"template":"template-full.php","format":"image","meta":{"_cbd_carousel_blocks":"[]","footnotes":""},"categories":[16,287,61,286],"tags":[290,289,288,291,292],"class_list":{"0":"post-6942","1":"post","2":"type-post","3":"status-publish","4":"format-image","5":"has-post-thumbnail","7":"category-aktuell","8":"category-jugend-und-familie","9":"category-rathaus","10":"category-staedtepartnerschaft","11":"tag-900-jahr-feier","12":"tag-jamcamp","13":"tag-multikulti","14":"tag-staedtepartnerschaft","15":"tag-stadtjugendring","16":"post_format-post-format-image"},"_links":{"self":[{"href":"https:\/\/www.region-schwabach.de\/wordpress\/wp-json\/wp\/v2\/posts\/6942","targetHints":{"allow":["GET"]}}],"collection":[{"href":"https:\/\/www.region-schwabach.de\/wordpress\/wp-json\/wp\/v2\/posts"}],"about":[{"href":"https:\/\/www.region-schwabach.de\/wordpress\/wp-json\/wp\/v2\/types\/post"}],"author":[{"embeddable":true,"href":"https:\/\/www.region-schwabach.de\/wordpress\/wp-json\/wp\/v2\/users\/1"}],"replies":[{"embeddable":true,"href":"https:\/\/www.region-schwabach.de\/wordpress\/wp-json\/wp\/v2\/comments?post=6942"}],"version-history":[{"count":0,"href":"https:\/\/www.region-schwabach.de\/wordpress\/wp-json\/wp\/v2\/posts\/6942\/revisions"}],"wp:featuredmedia":[{"embeddable":true,"href":"https:\/\/www.region-schwabach.de\/wordpress\/wp-json\/wp\/v2\/media\/6945"}],"wp:attachment":[{"href":"https:\/\/www.region-schwabach.de\/wordpress\/wp-json\/wp\/v2\/media?parent=6942"}],"wp:term":[{"taxonomy":"category","embeddable":true,"href":"https:\/\/www.region-schwabach.de\/wordpress\/wp-json\/wp\/v2\/categories?post=6942"},{"taxonomy":"post_tag","embeddable":true,"href":"https:\/\/www.region-schwabach.de\/wordpress\/wp-json\/wp\/v2\/tags?post=6942"}],"curies":[{"name":"wp","href":"https:\/\/api.w.org\/{rel}","templated":true}]}}