{"id":69569,"date":"2018-12-24T00:06:30","date_gmt":"2018-12-23T23:06:30","guid":{"rendered":"http:\/\/www.region-schwabach.de\/wordpress\/?p=69569"},"modified":"2018-12-24T12:13:07","modified_gmt":"2018-12-24T11:13:07","slug":"gemeinsam-statt-einsam-heiliger-abend-2018","status":"publish","type":"post","link":"https:\/\/www.region-schwabach.de\/wordpress\/gemeinsam-statt-einsam-heiliger-abend-2018\/","title":{"rendered":"\u00bbGemeinsam statt einsam\u00ab &#8211; Heiliger Abend 2018"},"content":{"rendered":"\t\t<div data-elementor-type=\"wp-post\" data-elementor-id=\"69569\" class=\"elementor elementor-69569 elementor-bc-flex-widget\">\n\t\t\t\t\t\t<section class=\"elementor-section elementor-top-section elementor-element elementor-element-678181b elementor-section-boxed elementor-section-height-default elementor-section-height-default\" data-id=\"678181b\" data-element_type=\"section\">\n\t\t\t\t\t\t<div class=\"elementor-container elementor-column-gap-default\">\n\t\t\t\t\t<div class=\"elementor-column elementor-col-50 elementor-top-column elementor-element elementor-element-6b34026\" data-id=\"6b34026\" data-element_type=\"column\">\n\t\t\t<div class=\"elementor-widget-wrap elementor-element-populated\">\n\t\t\t\t\t\t<div class=\"elementor-element elementor-element-3b20757 elementor-widget elementor-widget-wp-widget-advads_ad_widget\" data-id=\"3b20757\" data-element_type=\"widget\" data-widget_type=\"wp-widget-advads_ad_widget.default\">\n\t\t\t\t<div class=\"elementor-widget-container\">\n\t\t\t<div id=\"regio-1337133577\"><div class=\"regio-adlabel\">Werbung<\/div><!-- Beginn https:\/\/www.financeads.net\/-Code --><a href=\"https:\/\/www.financeads.net\/tc.php?t=36648C19118058B\" target=\"_blank\"><img fetchpriority=\"high\" decoding=\"async\" src=\"https:\/\/www.financeads.net\/tb.php?t=36648V19118058B&https=1\" alt=\"\" border=\"0\" width=\"728\" height=\"90\"><\/a><!-- Ende https:\/\/www.financeads.net\/-Code --><\/div>\t\t<\/div>\n\t\t\t\t<\/div>\n\t\t\t\t<div class=\"elementor-element elementor-element-443ab98 elementor-widget elementor-widget-text-editor\" data-id=\"443ab98\" data-element_type=\"widget\" data-widget_type=\"text-editor.default\">\n\t\t\t\t<div class=\"elementor-widget-container\">\n\t\t\t\t\t\t\t<h3 class=\"entry-title\">\u00bbGemeinsam statt einsam\u00ab \u2013 Heiliger Abend 2018<br \/>Montag, 24. Dezember 2018, 18.30 Uhr bis 21.30 Uhr<\/h3><p><span style=\"font-size: 12pt;\">Schwabach &#8211; Am Montag, den 24.12.2018, l\u00e4dt die Evangelisch-Lutherische Kirchengemeinde St. Martin, zusammen mit der Werbe- und Stadtgemeinschaft, der Arbeiterwohlfahrt, dem Quartiersmanagement, und der Kirchlichn Allgemeinen Sozialarbeit der Diakonie zu dem gemeinsamen Projekt\u00a0<\/span><strong>\u00bbGemeinsam statt einsam\u00ab<\/strong> ein.<\/p><h3>Niemand soll am Heiligen Abend alleine feiern m\u00fcssen<\/h3><p><span style=\"font-size: 12pt;\">Niemand soll am Heiligen Abend unfreiwillig alleine feiern m\u00fcssen, egal ob alt oder jung, arm oder reich, Paar oder Single. Deshalb findet im Evangelischen Haus in der Wittelsbacherstra\u00dfe 4 in Schwabach von 18.30 Uhr bis 21.30 Uhr dieser gemeinsame Abend statt.<\/span><\/p><h3>Weihnachtliches Programm, Festessen und Tombola<\/h3><p><span style=\"font-size: 12pt;\">Auf dem Programm stehen ein weihnachtliches Programm, eine Tombola mit vielen Gewinnen, und nat\u00fcrlich ein festliches Essen. Der Eintritt zu diesem tollen Fest ist &#8211; inklusive Festessen und alkoholfreier Getr\u00e4nke (nur f\u00fcr alkoholische Getr\u00e4nke wird ein kleiner Unkostenbeitrag f\u00e4llig) &#8211; frei, und zus\u00e4tzlich erh\u00e4lt jeder Teilnehmer noch eine kostenlose Losnummer f\u00fcr die Tombola.<\/span><\/p><p><span style=\"font-size: 12pt;\"><strong>Spenden werden aber nat\u00fcrlich dennoch gerne angenommen.<\/strong><\/span><\/p><h3>Infos:<\/h3><p><span style=\"font-size: 12pt;\">Die Teilnehmerzahl f\u00fcr diese Veranstaltung ist begrenzt, und es ist eine schriftliche Anmeldung erforderlich. Das daf\u00fcr n\u00f6tige Anmeldeformular gibt es hier:<\/span><\/p><ul style=\"list-style-type: disc;\"><li><a href=\"https:\/\/stmartin-schwabach.de\/sites\/www.stmartin-schwabach.de\/files\/files\/Flyer\/WSG_Heiligabend_2018_RZ_V.pdf\" target=\"_blank\" rel=\"noopener\"><span style=\"font-size: 12pt;\">Anmeldeformular zum Download<\/span><\/a><\/li><\/ul><p><span style=\"font-size: 12pt;\">F\u00fcr weitere Fragen steht das Pfarramt St. Martin unter der Telefonnummer 09122-9256200 gerne zur Verf\u00fcgung.<\/span><\/p><h3>Weiterf\u00fchrende Links:<\/h3><p><span style=\"font-size: 12pt;\"><a href=\"https:\/\/stmartin-schwabach.de\/sites\/www.stmartin-schwabach.de\/files\/files\/Flyer\/WSG_Heiligabend_2018_RZ_V.pdf\" target=\"_blank\" rel=\"noopener\"><span style=\"font-size: 12pt;\">Den Flyer &#8211; zusammen mit dem dazugeh\u00f6rigen Anmeldeformular &#8211; gibt es hier &#8230;<\/span><\/a><\/span><\/p>\t\t\t\t\t\t<\/div>\n\t\t\t\t<\/div>\n\t\t\t\t<div class=\"elementor-element elementor-element-21c3450 elementor-widget-divider--view-line elementor-widget elementor-widget-divider\" data-id=\"21c3450\" data-element_type=\"widget\" data-widget_type=\"divider.default\">\n\t\t\t\t<div class=\"elementor-widget-container\">\n\t\t\t\t\t<div class=\"elementor-divider\">\n\t\t\t<span class=\"elementor-divider-separator\">\n\t\t\t\t\t\t<\/span>\n\t\t<\/div>\n\t\t\t\t<\/div>\n\t\t\t\t<\/div>\n\t\t\t\t<div class=\"elementor-element elementor-element-f4c690c elementor-widget elementor-widget-google_maps\" data-id=\"f4c690c\" data-element_type=\"widget\" data-widget_type=\"google_maps.default\">\n\t\t\t\t<div class=\"elementor-widget-container\">\n\t\t\t\t\t<div class=\"elementor-custom-embed\">\n\t\t\t<iframe loading=\"lazy\"\n\t\t\t\t\tsrc=\"https:\/\/maps.google.com\/maps?q=Wittelsbacherstra%C3%9Fe%204%2C%20Schwabach%2C%20Deutschland&#038;t=m&#038;z=16&#038;output=embed&#038;iwloc=near\"\n\t\t\t\t\ttitle=\"Wittelsbacherstra\u00dfe 4, Schwabach, Deutschland\"\n\t\t\t\t\taria-label=\"Wittelsbacherstra\u00dfe 4, Schwabach, Deutschland\"\n\t\t\t><\/iframe>\n\t\t<\/div>\n\t\t\t\t<\/div>\n\t\t\t\t<\/div>\n\t\t\t\t\t<\/div>\n\t\t<\/div>\n\t\t\t\t<div class=\"elementor-column elementor-col-50 elementor-top-column elementor-element elementor-element-0a4477e\" data-id=\"0a4477e\" data-element_type=\"column\">\n\t\t\t<div class=\"elementor-widget-wrap elementor-element-populated\">\n\t\t\t\t\t\t<div class=\"elementor-element elementor-element-c7ab1cf elementor-widget elementor-widget-heading\" data-id=\"c7ab1cf\" data-element_type=\"widget\" data-widget_type=\"heading.default\">\n\t\t\t\t<div class=\"elementor-widget-container\">\n\t\t\t<h3 class=\"elementor-heading-title elementor-size-default\">Schnell vergleichen und sparen!<\/h3>\t\t<\/div>\n\t\t\t\t<\/div>\n\t\t\t\t<div class=\"elementor-element elementor-element-80588e9 elementor-widget elementor-widget-wp-widget-advads_ad_widget\" data-id=\"80588e9\" data-element_type=\"widget\" data-widget_type=\"wp-widget-advads_ad_widget.default\">\n\t\t\t\t<div class=\"elementor-widget-container\">\n\t\t\t<div id=\"regio-2731013819\"><div class=\"regio-adlabel\">Werbung<\/div><!-- Beginn https:\/\/www.financeads.net\/-Code --><a href=\"https:\/\/www.financeads.net\/tc.php?t=36648C236142529B\" target=\"_blank\"><img decoding=\"async\" src=\"https:\/\/www.financeads.net\/tb.php?t=36648V236142529B&https=1\" alt=\"\" border=\"0\" width=\"300\" height=\"250\"><\/a><!-- Ende https:\/\/www.financeads.net\/-Code --><\/div>\t\t<\/div>\n\t\t\t\t<\/div>\n\t\t\t\t<div class=\"elementor-element elementor-element-c058cd0 elementor-widget elementor-widget-wp-widget-advads_ad_widget\" data-id=\"c058cd0\" data-element_type=\"widget\" data-widget_type=\"wp-widget-advads_ad_widget.default\">\n\t\t\t\t<div class=\"elementor-widget-container\">\n\t\t\t<div id=\"regio-2443226221\"><div class=\"regio-adlabel\">Werbung<\/div><!-- Beginn https:\/\/www.financeads.net\/-Code --><a href=\"https:\/\/www.financeads.net\/tc.php?t=36648C42614510B\" target=\"_blank\"><img decoding=\"async\" src=\"https:\/\/www.financeads.net\/tb.php?t=36648V42614510B&https=1\" alt=\"\" border=\"0\" width=\"200\" height=\"300\"><\/a><!-- Ende https:\/\/www.financeads.net\/-Code --><\/div>\t\t<\/div>\n\t\t\t\t<\/div>\n\t\t\t\t<div class=\"elementor-element elementor-element-34af216 elementor-widget elementor-widget-wp-widget-advads_ad_widget\" data-id=\"34af216\" data-element_type=\"widget\" data-widget_type=\"wp-widget-advads_ad_widget.default\">\n\t\t\t\t<div class=\"elementor-widget-container\">\n\t\t\t<div id=\"regio-2402079242\"><div class=\"regio-adlabel\">Werbung<\/div><!-- Beginn https:\/\/www.financeads.net\/-Code --><a href=\"https:\/\/www.financeads.net\/tc.php?t=36648C205040072B\" target=\"_blank\"><img loading=\"lazy\" decoding=\"async\" src=\"https:\/\/www.financeads.net\/tb.php?t=36648V205040072B&https=1\" alt=\"\" border=\"0\" width=\"300\" height=\"250\"><\/a><!-- Ende https:\/\/www.financeads.net\/-Code --><\/div>\t\t<\/div>\n\t\t\t\t<\/div>\n\t\t\t\t<div class=\"elementor-element elementor-element-e79250d elementor-widget elementor-widget-wp-widget-advads_ad_widget\" data-id=\"e79250d\" data-element_type=\"widget\" data-widget_type=\"wp-widget-advads_ad_widget.default\">\n\t\t\t\t<div class=\"elementor-widget-container\">\n\t\t\t<div id=\"regio-3037331483\"><div class=\"regio-adlabel\">Werbung<\/div><!-- Beginn https:\/\/www.financeads.net\/-Code --><a href=\"https:\/\/www.financeads.net\/tc.php?t=36648C271460142B\" target=\"_blank\"><img loading=\"lazy\" decoding=\"async\" src=\"https:\/\/www.financeads.net\/tb.php?t=36648V271460142B&https=1\" alt=\"PETPROTECT_Hund&Katze_Banner\" border=\"0\" width=\"250\" height=\"250\"><\/a><!-- Ende https:\/\/www.financeads.net\/-Code --><\/div>\t\t<\/div>\n\t\t\t\t<\/div>\n\t\t\t\t\t<\/div>\n\t\t<\/div>\n\t\t\t\t\t<\/div>\n\t\t<\/section>\n\t\t\t\t<\/div>\n\t\t","protected":false},"excerpt":{"rendered":"<div class=\"mh-excerpt\"><p>\u00bbGemeinsam statt einsam\u00ab \u2013 Heiliger Abend 2018Montag, 24. Dezember 2018, 18.30 Uhr bis 21.30 Uhr Schwabach &#8211; Am Montag, den 24.12.2018, l\u00e4dt die Evangelisch-Lutherische Kirchengemeinde St. Martin, zusammen mit der Werbe- und Stadtgemeinschaft, der Arbeiterwohlfahrt, <a class=\"mh-excerpt-more\" href=\"https:\/\/www.region-schwabach.de\/wordpress\/gemeinsam-statt-einsam-heiliger-abend-2018\/\" title=\"\u00bbGemeinsam statt einsam\u00ab &#8211; Heiliger Abend 2018\">[&#8230;]<\/a><\/p>\n<\/div>","protected":false},"author":1,"featured_media":69570,"comment_status":"open","ping_status":"open","sticky":false,"template":"","format":"standard","meta":{"_cbd_carousel_blocks":"[]","footnotes":""},"categories":[16,287,231,46,140],"tags":[7179,6726,3407,650,7381,7313,7380,7384,7379,7383,19,7382,983,7208,7148,2678],"class_list":{"0":"post-69569","1":"post","2":"type-post","3":"status-publish","4":"format-standard","5":"has-post-thumbnail","7":"category-aktuell","8":"category-jugend-und-familie","9":"category-veranstaltungsnews","10":"category-verbaende","11":"category-vereine","12":"tag-24-12-2018","13":"tag-arbeiterwohlfahrt","14":"tag-evangelisch-lutherische-kirchengemeinde","15":"tag-evangelisches-haus","16":"tag-festessen","17":"tag-gemeinsam-statt-einsam","18":"tag-heiliger-abend","19":"tag-kirchliche-allgemeine-sozialarbeit-der-diakonie","20":"tag-pfarramt-st-martin","21":"tag-quartiersmanagement","22":"tag-schwabach","23":"tag-tombola","24":"tag-unterhaltung","25":"tag-weihnachten","26":"tag-werbe-und-stadtgemeinschaft-schwabach","27":"tag-wittelsbacherstrasse"},"_links":{"self":[{"href":"https:\/\/www.region-schwabach.de\/wordpress\/wp-json\/wp\/v2\/posts\/69569","targetHints":{"allow":["GET"]}}],"collection":[{"href":"https:\/\/www.region-schwabach.de\/wordpress\/wp-json\/wp\/v2\/posts"}],"about":[{"href":"https:\/\/www.region-schwabach.de\/wordpress\/wp-json\/wp\/v2\/types\/post"}],"author":[{"embeddable":true,"href":"https:\/\/www.region-schwabach.de\/wordpress\/wp-json\/wp\/v2\/users\/1"}],"replies":[{"embeddable":true,"href":"https:\/\/www.region-schwabach.de\/wordpress\/wp-json\/wp\/v2\/comments?post=69569"}],"version-history":[{"count":0,"href":"https:\/\/www.region-schwabach.de\/wordpress\/wp-json\/wp\/v2\/posts\/69569\/revisions"}],"wp:featuredmedia":[{"embeddable":true,"href":"https:\/\/www.region-schwabach.de\/wordpress\/wp-json\/wp\/v2\/media\/69570"}],"wp:attachment":[{"href":"https:\/\/www.region-schwabach.de\/wordpress\/wp-json\/wp\/v2\/media?parent=69569"}],"wp:term":[{"taxonomy":"category","embeddable":true,"href":"https:\/\/www.region-schwabach.de\/wordpress\/wp-json\/wp\/v2\/categories?post=69569"},{"taxonomy":"post_tag","embeddable":true,"href":"https:\/\/www.region-schwabach.de\/wordpress\/wp-json\/wp\/v2\/tags?post=69569"}],"curies":[{"name":"wp","href":"https:\/\/api.w.org\/{rel}","templated":true}]}}