{"id":7044,"date":"2017-08-18T10:02:36","date_gmt":"2017-08-18T08:02:36","guid":{"rendered":"http:\/\/www.region-schwabach.de\/wordpress\/?p=7044"},"modified":"2017-08-18T10:40:54","modified_gmt":"2017-08-18T08:40:54","slug":"gerhard-falkner-und-franzobel-fuer-deutschen-buchpreis-nominiert","status":"publish","type":"post","link":"https:\/\/www.region-schwabach.de\/wordpress\/gerhard-falkner-und-franzobel-fuer-deutschen-buchpreis-nominiert\/","title":{"rendered":"Gerhard Falkner und Franzobel f\u00fcr Deutschen Buchpreis nominiert"},"content":{"rendered":"\t\t<div data-elementor-type=\"wp-post\" data-elementor-id=\"7044\" class=\"elementor elementor-7044 elementor-bc-flex-widget\">\n\t\t\t\t\t\t<section class=\"elementor-section elementor-top-section elementor-element elementor-element-1dzeyuh elementor-section-boxed elementor-section-height-default elementor-section-height-default\" data-id=\"1dzeyuh\" data-element_type=\"section\">\n\t\t\t\t\t\t<div class=\"elementor-container elementor-column-gap-default\">\n\t\t\t\t\t<div class=\"elementor-column elementor-col-66 elementor-top-column elementor-element elementor-element-aam59ft\" data-id=\"aam59ft\" data-element_type=\"column\">\n\t\t\t<div class=\"elementor-widget-wrap elementor-element-populated\">\n\t\t\t\t\t\t<div class=\"elementor-element elementor-element-k9p1oyc elementor-widget elementor-widget-text-editor\" data-id=\"k9p1oyc\" data-element_type=\"widget\" data-widget_type=\"text-editor.default\">\n\t\t\t\t<div class=\"elementor-widget-container\">\n\t\t\t\t\t\t\t<h3>Nominierung f\u00fcr Deutschen Buchpreis 2017<\/h3><p>Mit Gerhard Falkner (* 1951 in Schwabach) und Franzobel (b\u00fcrgerlicher Name Franz Stefan Griebl, * 1967 in \u00d6sterreich) sind auch zwei Autoren f\u00fcr den Deutschen Buchpreis 2017 nominiert, die im November auch auf der Schwabacher LesArt zu Besuch sein werden.<\/p><p><strong>Gerhard Falkner<\/strong>\u00a0ist einer der bedeutendsten Dichter der Gegenwart. Er liest\u00a0am Montag, den 13.11.17 um 20 Uhr im Stadtmuseum aus der\u00a0Krimikom\u00f6die &#8222;Romeo oder Julia&#8220;.<\/p><p><a href=\"https:\/\/de.wikipedia.org\/wiki\/Gerhard_Falkner\" target=\"_blank\" rel=\"noopener\">Hier geht&#8217;s zum Wikipedia-Eintrag von Gerhard Falkner &#8230;<\/a><\/p><p><strong>Franzobel<\/strong>, ist einer der popul\u00e4rsten \u00f6sterreichischen Schriftsteller. Er liest am Donnerstag, den 09.11.17 um 20 Uhr im B\u00fcrgerhaus aus seinem aktuellen Roman \u201cDas Flo\u00df der Medusa\u201c.\u00a0<\/p><p><a href=\"https:\/\/de.wikipedia.org\/wiki\/Franzobel\" target=\"_blank\" rel=\"noopener\">Hier geht&#8217;s zum Wikipedia-Eintrag von Franzobel &#8230;<\/a><\/p><p>Mehr Informationen zur LesArt und den dort vorgestellten Werken <a href=\"http:\/\/www.schwabach.de\/de\/schwabach-erleben\/veranstaltungen\/beliebte-veranstaltungen\/lesart.html\" target=\"_blank\" rel=\"noopener\">finden Sie hier &#8230;<\/a><\/p>\t\t\t\t\t\t<\/div>\n\t\t\t\t<\/div>\n\t\t\t\t\t<\/div>\n\t\t<\/div>\n\t\t\t\t<div class=\"elementor-column elementor-col-33 elementor-top-column elementor-element elementor-element-uferl75\" data-id=\"uferl75\" data-element_type=\"column\">\n\t\t\t<div class=\"elementor-widget-wrap\">\n\t\t\t\t\t\t\t<\/div>\n\t\t<\/div>\n\t\t\t\t\t<\/div>\n\t\t<\/section>\n\t\t\t\t<\/div>\n\t\t","protected":false},"excerpt":{"rendered":"<div class=\"mh-excerpt\"><p>Nominierung f\u00fcr Deutschen Buchpreis 2017 Mit Gerhard Falkner (* 1951 in Schwabach) und Franzobel (b\u00fcrgerlicher Name Franz Stefan Griebl, * 1967 in \u00d6sterreich) sind auch zwei Autoren f\u00fcr den Deutschen Buchpreis 2017 nominiert, die im <a class=\"mh-excerpt-more\" href=\"https:\/\/www.region-schwabach.de\/wordpress\/gerhard-falkner-und-franzobel-fuer-deutschen-buchpreis-nominiert\/\" title=\"Gerhard Falkner und Franzobel f\u00fcr Deutschen Buchpreis nominiert\">[&#8230;]<\/a><\/p>\n<\/div>","protected":false},"author":1,"featured_media":7045,"comment_status":"open","ping_status":"open","sticky":false,"template":"template-full.php","format":"standard","meta":{"_cbd_carousel_blocks":"[]","footnotes":""},"categories":[16,1,94,95],"tags":[312,310,309,311,19],"class_list":{"0":"post-7044","1":"post","2":"type-post","3":"status-publish","4":"format-standard","5":"has-post-thumbnail","7":"category-aktuell","8":"category-allgemein","9":"category-kunst-und-kultur","10":"category-literatur","11":"tag-deutscher-buchpreis","12":"tag-franzobel","13":"tag-gerhard-falkner","14":"tag-lesart","15":"tag-schwabach"},"_links":{"self":[{"href":"https:\/\/www.region-schwabach.de\/wordpress\/wp-json\/wp\/v2\/posts\/7044","targetHints":{"allow":["GET"]}}],"collection":[{"href":"https:\/\/www.region-schwabach.de\/wordpress\/wp-json\/wp\/v2\/posts"}],"about":[{"href":"https:\/\/www.region-schwabach.de\/wordpress\/wp-json\/wp\/v2\/types\/post"}],"author":[{"embeddable":true,"href":"https:\/\/www.region-schwabach.de\/wordpress\/wp-json\/wp\/v2\/users\/1"}],"replies":[{"embeddable":true,"href":"https:\/\/www.region-schwabach.de\/wordpress\/wp-json\/wp\/v2\/comments?post=7044"}],"version-history":[{"count":0,"href":"https:\/\/www.region-schwabach.de\/wordpress\/wp-json\/wp\/v2\/posts\/7044\/revisions"}],"wp:featuredmedia":[{"embeddable":true,"href":"https:\/\/www.region-schwabach.de\/wordpress\/wp-json\/wp\/v2\/media\/7045"}],"wp:attachment":[{"href":"https:\/\/www.region-schwabach.de\/wordpress\/wp-json\/wp\/v2\/media?parent=7044"}],"wp:term":[{"taxonomy":"category","embeddable":true,"href":"https:\/\/www.region-schwabach.de\/wordpress\/wp-json\/wp\/v2\/categories?post=7044"},{"taxonomy":"post_tag","embeddable":true,"href":"https:\/\/www.region-schwabach.de\/wordpress\/wp-json\/wp\/v2\/tags?post=7044"}],"curies":[{"name":"wp","href":"https:\/\/api.w.org\/{rel}","templated":true}]}}