{"id":70571,"date":"2018-12-18T12:57:49","date_gmt":"2018-12-18T11:57:49","guid":{"rendered":"http:\/\/www.region-schwabach.de\/wordpress\/?p=70571"},"modified":"2018-12-18T13:10:44","modified_gmt":"2018-12-18T12:10:44","slug":"12-jahrige-sarah-r-vermisst-offentlichkeitsfahndung","status":"publish","type":"post","link":"https:\/\/www.region-schwabach.de\/wordpress\/12-jahrige-sarah-r-vermisst-offentlichkeitsfahndung\/","title":{"rendered":"12-j\u00e4hrige Sarah R. vermisst &#8211; \u00d6ffentlichkeitsfahndung"},"content":{"rendered":"\t\t<div data-elementor-type=\"wp-post\" data-elementor-id=\"70571\" class=\"elementor elementor-70571 elementor-bc-flex-widget\">\n\t\t\t\t\t\t<section class=\"elementor-section elementor-top-section elementor-element elementor-element-1cuv9jr elementor-section-boxed elementor-section-height-default elementor-section-height-default\" data-id=\"1cuv9jr\" data-element_type=\"section\">\n\t\t\t\t\t\t<div class=\"elementor-container elementor-column-gap-default\">\n\t\t\t\t\t<div class=\"elementor-column elementor-col-66 elementor-top-column elementor-element elementor-element-q5zak7b\" data-id=\"q5zak7b\" data-element_type=\"column\">\n\t\t\t<div class=\"elementor-widget-wrap elementor-element-populated\">\n\t\t\t\t\t\t<div class=\"elementor-element elementor-element-948e1ec elementor-widget elementor-widget-wp-widget-advads_ad_widget\" data-id=\"948e1ec\" data-element_type=\"widget\" data-widget_type=\"wp-widget-advads_ad_widget.default\">\n\t\t\t\t<div class=\"elementor-widget-container\">\n\t\t\t<div id=\"regio-3252711743\"><div class=\"regio-adlabel\">Werbung<\/div><!-- Beginn https:\/\/www.financeads.net\/-Code --><a href=\"https:\/\/www.financeads.net\/tc.php?t=36648C19118058B\" target=\"_blank\"><img fetchpriority=\"high\" decoding=\"async\" src=\"https:\/\/www.financeads.net\/tb.php?t=36648V19118058B&https=1\" alt=\"\" border=\"0\" width=\"728\" height=\"90\"><\/a><!-- Ende https:\/\/www.financeads.net\/-Code --><\/div>\t\t<\/div>\n\t\t\t\t<\/div>\n\t\t\t\t<div class=\"elementor-element elementor-element-763ecdd elementor-widget elementor-widget-text-editor\" data-id=\"763ecdd\" data-element_type=\"widget\" data-widget_type=\"text-editor.default\">\n\t\t\t\t<div class=\"elementor-widget-container\">\n\t\t\t\t\t\t\t<h3 class=\"inhaltUeberschriftFolgeseitenFettAbstand\">12-j\u00e4hrige Sarah R. vermisst \u2013 \u00d6ffentlichkeitsfahndung<\/h3><p><span style=\"font-size: 12pt;\">Roth- Die 12-j\u00e4hrige Sarah R. aus Bechhofen (Ortsteil der Stadt Abenberg im Lkrs. Roth) wird seit heute Morgen (18.12.2018) vermisst. Die Polizei bittet um Mithilfe aus der Bev\u00f6lkerung.<\/span><\/p><p><a href=\"http:\/\/www.region-schwabach.de\/wordpress\/wp-content\/uploads\/2018\/12\/vermisstenfall_sarah_r..jpg\"><img decoding=\"async\" class=\"alignnone size-medium wp-image-70575\" src=\"http:\/\/www.region-schwabach.de\/wordpress\/wp-content\/uploads\/2018\/12\/vermisstenfall_sarah_r.-300x273.jpg\" alt=\"\" width=\"300\" height=\"273\" srcset=\"https:\/\/www.region-schwabach.de\/wordpress\/wp-content\/uploads\/2018\/12\/vermisstenfall_sarah_r.-300x273.jpg 300w, https:\/\/www.region-schwabach.de\/wordpress\/wp-content\/uploads\/2018\/12\/vermisstenfall_sarah_r..jpg 679w\" sizes=\"(max-width: 300px) 100vw, 300px\" \/><\/a><\/p><p><span style=\"font-size: 12pt;\">Sarah R. verlie\u00df heute Nacht oder in den fr\u00fchen Morgenstunden unbemerkt das elterliche Anwesen in Bechhofen und ist seither verschwunden. Umfangreiche Fahndungsma\u00dfnahmen der Polizei, in die unter anderem auch ein Polizeihubschrauber sowie Polizeisuchhunde eingebunden waren, verliefen bislang ohne Erfolg.<\/span><\/p><h3>Beschreibung der Vermissten:<\/h3><p><span style=\"font-size: 12pt;\">Das M\u00e4dchen ist etwa 140 cm gro\u00df, hat eine normale Figur und lange hellblonde Haare. Sie d\u00fcrfte mit einem Schlafanzug bekleidet sein. Dar\u00fcber tr\u00e4gt sie einen gr\u00fcnen, knielangen Parka, der einen auff\u00e4lligen pinken Fellbesatz an der Kapuze hat.\u00a0<\/span><\/p><p><span style=\"font-size: 12pt;\">Hinweise bitte an den Kriminaldauerdienst Mittelfranken unter der Telefonnummer 0911 2112-3333. In dringenden F\u00e4llen w\u00e4hlen Sie bitte den Polizei-Notruf unter der 110.<\/span><\/p><p><span style=\"font-size: 12pt;\">Original-Content von Polizeipr\u00e4sidium Mittelfranken<\/span><\/p>\t\t\t\t\t\t<\/div>\n\t\t\t\t<\/div>\n\t\t\t\t<div class=\"elementor-element elementor-element-ace1283 elementor-widget-divider--view-line elementor-widget elementor-widget-divider\" data-id=\"ace1283\" data-element_type=\"widget\" data-widget_type=\"divider.default\">\n\t\t\t\t<div class=\"elementor-widget-container\">\n\t\t\t\t\t<div class=\"elementor-divider\">\n\t\t\t<span class=\"elementor-divider-separator\">\n\t\t\t\t\t\t<\/span>\n\t\t<\/div>\n\t\t\t\t<\/div>\n\t\t\t\t<\/div>\n\t\t\t\t<div class=\"elementor-element elementor-element-1l7zbzo elementor-widget elementor-widget-google_maps\" data-id=\"1l7zbzo\" data-element_type=\"widget\" data-widget_type=\"google_maps.default\">\n\t\t\t\t<div class=\"elementor-widget-container\">\n\t\t\t\t\t<div class=\"elementor-custom-embed\">\n\t\t\t<iframe loading=\"lazy\"\n\t\t\t\t\tsrc=\"https:\/\/maps.google.com\/maps?q=Bechhofen%2C%20Abenberg%2C%20Deutschland&#038;t=m&#038;z=15&#038;output=embed&#038;iwloc=near\"\n\t\t\t\t\ttitle=\"Bechhofen, Abenberg, Deutschland\"\n\t\t\t\t\taria-label=\"Bechhofen, Abenberg, Deutschland\"\n\t\t\t><\/iframe>\n\t\t<\/div>\n\t\t\t\t<\/div>\n\t\t\t\t<\/div>\n\t\t\t\t\t<\/div>\n\t\t<\/div>\n\t\t\t\t<div class=\"elementor-column elementor-col-33 elementor-top-column elementor-element elementor-element-0w0urt1\" data-id=\"0w0urt1\" data-element_type=\"column\">\n\t\t\t<div class=\"elementor-widget-wrap elementor-element-populated\">\n\t\t\t\t\t\t<div class=\"elementor-element elementor-element-942c691 elementor-widget elementor-widget-wp-widget-advads_ad_widget\" data-id=\"942c691\" data-element_type=\"widget\" data-widget_type=\"wp-widget-advads_ad_widget.default\">\n\t\t\t\t<div class=\"elementor-widget-container\">\n\t\t\t<div id=\"regio-1351716766\"><div class=\"regio-adlabel\">Werbung<\/div><div id=\"regio-4056683845\"><!-- Beginn https:\/\/www.financeads.net\/-Code --><a href=\"https:\/\/www.financeads.net\/tc.php?t=36648C271460142B\" target=\"_blank\"><img decoding=\"async\" src=\"https:\/\/www.financeads.net\/tb.php?t=36648V271460142B&https=1\" alt=\"PETPROTECT_Hund&Katze_Banner\" border=\"0\" width=\"250\" height=\"250\"><\/a><!-- Ende https:\/\/www.financeads.net\/-Code --><\/div><div id=\"regio-1470706635\"><!-- Beginn https:\/\/www.financeads.net\/-Code --><a href=\"https:\/\/www.financeads.net\/tc.php?t=36648C236142529B\" target=\"_blank\"><img loading=\"lazy\" decoding=\"async\" src=\"https:\/\/www.financeads.net\/tb.php?t=36648V236142529B&https=1\" alt=\"\" border=\"0\" width=\"300\" height=\"250\"><\/a><!-- Ende https:\/\/www.financeads.net\/-Code --><\/div><div id=\"regio-2429496804\"><!-- Beginn https:\/\/www.financeads.net\/-Code --><a href=\"https:\/\/www.financeads.net\/tc.php?t=36648C205040072B\" target=\"_blank\"><img loading=\"lazy\" decoding=\"async\" src=\"https:\/\/www.financeads.net\/tb.php?t=36648V205040072B&https=1\" alt=\"\" border=\"0\" width=\"300\" height=\"250\"><\/a><!-- Ende https:\/\/www.financeads.net\/-Code --><\/div><div id=\"regio-2187245679\"><!-- Beginn https:\/\/www.financeads.net\/-Code --><a href=\"https:\/\/www.financeads.net\/tc.php?t=36648C42614510B\" target=\"_blank\"><img loading=\"lazy\" decoding=\"async\" src=\"https:\/\/www.financeads.net\/tb.php?t=36648V42614510B&https=1\" alt=\"\" border=\"0\" width=\"200\" height=\"300\"><\/a><!-- Ende https:\/\/www.financeads.net\/-Code --><\/div><\/div>\t\t<\/div>\n\t\t\t\t<\/div>\n\t\t\t\t\t<\/div>\n\t\t<\/div>\n\t\t\t\t\t<\/div>\n\t\t<\/section>\n\t\t\t\t<\/div>\n\t\t","protected":false},"excerpt":{"rendered":"<div class=\"mh-excerpt\"><p>12-j\u00e4hrige Sarah R. vermisst \u2013 \u00d6ffentlichkeitsfahndung Roth- Die 12-j\u00e4hrige Sarah R. aus Bechhofen (Ortsteil der Stadt Abenberg im Lkrs. Roth) wird seit heute Morgen (18.12.2018) vermisst. Die Polizei bittet um Mithilfe aus der Bev\u00f6lkerung. Sarah <a class=\"mh-excerpt-more\" href=\"https:\/\/www.region-schwabach.de\/wordpress\/12-jahrige-sarah-r-vermisst-offentlichkeitsfahndung\/\" title=\"12-j\u00e4hrige Sarah R. vermisst &#8211; \u00d6ffentlichkeitsfahndung\">[&#8230;]<\/a><\/p>\n<\/div>","protected":false},"author":1,"featured_media":70572,"comment_status":"open","ping_status":"open","sticky":false,"template":"","format":"standard","meta":{"_cbd_carousel_blocks":"[]","footnotes":""},"categories":[16,15],"tags":[7068,578,889,5031,5537,981,494,7441,7440],"class_list":{"0":"post-70571","1":"post","2":"type-post","3":"status-publish","4":"format-standard","5":"has-post-thumbnail","7":"category-aktuell","8":"category-polizeimeldungen","9":"tag-18-12-2018","10":"tag-abenberg","11":"tag-bechhofen","12":"tag-fahndungsmassnahmen","13":"tag-maedchen","14":"tag-polizei","15":"tag-polizeihubschrauber","16":"tag-polizeisuchhund","17":"tag-sarah-r"},"_links":{"self":[{"href":"https:\/\/www.region-schwabach.de\/wordpress\/wp-json\/wp\/v2\/posts\/70571","targetHints":{"allow":["GET"]}}],"collection":[{"href":"https:\/\/www.region-schwabach.de\/wordpress\/wp-json\/wp\/v2\/posts"}],"about":[{"href":"https:\/\/www.region-schwabach.de\/wordpress\/wp-json\/wp\/v2\/types\/post"}],"author":[{"embeddable":true,"href":"https:\/\/www.region-schwabach.de\/wordpress\/wp-json\/wp\/v2\/users\/1"}],"replies":[{"embeddable":true,"href":"https:\/\/www.region-schwabach.de\/wordpress\/wp-json\/wp\/v2\/comments?post=70571"}],"version-history":[{"count":0,"href":"https:\/\/www.region-schwabach.de\/wordpress\/wp-json\/wp\/v2\/posts\/70571\/revisions"}],"wp:featuredmedia":[{"embeddable":true,"href":"https:\/\/www.region-schwabach.de\/wordpress\/wp-json\/wp\/v2\/media\/70572"}],"wp:attachment":[{"href":"https:\/\/www.region-schwabach.de\/wordpress\/wp-json\/wp\/v2\/media?parent=70571"}],"wp:term":[{"taxonomy":"category","embeddable":true,"href":"https:\/\/www.region-schwabach.de\/wordpress\/wp-json\/wp\/v2\/categories?post=70571"},{"taxonomy":"post_tag","embeddable":true,"href":"https:\/\/www.region-schwabach.de\/wordpress\/wp-json\/wp\/v2\/tags?post=70571"}],"curies":[{"name":"wp","href":"https:\/\/api.w.org\/{rel}","templated":true}]}}