{"id":70822,"date":"2018-12-21T00:03:15","date_gmt":"2018-12-20T23:03:15","guid":{"rendered":"http:\/\/www.region-schwabach.de\/wordpress\/?p=70822"},"modified":"2018-12-20T22:39:46","modified_gmt":"2018-12-20T21:39:46","slug":"gemeinsames-engagement-fur-den-fairen-handel","status":"publish","type":"post","link":"https:\/\/www.region-schwabach.de\/wordpress\/gemeinsames-engagement-fur-den-fairen-handel\/","title":{"rendered":"Gemeinsames Engagement f\u00fcr den Fairen Handel"},"content":{"rendered":"\t\t<div data-elementor-type=\"wp-post\" data-elementor-id=\"70822\" class=\"elementor elementor-70822 elementor-bc-flex-widget\">\n\t\t\t\t\t\t<section class=\"elementor-section elementor-top-section elementor-element elementor-element-678181b elementor-section-boxed elementor-section-height-default elementor-section-height-default\" data-id=\"678181b\" data-element_type=\"section\">\n\t\t\t\t\t\t<div class=\"elementor-container elementor-column-gap-default\">\n\t\t\t\t\t<div class=\"elementor-column elementor-col-66 elementor-top-column elementor-element elementor-element-6b34026\" data-id=\"6b34026\" data-element_type=\"column\">\n\t\t\t<div class=\"elementor-widget-wrap elementor-element-populated\">\n\t\t\t\t\t\t<div class=\"elementor-element elementor-element-8f5c9e1 elementor-widget elementor-widget-wp-widget-advads_ad_widget\" data-id=\"8f5c9e1\" data-element_type=\"widget\" data-widget_type=\"wp-widget-advads_ad_widget.default\">\n\t\t\t\t<div class=\"elementor-widget-container\">\n\t\t\t<div id=\"regio-3186542933\"><div class=\"regio-adlabel\">Werbung<\/div><!-- Beginn https:\/\/www.financeads.net\/-Code --><a href=\"https:\/\/www.financeads.net\/tc.php?t=36648C19118058B\" target=\"_blank\"><img fetchpriority=\"high\" decoding=\"async\" src=\"https:\/\/www.financeads.net\/tb.php?t=36648V19118058B&https=1\" alt=\"\" border=\"0\" width=\"728\" height=\"90\"><\/a><!-- Ende https:\/\/www.financeads.net\/-Code --><\/div>\t\t<\/div>\n\t\t\t\t<\/div>\n\t\t\t\t<div class=\"elementor-element elementor-element-443ab98 elementor-widget elementor-widget-text-editor\" data-id=\"443ab98\" data-element_type=\"widget\" data-widget_type=\"text-editor.default\">\n\t\t\t\t<div class=\"elementor-widget-container\">\n\t\t\t\t\t\t\t<h3>Gemeinsam fair<br \/>Schwabacher Schulen zeigten gro\u00dfes Engagement<\/h3><p><span style=\"font-size: 12pt;\">Schwabach &#8211;\u00a0\u201eGemeinsam fair\u201c hie\u00df das Motto von vier Schwabacher Schulen auf dem Schwabacher Weihnachtsmarkt. Unter der Schirmherrschaft der Stadt Schwabach \u00fcbernahmen die Christian-Maar-Grundschule, das Wolfram-von-Eschenbach-Gymnasium (WEG), die Hermann-Stamm-Realschule und das Adam-Kraft-Gymnasium je einen Verkaufstag im Stand des Eine-Welt-Ladens (EWL). Eine Sch\u00fclerin des Wolfram-von-Eschenbach Gymnasiums hatte vor gut einem Jahr die Idee dazu. <\/span><\/p><h3>WEG ist offizielle Fairtrade-School<\/h3><p><span style=\"font-size: 12pt;\">Seit Februar ist das WEG offiziell Fairtrade-School. Sch\u00fclerinnen und Sch\u00fcler aller Klassenstufen kamen auf dem Weihnachtsmarkt mit Besucherinnen und Besuchern zum Thema \u201eFairtrade\u201c ins Gespr\u00e4ch.<\/span><\/p><h3>Fair gehandelte Produkte<\/h3><p><span style=\"font-size: 12pt;\">\u201eDies ist auch wunderbar gelungen\u201c, sagte Claudia Gerundt, verantwortliche Lehrerin des WEG. Die Sch\u00fclerinnen und Sch\u00fcler verkauften fair gehandelte Produkte wie Schokolade, Honig und Fingerpuppen. <\/span><\/p><h3>Schokoladenverkostung war der Renner<\/h3><p><span style=\"font-size: 12pt;\">Die jungen Leute machten mit ihrem Engagement auf die schwierige Lage der Menschen in den L\u00e4ndern des S\u00fcdens aufmerksam. Ein besonderes Highlight f\u00fcr die Besucher waren die Schokoladenverkostungen, die durch den Elternbeirat des WEG erm\u00f6glicht wurden. <\/span><\/p><h3>Teilnehmende Sch\u00fcler begeistert<\/h3><p><span style=\"font-size: 12pt;\">\u201eDie Sch\u00fcler waren so begeistert, dass sie trotz Schichtwechsels noch gerne weitergearbeitet h\u00e4tten\u201c, merkte Claudia Gerundt an. \u201eZum ersten Mal haben sich vier Schulen f\u00fcr den Fairen Handel eingesetzt. Das finde ich gro\u00dfartig.\u201c, freut sich B\u00fcrgermeister Roland Oeser.<\/span><\/p><p><span style=\"font-size: 12pt;\"><strong>Fotos:<\/strong> Stadt Schwabach<\/span><\/p><h3>Weiterf\u00fchrende Links:<\/h3><p><a href=\"https:\/\/www.schwabach.de\/de\/wissenswertes\/fairtrade.html\" target=\"_blank\" rel=\"noopener\"><span style=\"font-size: 12pt;\">Weitere Informationen zum Thema Fairtrade in Schwabach gibt es hier &#8230;<\/span><\/a><\/p><p><span style=\"font-size: 12pt;\"><a href=\"https:\/\/www.region-schwabach.de\/wordpress\/faire-weihnachtsbude-der-schwabacher-schulen\/\" target=\"_blank\" rel=\"noopener\">Einen weiteren Bericht zu dieser Aktion gibt es hier &#8230;<\/a><\/span><\/p>\t\t\t\t\t\t<\/div>\n\t\t\t\t<\/div>\n\t\t\t\t<section class=\"elementor-section elementor-inner-section elementor-element elementor-element-d495a97 elementor-section-boxed elementor-section-height-default elementor-section-height-default\" data-id=\"d495a97\" data-element_type=\"section\">\n\t\t\t\t\t\t<div class=\"elementor-container elementor-column-gap-default\">\n\t\t\t\t\t<div class=\"elementor-column elementor-col-100 elementor-inner-column elementor-element elementor-element-2c690c1\" data-id=\"2c690c1\" data-element_type=\"column\">\n\t\t\t<div class=\"elementor-widget-wrap elementor-element-populated\">\n\t\t\t\t\t\t<div class=\"elementor-element elementor-element-0ad9de9 elementor-widget elementor-widget-html\" data-id=\"0ad9de9\" data-element_type=\"widget\" data-widget_type=\"html.default\">\n\t\t\t\t<div class=\"elementor-widget-container\">\n\t\t\t<iframe style=\"width:120px;height:240px;\" marginwidth=\"0\" marginheight=\"0\" scrolling=\"no\" frameborder=\"0\" src=\"\/\/ws-eu.amazon-adsystem.com\/widgets\/q?ServiceVersion=20070822&OneJS=1&Operation=GetAdHtml&MarketPlace=DE&source=ac&ref=qf_sp_asin_til&ad_type=product_link&tracking_id=hlde-21&marketplace=amazon&region=DE&placement=3942194104&asins=3942194104&linkId=55dacc9410d97396e46de337a25b5fec&show_border=true&link_opens_in_new_window=true&price_color=333333&title_color=0066c0&bg_color=ffffff\"><\/iframe>\n<iframe style=\"width:120px;height:240px;\" marginwidth=\"0\" marginheight=\"0\" scrolling=\"no\" frameborder=\"0\" src=\"\/\/ws-eu.amazon-adsystem.com\/widgets\/q?ServiceVersion=20070822&OneJS=1&Operation=GetAdHtml&MarketPlace=DE&source=ac&ref=qf_sp_asin_til&ad_type=product_link&tracking_id=hlde-21&marketplace=amazon&region=DE&placement=3936086834&asins=3936086834&linkId=d2aa88b32e64480b8cd6dd29672f1dda&show_border=true&link_opens_in_new_window=true&price_color=333333&title_color=0066c0&bg_color=ffffff\"><\/iframe>\n<iframe style=\"width:120px;height:240px;\" marginwidth=\"0\" marginheight=\"0\" scrolling=\"no\" frameborder=\"0\" src=\"\/\/ws-eu.amazon-adsystem.com\/widgets\/q?ServiceVersion=20070822&OneJS=1&Operation=GetAdHtml&MarketPlace=DE&source=ac&ref=qf_sp_asin_til&ad_type=product_link&tracking_id=hlde-21&marketplace=amazon&region=DE&placement=3727214562&asins=3727214562&linkId=8dbc2118191e024b5ae21a57ff446a8f&show_border=true&link_opens_in_new_window=true&price_color=333333&title_color=0066c0&bg_color=ffffff\"><\/iframe>\t\t<\/div>\n\t\t\t\t<\/div>\n\t\t\t\t\t<\/div>\n\t\t<\/div>\n\t\t\t\t\t<\/div>\n\t\t<\/section>\n\t\t\t\t<div class=\"elementor-element elementor-element-709011a elementor-widget-divider--view-line elementor-widget elementor-widget-divider\" data-id=\"709011a\" data-element_type=\"widget\" data-widget_type=\"divider.default\">\n\t\t\t\t<div class=\"elementor-widget-container\">\n\t\t\t\t\t<div class=\"elementor-divider\">\n\t\t\t<span class=\"elementor-divider-separator\">\n\t\t\t\t\t\t<\/span>\n\t\t<\/div>\n\t\t\t\t<\/div>\n\t\t\t\t<\/div>\n\t\t\t\t<div class=\"elementor-element elementor-element-b465de7 elementor-widget elementor-widget-google_maps\" data-id=\"b465de7\" data-element_type=\"widget\" data-widget_type=\"google_maps.default\">\n\t\t\t\t<div class=\"elementor-widget-container\">\n\t\t\t\t\t<div class=\"elementor-custom-embed\">\n\t\t\t<iframe loading=\"lazy\"\n\t\t\t\t\tsrc=\"https:\/\/maps.google.com\/maps?q=K%C3%B6nigsplatz%201%2C%20Schwabach%2C%20Deutschland&#038;t=m&#038;z=17&#038;output=embed&#038;iwloc=near\"\n\t\t\t\t\ttitle=\"K\u00f6nigsplatz 1, Schwabach, Deutschland\"\n\t\t\t\t\taria-label=\"K\u00f6nigsplatz 1, Schwabach, Deutschland\"\n\t\t\t><\/iframe>\n\t\t<\/div>\n\t\t\t\t<\/div>\n\t\t\t\t<\/div>\n\t\t\t\t\t<\/div>\n\t\t<\/div>\n\t\t\t\t<div class=\"elementor-column elementor-col-33 elementor-top-column elementor-element elementor-element-f645137\" data-id=\"f645137\" data-element_type=\"column\">\n\t\t\t<div class=\"elementor-widget-wrap elementor-element-populated\">\n\t\t\t\t\t\t<div class=\"elementor-element elementor-element-7eca624 elementor-widget elementor-widget-wp-widget-advads_ad_widget\" data-id=\"7eca624\" data-element_type=\"widget\" data-widget_type=\"wp-widget-advads_ad_widget.default\">\n\t\t\t\t<div class=\"elementor-widget-container\">\n\t\t\t<div id=\"regio-2342498843\"><div class=\"regio-adlabel\">Werbung<\/div><div id=\"regio-3215505416\"><!-- Beginn https:\/\/www.financeads.net\/-Code --><a href=\"https:\/\/www.financeads.net\/tc.php?t=36648C271460142B\" target=\"_blank\"><img decoding=\"async\" src=\"https:\/\/www.financeads.net\/tb.php?t=36648V271460142B&https=1\" alt=\"PETPROTECT_Hund&Katze_Banner\" border=\"0\" width=\"250\" height=\"250\"><\/a><!-- Ende https:\/\/www.financeads.net\/-Code --><\/div><div id=\"regio-3460757419\"><!-- Beginn https:\/\/www.financeads.net\/-Code --><a href=\"https:\/\/www.financeads.net\/tc.php?t=36648C236142529B\" target=\"_blank\"><img decoding=\"async\" src=\"https:\/\/www.financeads.net\/tb.php?t=36648V236142529B&https=1\" alt=\"\" border=\"0\" width=\"300\" height=\"250\"><\/a><!-- Ende https:\/\/www.financeads.net\/-Code --><\/div><div id=\"regio-1587951361\"><!-- Beginn https:\/\/www.financeads.net\/-Code --><a href=\"https:\/\/www.financeads.net\/tc.php?t=36648C205040072B\" target=\"_blank\"><img loading=\"lazy\" decoding=\"async\" src=\"https:\/\/www.financeads.net\/tb.php?t=36648V205040072B&https=1\" alt=\"\" border=\"0\" width=\"300\" height=\"250\"><\/a><!-- Ende https:\/\/www.financeads.net\/-Code --><\/div><div id=\"regio-2530649710\"><!-- Beginn https:\/\/www.financeads.net\/-Code --><a href=\"https:\/\/www.financeads.net\/tc.php?t=36648C42614510B\" target=\"_blank\"><img loading=\"lazy\" decoding=\"async\" src=\"https:\/\/www.financeads.net\/tb.php?t=36648V42614510B&https=1\" alt=\"\" border=\"0\" width=\"200\" height=\"300\"><\/a><!-- Ende https:\/\/www.financeads.net\/-Code --><\/div><\/div>\t\t<\/div>\n\t\t\t\t<\/div>\n\t\t\t\t\t<\/div>\n\t\t<\/div>\n\t\t\t\t\t<\/div>\n\t\t<\/section>\n\t\t\t\t<section class=\"elementor-section elementor-top-section elementor-element elementor-element-a173448 elementor-section-boxed elementor-section-height-default elementor-section-height-default\" data-id=\"a173448\" data-element_type=\"section\">\n\t\t\t\t\t\t<div class=\"elementor-container elementor-column-gap-default\">\n\t\t\t\t\t<div class=\"elementor-column elementor-col-50 elementor-top-column elementor-element elementor-element-e58d211\" data-id=\"e58d211\" data-element_type=\"column\">\n\t\t\t<div class=\"elementor-widget-wrap elementor-element-populated\">\n\t\t\t\t\t\t<div class=\"elementor-element elementor-element-3017015 elementor-widget elementor-widget-image\" data-id=\"3017015\" data-element_type=\"widget\" data-widget_type=\"image.default\">\n\t\t\t\t<div class=\"elementor-widget-container\">\n\t\t\t\t\t\t\t\t\t\t<figure class=\"wp-caption\">\n\t\t\t\t\t\t\t\t\t\t\t<a href=\"http:\/\/www.region-schwabach.de\/wordpress\/wp-content\/uploads\/2018\/12\/PM321_AKG_Faire_Weihnachtsbude--e1545304565643.jpg\" data-elementor-open-lightbox=\"yes\" data-elementor-lightbox-title=\"PM321_AKG_Faire_Weihnachtsbude\" data-e-action-hash=\"#elementor-action%3Aaction%3Dlightbox%26settings%3DeyJpZCI6NzA4MzEsInVybCI6Imh0dHBzOlwvXC93d3cucmVnaW9uLXNjaHdhYmFjaC5kZVwvd29yZHByZXNzXC93cC1jb250ZW50XC91cGxvYWRzXC8yMDE4XC8xMlwvUE0zMjFfQUtHX0ZhaXJlX1dlaWhuYWNodHNidWRlLS1lMTU0NTMwNDU2NTY0My5qcGcifQ%3D%3D\">\n\t\t\t\t\t\t\t<img loading=\"lazy\" decoding=\"async\" width=\"640\" height=\"654\" src=\"https:\/\/www.region-schwabach.de\/wordpress\/wp-content\/uploads\/2018\/12\/PM321_AKG_Faire_Weihnachtsbude--e1545304565643.jpg\" class=\"attachment-full size-full wp-image-70831\" alt=\"\" \/>\t\t\t\t\t\t\t\t<\/a>\n\t\t\t\t\t\t\t\t\t\t\t<figcaption class=\"widget-image-caption wp-caption-text\">Faire Weihnachtsbude mit Sch\u00fclern vom Schwabacher Adam-Kraft-Gymnasium<\/figcaption>\n\t\t\t\t\t\t\t\t\t\t<\/figure>\n\t\t\t\t\t\t\t<\/div>\n\t\t\t\t<\/div>\n\t\t\t\t\t<\/div>\n\t\t<\/div>\n\t\t\t\t<div class=\"elementor-column elementor-col-50 elementor-top-column elementor-element elementor-element-01f7f27\" data-id=\"01f7f27\" data-element_type=\"column\">\n\t\t\t<div class=\"elementor-widget-wrap elementor-element-populated\">\n\t\t\t\t\t\t<div class=\"elementor-element elementor-element-25148f0 elementor-widget elementor-widget-image\" data-id=\"25148f0\" data-element_type=\"widget\" data-widget_type=\"image.default\">\n\t\t\t\t<div class=\"elementor-widget-container\">\n\t\t\t\t\t\t\t\t\t\t<figure class=\"wp-caption\">\n\t\t\t\t\t\t\t\t\t\t\t<a href=\"http:\/\/www.region-schwabach.de\/wordpress\/wp-content\/uploads\/2018\/12\/PM321_CMS_Faire_Weihnachtsbude-e1545304732831.jpg\" data-elementor-open-lightbox=\"yes\" data-elementor-lightbox-title=\"PM321_CMS_Faire_Weihnachtsbude\" data-e-action-hash=\"#elementor-action%3Aaction%3Dlightbox%26settings%3DeyJpZCI6NzA4MzMsInVybCI6Imh0dHBzOlwvXC93d3cucmVnaW9uLXNjaHdhYmFjaC5kZVwvd29yZHByZXNzXC93cC1jb250ZW50XC91cGxvYWRzXC8yMDE4XC8xMlwvUE0zMjFfQ01TX0ZhaXJlX1dlaWhuYWNodHNidWRlLWUxNTQ1MzA0NzMyODMxLmpwZyJ9\">\n\t\t\t\t\t\t\t<img loading=\"lazy\" decoding=\"async\" width=\"640\" height=\"640\" src=\"https:\/\/www.region-schwabach.de\/wordpress\/wp-content\/uploads\/2018\/12\/PM321_CMS_Faire_Weihnachtsbude-e1545304732831.jpg\" class=\"attachment-full size-full wp-image-70833\" alt=\"\" \/>\t\t\t\t\t\t\t\t<\/a>\n\t\t\t\t\t\t\t\t\t\t\t<figcaption class=\"widget-image-caption wp-caption-text\">Faire Weihnachtsbude mit Sch\u00fclern der Schwabacher Christian-Maar-Grundschule<\/figcaption>\n\t\t\t\t\t\t\t\t\t\t<\/figure>\n\t\t\t\t\t\t\t<\/div>\n\t\t\t\t<\/div>\n\t\t\t\t\t<\/div>\n\t\t<\/div>\n\t\t\t\t\t<\/div>\n\t\t<\/section>\n\t\t\t\t<section class=\"elementor-section elementor-top-section elementor-element elementor-element-3c4c600 elementor-section-boxed elementor-section-height-default elementor-section-height-default\" data-id=\"3c4c600\" data-element_type=\"section\">\n\t\t\t\t\t\t<div class=\"elementor-container elementor-column-gap-default\">\n\t\t\t\t\t<div class=\"elementor-column elementor-col-50 elementor-top-column elementor-element elementor-element-60f26ba\" data-id=\"60f26ba\" data-element_type=\"column\">\n\t\t\t<div class=\"elementor-widget-wrap elementor-element-populated\">\n\t\t\t\t\t\t<div class=\"elementor-element elementor-element-ecb7cd6 elementor-widget elementor-widget-image\" data-id=\"ecb7cd6\" data-element_type=\"widget\" data-widget_type=\"image.default\">\n\t\t\t\t<div class=\"elementor-widget-container\">\n\t\t\t\t\t\t\t\t\t\t<figure class=\"wp-caption\">\n\t\t\t\t\t\t\t\t\t\t\t<a href=\"http:\/\/www.region-schwabach.de\/wordpress\/wp-content\/uploads\/2018\/12\/PM321_Fairer_Weihnachtsmarkt_Realschule-e1545304851185.jpg\" data-elementor-open-lightbox=\"yes\" data-elementor-lightbox-title=\"PM321_Fairer_Weihnachtsmarkt_Realschule\" data-e-action-hash=\"#elementor-action%3Aaction%3Dlightbox%26settings%3DeyJpZCI6NzA4MzYsInVybCI6Imh0dHBzOlwvXC93d3cucmVnaW9uLXNjaHdhYmFjaC5kZVwvd29yZHByZXNzXC93cC1jb250ZW50XC91cGxvYWRzXC8yMDE4XC8xMlwvUE0zMjFfRmFpcmVyX1dlaWhuYWNodHNtYXJrdF9SZWFsc2NodWxlLWUxNTQ1MzA0ODUxMTg1LmpwZyJ9\">\n\t\t\t\t\t\t\t<img loading=\"lazy\" decoding=\"async\" width=\"640\" height=\"640\" src=\"https:\/\/www.region-schwabach.de\/wordpress\/wp-content\/uploads\/2018\/12\/PM321_Fairer_Weihnachtsmarkt_Realschule-e1545304851185.jpg\" class=\"attachment-full size-full wp-image-70836\" alt=\"\" \/>\t\t\t\t\t\t\t\t<\/a>\n\t\t\t\t\t\t\t\t\t\t\t<figcaption class=\"widget-image-caption wp-caption-text\">Faire Weihnachtsbude mit Sch\u00fclern der Schwabacher Hermann-Stamm-Realschule<\/figcaption>\n\t\t\t\t\t\t\t\t\t\t<\/figure>\n\t\t\t\t\t\t\t<\/div>\n\t\t\t\t<\/div>\n\t\t\t\t\t<\/div>\n\t\t<\/div>\n\t\t\t\t<div class=\"elementor-column elementor-col-50 elementor-top-column elementor-element elementor-element-8a67880\" data-id=\"8a67880\" data-element_type=\"column\">\n\t\t\t<div class=\"elementor-widget-wrap elementor-element-populated\">\n\t\t\t\t\t\t<div class=\"elementor-element elementor-element-00c14ec elementor-widget elementor-widget-image\" data-id=\"00c14ec\" data-element_type=\"widget\" data-widget_type=\"image.default\">\n\t\t\t\t<div class=\"elementor-widget-container\">\n\t\t\t\t\t\t\t\t\t\t<figure class=\"wp-caption\">\n\t\t\t\t\t\t\t\t\t\t\t<a href=\"http:\/\/www.region-schwabach.de\/wordpress\/wp-content\/uploads\/2018\/12\/PM321_WEG_Faire_Weihnachtsbude-e1545304999447.jpg\" data-elementor-open-lightbox=\"yes\" data-elementor-lightbox-title=\"PM321_WEG_Faire_Weihnachtsbude\" data-e-action-hash=\"#elementor-action%3Aaction%3Dlightbox%26settings%3DeyJpZCI6NzA4MzgsInVybCI6Imh0dHBzOlwvXC93d3cucmVnaW9uLXNjaHdhYmFjaC5kZVwvd29yZHByZXNzXC93cC1jb250ZW50XC91cGxvYWRzXC8yMDE4XC8xMlwvUE0zMjFfV0VHX0ZhaXJlX1dlaWhuYWNodHNidWRlLWUxNTQ1MzA0OTk5NDQ3LmpwZyJ9\">\n\t\t\t\t\t\t\t<img loading=\"lazy\" decoding=\"async\" width=\"640\" height=\"640\" src=\"https:\/\/www.region-schwabach.de\/wordpress\/wp-content\/uploads\/2018\/12\/PM321_WEG_Faire_Weihnachtsbude-e1545304999447.jpg\" class=\"attachment-full size-full wp-image-70838\" alt=\"\" \/>\t\t\t\t\t\t\t\t<\/a>\n\t\t\t\t\t\t\t\t\t\t\t<figcaption class=\"widget-image-caption wp-caption-text\">Faire Weihnachtsbude mit Sch\u00fclern vom Schwabacher Wolfram-von-Eschenbach Gymnasium<\/figcaption>\n\t\t\t\t\t\t\t\t\t\t<\/figure>\n\t\t\t\t\t\t\t<\/div>\n\t\t\t\t<\/div>\n\t\t\t\t\t<\/div>\n\t\t<\/div>\n\t\t\t\t\t<\/div>\n\t\t<\/section>\n\t\t\t\t<\/div>\n\t\t","protected":false},"excerpt":{"rendered":"<div class=\"mh-excerpt\"><p>Gemeinsam fairSchwabacher Schulen zeigten gro\u00dfes Engagement Schwabach &#8211;\u00a0\u201eGemeinsam fair\u201c hie\u00df das Motto von vier Schwabacher Schulen auf dem Schwabacher Weihnachtsmarkt. Unter der Schirmherrschaft der Stadt Schwabach \u00fcbernahmen die Christian-Maar-Grundschule, das Wolfram-von-Eschenbach-Gymnasium (WEG), die Hermann-Stamm-Realschule und <a class=\"mh-excerpt-more\" href=\"https:\/\/www.region-schwabach.de\/wordpress\/gemeinsames-engagement-fur-den-fairen-handel\/\" title=\"Gemeinsames Engagement f\u00fcr den Fairen Handel\">[&#8230;]<\/a><\/p>\n<\/div>","protected":false},"author":1,"featured_media":69355,"comment_status":"open","ping_status":"open","sticky":false,"template":"","format":"standard","meta":{"_cbd_carousel_blocks":"[]","footnotes":""},"categories":[16,61],"tags":[7066,2024,2025,2026,6311,6862,7320,7318,1924,7325,6735,7322,7324,522,1480,19,3151,7323,7326,7319,7143,3138],"class_list":{"0":"post-70822","1":"post","2":"type-post","3":"status-publish","4":"format-standard","5":"has-post-thumbnail","7":"category-aktuell","8":"category-rathaus","9":"tag-13-12-2018","10":"tag-14-12-2018","11":"tag-15-12-2018","12":"tag-16-12-2018","13":"tag-adam-kraft-gymnasium","14":"tag-aus-fairem-handel","15":"tag-christian-maar-grundschule","16":"tag-fairtrade-aktion","17":"tag-gewuerze","18":"tag-handwerkskunst","19":"tag-hermann-stamm-realschule","20":"tag-kaffee","21":"tag-kekse","22":"tag-koenigsplatz","23":"tag-rathaus","24":"tag-schwabach","25":"tag-stadt-schwabach","26":"tag-tee","27":"tag-weihnachtliches","28":"tag-weihnachtsbude","29":"tag-weihnachtsmarkt","30":"tag-wolfram-von-eschenbach-gymnasium"},"_links":{"self":[{"href":"https:\/\/www.region-schwabach.de\/wordpress\/wp-json\/wp\/v2\/posts\/70822","targetHints":{"allow":["GET"]}}],"collection":[{"href":"https:\/\/www.region-schwabach.de\/wordpress\/wp-json\/wp\/v2\/posts"}],"about":[{"href":"https:\/\/www.region-schwabach.de\/wordpress\/wp-json\/wp\/v2\/types\/post"}],"author":[{"embeddable":true,"href":"https:\/\/www.region-schwabach.de\/wordpress\/wp-json\/wp\/v2\/users\/1"}],"replies":[{"embeddable":true,"href":"https:\/\/www.region-schwabach.de\/wordpress\/wp-json\/wp\/v2\/comments?post=70822"}],"version-history":[{"count":0,"href":"https:\/\/www.region-schwabach.de\/wordpress\/wp-json\/wp\/v2\/posts\/70822\/revisions"}],"wp:featuredmedia":[{"embeddable":true,"href":"https:\/\/www.region-schwabach.de\/wordpress\/wp-json\/wp\/v2\/media\/69355"}],"wp:attachment":[{"href":"https:\/\/www.region-schwabach.de\/wordpress\/wp-json\/wp\/v2\/media?parent=70822"}],"wp:term":[{"taxonomy":"category","embeddable":true,"href":"https:\/\/www.region-schwabach.de\/wordpress\/wp-json\/wp\/v2\/categories?post=70822"},{"taxonomy":"post_tag","embeddable":true,"href":"https:\/\/www.region-schwabach.de\/wordpress\/wp-json\/wp\/v2\/tags?post=70822"}],"curies":[{"name":"wp","href":"https:\/\/api.w.org\/{rel}","templated":true}]}}