{"id":734,"date":"2017-04-11T15:10:59","date_gmt":"2017-04-11T13:10:59","guid":{"rendered":"http:\/\/www.region-schwabach.de\/wordpress\/?p=734"},"modified":"2017-05-01T08:37:38","modified_gmt":"2017-05-01T06:37:38","slug":"kinderkirchweih-schwabach","status":"publish","type":"post","link":"https:\/\/www.region-schwabach.de\/wordpress\/kinderkirchweih-schwabach\/","title":{"rendered":"Kinderkirchweih Schwabach (5. bis 9. Mai 2017)"},"content":{"rendered":"\t\t<div data-elementor-type=\"wp-post\" data-elementor-id=\"734\" class=\"elementor elementor-734 elementor-bc-flex-widget\">\n\t\t\t\t\t\t<section class=\"elementor-section elementor-top-section elementor-element elementor-element-exet1l7 elementor-section-boxed elementor-section-height-default elementor-section-height-default\" data-id=\"exet1l7\" data-element_type=\"section\">\n\t\t\t\t\t\t<div class=\"elementor-container elementor-column-gap-default\">\n\t\t\t\t\t<div class=\"elementor-column elementor-col-66 elementor-top-column elementor-element elementor-element-dcb9hq6\" data-id=\"dcb9hq6\" data-element_type=\"column\">\n\t\t\t<div class=\"elementor-widget-wrap elementor-element-populated\">\n\t\t\t\t\t\t<div class=\"elementor-element elementor-element-804d9p5 elementor-widget elementor-widget-text-editor\" data-id=\"804d9p5\" data-element_type=\"widget\" data-widget_type=\"text-editor.default\">\n\t\t\t\t<div class=\"elementor-widget-container\">\n\t\t\t\t\t\t\t<p>Wenn am K\u00f6nigsplatz in Schwabach\u00a0Kinder mit offenen M\u00fcndern und leuchtenden Augen zu sehen sind, ist es wieder soweit: die Schwabacher Kinderkirchweih ist gestartet, und bietet Besuchern jeden Alters ein paar sch\u00f6ne Stunden.<\/p><p>Und zum 900-j\u00e4hrigen Jubil\u00e4um der Stadt Schwabach hat sich das Maskottchen der Kinderkirchweih (das Schwabienchen) ein passendes Rahmenprogramm ausgedacht.<\/p><h3>Das Programm zur Schwabacher Kinderkirchweih:<\/h3><h3 class=\"Default\">Freitag 5. Mai: Umzug und Er\u00f6ffnung<\/h3><p class=\"Default\">Heute startet die Schwabacher Kinderkirchweih mit dem Umzug, der vom Schwabacher Musikzug, dem Schwabienchen und den Schwabacher Kinderg\u00e4rten begleitet wird. Anschlie\u00dfend er\u00f6ffnet Oberb\u00fcrgermeister Matthias Th\u00fcrauf offiziell die Kinderkirchweih.<\/p><h3 class=\"Default\">Samstag 6. Mai: Kinderjubil\u00e4umsgeburtstagsparty<\/h3><p class=\"Default\">Heute k\u00f6nnen die Kids\u00a0Schwabienchen und\u00a0seine Maskottchenfreunde treffen und kennenlernen. Auf der B\u00fchne sorgen die JOJOS\u00a0gemeinsam mit der Tanzschule Bogner f\u00fcr Stimmung.<\/p><h3>Sonntag 7. Mai: Schwabach vor 900 Jahren<\/h3><p class=\"Default\">Der\u00a0Kelten &amp; Germanenstamm\u00a0und die\u00a0Star Wars Fans N\u00fcrnberg e.V<a dir=\"ltr\" href=\"http:\/\/www.swfn.de\/\" target=\"_blank\" rel=\"noopener noreferrer\">.<\/a> f\u00fchren heute gemeinsam durch das Nachmittagsprogram.<\/p><h3>Montag 8. Mai: Ballon-Comedy und Zauberei<\/h3><p class=\"Default\">Heute werden die Kids von Tobi van Deisen (bekannt vom RTL Supertalent) mit seinem \u201eInterBALLONaktiv\u201c Programm (Mischung aus Ballon-Comedy &amp; Zaubern) unterhalten.<\/p><h3 class=\"Default\">Dienstag 9. Mai: Das Finale<\/h3><p class=\"Default\">Am\u00a0letzten Tag der Kinderkirchweih stehen\u00a0Bastelspa\u00df, Spielen und das steigen lassen von\u00a0W\u00fcnscheballons auf dem Programm.<\/p><h3 class=\"Default\">Fahrspa\u00df und Vergn\u00fcgen<\/h3><p class=\"Default\">Neben diesem Rahmenprogramm bietet die Schwabacher Kinderkirchweih nat\u00fcrlich gibt es auch wieder tolle Fahrgesch\u00e4fte und ein umfangreiches kulinarisches Angebot. Mit dabei sind das gro\u00dfe Kettenkarussell, der Erlebnisparcour &#8222;Rio&#8220;, der Jetforce, das Kinderkarussell und das\u00a0Let&#8217;s Dance.<\/p><h3>Neues zur Kinderkirchweih<\/h3><p>Dieses Jahr\u00a0gibt es ein extra f\u00fcr die Schwabacher Kinderkirchweih\u00a0komponiertes Lied. Unter dem folgenden Link k\u00f6nnt es euch gleich einmal anh\u00f6ren, und wenn es euch gef\u00e4llt, k\u00f6nnt ihr es euch gleich kostenlos herunterladen.<\/p><p>Link:\u00a0<a title=\"Schwabinchenlied zur Schwabacher Kinderkirchweih\" href=\"http:\/\/www.schwabach.de\/images\/referate\/referat_2\/Ordnungsamt\/Downloads\/Schwabienchenlied_der_Schwabacher_Kinderkirchweih.mp3\" target=\"_blank\" rel=\"noopener noreferrer\">Schwabienchenlied zur Schwabacher Kinderkirchweih<\/a><\/p><p>(Text: S. Schleicher\/C. Lehmann; Komposition: S. Schleicher; Gesang T. G\u00fcntner)<\/p><h3>Der Schwabacher K\u00e4rwa-Goldbarren &#8211; das neue Zahlungsmittel auf der Kinderkirchweih<\/h3><p>Dieses Jahr k\u00f6nnen alle Besucher mit dem Schwabacher K\u00e4rwa-Goldbarren bezahlen, der an allen Fahr-und Imbissgesch\u00e4ften der Kinderkirchweih g\u00fcltig ist und einen Wert von 1,00 \u20ac hat. Der Schwabacher K\u00e4rwa-Goldbarren kann im B\u00fcrgerb\u00fcro vom 10. April bis 4. Mai 2017 f\u00fcr 0,90 \u20ac im B\u00fcrgerb\u00fcro gekauft werden. Pro Person k\u00f6nnen maximal 20 St\u00fcck &#8211; solange der Vorrat reicht &#8211; erworben werden.<\/p>\t\t\t\t\t\t<\/div>\n\t\t\t\t<\/div>\n\t\t\t\t\t<\/div>\n\t\t<\/div>\n\t\t\t\t<div class=\"elementor-column elementor-col-33 elementor-top-column elementor-element elementor-element-qyct1gw\" data-id=\"qyct1gw\" data-element_type=\"column\">\n\t\t\t<div class=\"elementor-widget-wrap elementor-element-populated\">\n\t\t\t\t\t\t<div class=\"elementor-element elementor-element-omjisdp elementor-widget elementor-widget-google_maps\" data-id=\"omjisdp\" data-element_type=\"widget\" data-widget_type=\"google_maps.default\">\n\t\t\t\t<div class=\"elementor-widget-container\">\n\t\t\t\t\t<div class=\"elementor-custom-embed\">\n\t\t\t<iframe loading=\"lazy\"\n\t\t\t\t\tsrc=\"https:\/\/maps.google.com\/maps?q=K%C3%B6nigsplatz%2C%20Schwabach%2C%20Deutschland&#038;t=m&#038;z=15&#038;output=embed&#038;iwloc=near\"\n\t\t\t\t\ttitle=\"K\u00f6nigsplatz, Schwabach, Deutschland\"\n\t\t\t\t\taria-label=\"K\u00f6nigsplatz, Schwabach, Deutschland\"\n\t\t\t><\/iframe>\n\t\t<\/div>\n\t\t\t\t<\/div>\n\t\t\t\t<\/div>\n\t\t\t\t\t<\/div>\n\t\t<\/div>\n\t\t\t\t\t<\/div>\n\t\t<\/section>\n\t\t\t\t<\/div>\n\t\t","protected":false},"excerpt":{"rendered":"<div class=\"mh-excerpt\"><p>Wenn am K\u00f6nigsplatz in Schwabach\u00a0Kinder mit offenen M\u00fcndern und leuchtenden Augen zu sehen sind, ist es wieder soweit: die Schwabacher Kinderkirchweih ist gestartet, und bietet Besuchern jeden Alters ein paar sch\u00f6ne Stunden. Und zum 900-j\u00e4hrigen <a class=\"mh-excerpt-more\" href=\"https:\/\/www.region-schwabach.de\/wordpress\/kinderkirchweih-schwabach\/\" title=\"Kinderkirchweih Schwabach (5. bis 9. Mai 2017)\">[&#8230;]<\/a><\/p>\n<\/div>","protected":false},"author":1,"featured_media":739,"comment_status":"open","ping_status":"open","sticky":false,"template":"","format":"standard","meta":{"_cbd_carousel_blocks":"[]","footnotes":""},"categories":[16,17],"tags":[23,24,18,21,19,22,20],"class_list":{"0":"post-734","1":"post","2":"type-post","3":"status-publish","4":"format-standard","5":"has-post-thumbnail","7":"category-aktuell","8":"category-veranstaltungen","9":"tag-23","10":"tag-kaerwa-goldbarren","11":"tag-kinderkirchweih","12":"tag-programm","13":"tag-schwabach","14":"tag-schwabienchenlied","15":"tag-veranstaltung"},"_links":{"self":[{"href":"https:\/\/www.region-schwabach.de\/wordpress\/wp-json\/wp\/v2\/posts\/734","targetHints":{"allow":["GET"]}}],"collection":[{"href":"https:\/\/www.region-schwabach.de\/wordpress\/wp-json\/wp\/v2\/posts"}],"about":[{"href":"https:\/\/www.region-schwabach.de\/wordpress\/wp-json\/wp\/v2\/types\/post"}],"author":[{"embeddable":true,"href":"https:\/\/www.region-schwabach.de\/wordpress\/wp-json\/wp\/v2\/users\/1"}],"replies":[{"embeddable":true,"href":"https:\/\/www.region-schwabach.de\/wordpress\/wp-json\/wp\/v2\/comments?post=734"}],"version-history":[{"count":0,"href":"https:\/\/www.region-schwabach.de\/wordpress\/wp-json\/wp\/v2\/posts\/734\/revisions"}],"wp:featuredmedia":[{"embeddable":true,"href":"https:\/\/www.region-schwabach.de\/wordpress\/wp-json\/wp\/v2\/media\/739"}],"wp:attachment":[{"href":"https:\/\/www.region-schwabach.de\/wordpress\/wp-json\/wp\/v2\/media?parent=734"}],"wp:term":[{"taxonomy":"category","embeddable":true,"href":"https:\/\/www.region-schwabach.de\/wordpress\/wp-json\/wp\/v2\/categories?post=734"},{"taxonomy":"post_tag","embeddable":true,"href":"https:\/\/www.region-schwabach.de\/wordpress\/wp-json\/wp\/v2\/tags?post=734"}],"curies":[{"name":"wp","href":"https:\/\/api.w.org\/{rel}","templated":true}]}}