{"id":73747,"date":"2019-02-10T00:05:42","date_gmt":"2019-02-09T23:05:42","guid":{"rendered":"http:\/\/www.region-schwabach.de\/wordpress\/?p=73747"},"modified":"2019-02-10T02:03:11","modified_gmt":"2019-02-10T01:03:11","slug":"peter-konig-5-biennale-der-zeichnung-kain-und-abel","status":"publish","type":"post","link":"https:\/\/www.region-schwabach.de\/wordpress\/peter-konig-5-biennale-der-zeichnung-kain-und-abel\/","title":{"rendered":"Peter K\u00f6nig &#8211; 5. Biennale der Zeichnung &#8211; Kain und Abel"},"content":{"rendered":"\t\t<div data-elementor-type=\"wp-post\" data-elementor-id=\"73747\" class=\"elementor elementor-73747 elementor-bc-flex-widget\">\n\t\t\t\t\t\t<section class=\"elementor-section elementor-top-section elementor-element elementor-element-678181b elementor-section-boxed elementor-section-height-default elementor-section-height-default\" data-id=\"678181b\" data-element_type=\"section\">\n\t\t\t\t\t\t<div class=\"elementor-container elementor-column-gap-default\">\n\t\t\t\t\t<div class=\"elementor-column elementor-col-50 elementor-top-column elementor-element elementor-element-6b34026\" data-id=\"6b34026\" data-element_type=\"column\">\n\t\t\t<div class=\"elementor-widget-wrap elementor-element-populated\">\n\t\t\t\t\t\t<div class=\"elementor-element elementor-element-15a5ce5 elementor-widget elementor-widget-wp-widget-advads_ad_widget\" data-id=\"15a5ce5\" data-element_type=\"widget\" data-widget_type=\"wp-widget-advads_ad_widget.default\">\n\t\t\t\t<div class=\"elementor-widget-container\">\n\t\t\t<div id=\"regio-3132066208\"><div class=\"regio-adlabel\">Werbung<\/div><!-- Beginn https:\/\/www.financeads.net\/-Code --><a href=\"https:\/\/www.financeads.net\/tc.php?t=36648C19118058B\" target=\"_blank\"><img fetchpriority=\"high\" decoding=\"async\" src=\"https:\/\/www.financeads.net\/tb.php?t=36648V19118058B&https=1\" alt=\"\" border=\"0\" width=\"728\" height=\"90\"><\/a><!-- Ende https:\/\/www.financeads.net\/-Code --><\/div>\t\t<\/div>\n\t\t\t\t<\/div>\n\t\t\t\t<div class=\"elementor-element elementor-element-443ab98 elementor-widget elementor-widget-text-editor\" data-id=\"443ab98\" data-element_type=\"widget\" data-widget_type=\"text-editor.default\">\n\t\t\t\t<div class=\"elementor-widget-container\">\n\t\t\t\t\t\t\t<h3 class=\"entry-title\">Vom 13. Januar bis 10. Februar 2019 in der St\u00e4dtischen Galerie Schwabach:<br \/>Peter K\u00f6nig &#8211; Kain und Abel<\/h3><p><span style=\"font-size: 12pt;\">Schwabach &#8211; Von Sonntag, den 13.01.2019, bis Sonntag, den 10.02.2019, zeigt die St\u00e4dtische Galerie in Schwabach die Ausstellung &#8222;Peter K\u00f6nig &#8211; Kain und Abel&#8220;.\u00a0Die Vernissage zu der Ausstellung findet am Sonntag, den 13.01.2019, um 11.00 Uhr ebenfalls in der St\u00e4dtischen Galerie statt.<\/span><\/p><h3>Peter K\u00f6nig<\/h3><p><span style=\"font-size: 12pt;\">In einem \u00fcber 40-j\u00e4hrigen Schaffen vorzugsweise in Schwarz-Wei\u00df entstanden vor allem gem\u00e4lde\u00e4hnliche Bleistiftarbeiten, die oftmals eine Gr\u00f6\u00dfe von 200 x 350 cm erreichten. Sie zeigen ein Ringen um die Form und sind sowohl kompositionell als auch inhaltlich h\u00e4ufig auf mechanistisch-physiologische Vorg\u00e4nge des menschlichen K\u00f6rpers ausgelegt.<\/span><\/p><p><span style=\"font-size: 12pt;\">Erst seit 2015 r\u00fcckt die Farbe wieder in den Vordergrund, wobei jedoch grafisch-zeichnerische Elemente mit in die Malerei \u00fcbernommen werden. Der Arbeitszyklus mit dem Titel \u2018Kain und Abel 2015-2019\u2018, der aus aktuellem Anlass zum Krieg im Nahen Osten entstand, thematisiert kryptisch-ratlos den biblisch ersten sowie den \u00fcber die Jahrtausende andauernden Brudermord, der sich momentan als m\u00f6rderischer Konflikt von Muslimen gegen Muslime, Muslimen gegen Christen und Christen gegen Muslime manifestiert.<\/span><\/p><p><strong><span style=\"font-size: 12pt;\">Ein paar Aufnahmen von den Arbeiten die in Schwabach ausgestellt werden &#8211; die der K\u00fcnstler freundlicherweise zur Verf\u00fcgung gestellt hat &#8211; folgen am Ende des Textes.<\/span><\/strong><\/p><h3>VITA des K\u00fcnstlers<\/h3><table><tbody><tr><td><span style=\"font-size: 12pt;\">23.11.1953<\/span><\/td><td><span style=\"font-size: 12pt;\">Geboren in N\u00fcrnberg<\/span><\/td><\/tr><tr><td><span style=\"font-size: 12pt;\">1968-1971<\/span><\/td><td><span style=\"font-size: 12pt;\">Lithographenlehre<\/span><\/td><\/tr><tr><td><span style=\"font-size: 12pt;\">1976-1981<\/span><\/td><td><span style=\"font-size: 12pt;\">Studium der Malerei an der Akademie der Bildenden K\u00fcnste\u00a0in N\u00fcrnberg (Professoren Fischer und Voglsamer)<\/span><\/td><\/tr><tr><td><span style=\"font-size: 12pt;\">1980<\/span><\/td><td><span style=\"font-size: 12pt;\">Studienpreis der Gesellschaft der Freunde der Akademie der Bildenden K\u00fcnste in N\u00fcrnberg e.V.<\/span><\/td><\/tr><tr><td><span style=\"font-size: 12pt;\">1981<\/span><\/td><td><span style=\"font-size: 12pt;\">Meistersch\u00fcler<\/span><br \/><span style=\"font-size: 12pt;\">F\u00f6rderpreis des F\u00f6rderkreis Bildende Kunst in N\u00fcrnberg e.V.<\/span><\/td><\/tr><tr><td><span style=\"font-size: 12pt;\">1982-2004\u00a0<\/span><\/td><td><span style=\"font-size: 12pt;\">Assistentur und mehrfache Lehrauftr\u00e4ge an der Akademie\u00a0der Bildenden K\u00fcnste in N\u00fcrnberg<\/span><\/td><\/tr><tr><td><span style=\"font-size: 12pt;\">1982-2009<br \/><\/span><\/td><td><span style=\"font-size: 12pt;\">Lehrauftrag der Akademie der BildendenK\u00fcnste in N\u00fcrnberg,\u00a0 Anatomie f\u00fcr K\u00fcnstler, im Anatomischen Institut der Friedrich Alexander Universit\u00e4t in Erlangen<\/span><\/td><\/tr><tr><td><span style=\"font-size: 12pt;\">1984<br \/><\/span><\/td><td><span style=\"font-size: 12pt;\">Wolfram-von-Eschenbach-Preis des Bezirks Mittelfranken<br \/><\/span><\/td><\/tr><tr><td><span style=\"font-size: 12pt;\">1986<br \/><\/span><\/td><td><span style=\"font-size: 12pt;\">Gr\u00fcndung einer privaten Mal- und Zeichenschule in N\u00fcrnberg<br \/><\/span><\/td><\/tr><tr><td><span style=\"font-size: 12pt;\">1993<br \/><\/span><\/td><td><span style=\"font-size: 12pt;\">Mitglied der Soci\u00e9t\u00e9 Salon d\u2019Automne, Grand Palais, Paris<br \/><\/span><\/td><\/tr><tr><td><span style=\"font-size: 12pt;\">1994<br \/><\/span><\/td><td><span style=\"font-size: 12pt;\">Prix International d\u2019Art Contemporain de Monte-Carlo<br \/>Prix du Conseil National<br \/><\/span><\/td><\/tr><tr><td><span style=\"font-size: 12pt;\">1995<br \/><\/span><\/td><td><span style=\"font-size: 12pt;\">Dreifache Auszeichnung durch die Acad\u00e9mie Internationale des Arts Contemporains, Soignies\/Belgien: Le Dipl\u00f4me Chevalier, Platin-Medaille-Sch\u00f6ne K\u00fcnste, Akademische Palme in Gold<br \/><\/span><\/td><\/tr><tr><td><span style=\"font-size: 12pt;\">1998 und 2009<br \/><\/span><\/td><td><span style=\"font-size: 12pt;\">Preistr\u00e4ger des Wettbewerbs Kunstpreis der N\u00fcrnberger Nachrichten<br \/><\/span><\/td><\/tr><tr><td><span style=\"font-size: 12pt;\">2010<br \/><\/span><\/td><td><span style=\"font-size: 12pt;\">Lehrauftrag an der Fundaci\u00f3n Bilbao Arte, Bilbao<br \/><\/span><\/td><\/tr><tr><td><span style=\"font-size: 12pt;\">2016-2017<br \/><\/span><\/td><td><span style=\"font-size: 12pt;\">Lehrauftrag an der Friedrich-Alexander-Universit\u00e4t Erlangen-N\u00fcrnberg,\u00a0\u00a0Institut f\u00fcr Klassische Arch\u00e4ologie, Erlangen<br \/><\/span><\/td><\/tr><tr><td><span style=\"font-size: 12pt;\">2018<\/span><\/td><td><span style=\"font-size: 12pt;\">Doktorand der Technischen Universit\u00e4t Dresden, medizinische\u00a0Fakult\u00e4t Carl Gustav Carus, Institut f\u00fcr Anatomie und Geschichte der\u00a0Medizin, Dresden<\/span><\/td><\/tr><\/tbody><\/table><h3>Infos:<\/h3><p><span style=\"font-size: 12pt;\">Die Ausstellung findet in der St\u00e4dtischen Galerie, K\u00f6nigsplatz 29a in Schwabach statt, der\u00a0<\/span><span style=\"font-size: 12pt;\">Eintritt ist frei.<\/span><\/p><h3 class=\"idgroup_7 group_container\">Ausstellungszeiten<\/h3><p><span style=\"font-size: 12pt;\">Ge\u00f6ffnet ist die Ausstellung in der St\u00e4dtischen Galerie (K\u00f6nigsplatz 29A) zu folgenden Zeiten:<\/span><\/p><table style=\"border-collapse: collapse; width: 100%; height: 144px;\" border=\"1\"><tbody><tr style=\"height: 24px;\"><td style=\"width: 33.3333%; height: 24px;\"><strong><span style=\"font-size: 12pt;\">Tag<\/span><\/strong><\/td><td style=\"width: 33.3333%; height: 24px;\"><strong><span style=\"font-size: 12pt;\">Von &#8230;<\/span><\/strong><\/td><td style=\"width: 33.3333%; height: 24px;\"><strong><span style=\"font-size: 12pt;\">&#8230; bis<\/span><\/strong><\/td><\/tr><tr style=\"height: 24px;\"><td style=\"width: 33.3333%; height: 24px;\">\u00a0<\/td><td style=\"width: 33.3333%; height: 24px;\">\u00a0<\/td><td style=\"width: 33.3333%; height: 24px;\">\u00a0<\/td><\/tr><tr style=\"height: 24px;\"><td style=\"width: 33.3333%; height: 24px;\"><strong><span style=\"font-size: 12pt;\">Donnerstag<\/span><\/strong><\/td><td style=\"width: 33.3333%; height: 24px;\"><span style=\"font-size: 12pt;\">11.00 Uhr<\/span><\/td><td style=\"width: 33.3333%; height: 24px;\"><span style=\"font-size: 12pt;\">18.00 Uhr<\/span><\/td><\/tr><tr style=\"height: 24px;\"><td style=\"width: 33.3333%; height: 24px;\"><strong><span style=\"font-size: 12pt;\">Freitag<\/span><\/strong><\/td><td style=\"width: 33.3333%; height: 24px;\"><span style=\"font-size: 12pt;\">11.00 Uhr<\/span><\/td><td style=\"width: 33.3333%; height: 24px;\"><span style=\"font-size: 12pt;\">18.00 Uhr<\/span><\/td><\/tr><tr style=\"height: 24px;\"><td style=\"width: 33.3333%; height: 24px;\"><strong><span style=\"font-size: 12pt;\">Samstag<\/span><\/strong><\/td><td style=\"width: 33.3333%; height: 24px;\"><span style=\"font-size: 12pt;\">10.00 Uhr<\/span><\/td><td style=\"width: 33.3333%; height: 24px;\"><span style=\"font-size: 12pt;\">13.00 Uhr<\/span><\/td><\/tr><tr style=\"height: 24px;\"><td style=\"width: 33.3333%; height: 24px;\"><strong><span style=\"font-size: 12pt;\">Sonntag<\/span><\/strong><\/td><td style=\"width: 33.3333%; height: 24px;\"><span style=\"font-size: 12pt;\">13.00 Uhr<\/span><\/td><td style=\"width: 33.3333%; height: 24px;\"><span style=\"font-size: 12pt;\">16.00 Uhr<\/span><\/td><\/tr><\/tbody><\/table><h3>Weiterf\u00fchrende Links:<\/h3><p><span style=\"font-size: 12pt;\"><a href=\"http:\/\/www.kuenstlerbund-schwabach.de\/buga\/index.html\" target=\"_blank\" rel=\"noopener\">Zur Homepage der St\u00e4dtischen Galerie Schwabach geht&#8217;s hier &#8230;<\/a><\/span><\/p><p><span style=\"font-size: 12pt;\"><a href=\"http:\/\/www.koenigpeter.com\/menu.htm\" target=\"_blank\" rel=\"noopener\">Die Homepage von Peter K\u00f6nig finden Sie hier &#8230;<\/a><\/span><\/p>\t\t\t\t\t\t<\/div>\n\t\t\t\t<\/div>\n\t\t\t\t<div class=\"elementor-element elementor-element-0c834d7 elementor-widget-divider--view-line elementor-widget elementor-widget-divider\" data-id=\"0c834d7\" data-element_type=\"widget\" data-widget_type=\"divider.default\">\n\t\t\t\t<div class=\"elementor-widget-container\">\n\t\t\t\t\t<div class=\"elementor-divider\">\n\t\t\t<span class=\"elementor-divider-separator\">\n\t\t\t\t\t\t<\/span>\n\t\t<\/div>\n\t\t\t\t<\/div>\n\t\t\t\t<\/div>\n\t\t\t\t<div class=\"elementor-element elementor-element-325f51f elementor-widget elementor-widget-google_maps\" data-id=\"325f51f\" data-element_type=\"widget\" data-widget_type=\"google_maps.default\">\n\t\t\t\t<div class=\"elementor-widget-container\">\n\t\t\t\t\t<div class=\"elementor-custom-embed\">\n\t\t\t<iframe loading=\"lazy\"\n\t\t\t\t\tsrc=\"https:\/\/maps.google.com\/maps?q=K%C3%B6nigsplatz%2029a%2C%20Schwabach%2C%20Deutschland&#038;t=m&#038;z=17&#038;output=embed&#038;iwloc=near\"\n\t\t\t\t\ttitle=\"K\u00f6nigsplatz 29a, Schwabach, Deutschland\"\n\t\t\t\t\taria-label=\"K\u00f6nigsplatz 29a, Schwabach, Deutschland\"\n\t\t\t><\/iframe>\n\t\t<\/div>\n\t\t\t\t<\/div>\n\t\t\t\t<\/div>\n\t\t\t\t\t<\/div>\n\t\t<\/div>\n\t\t\t\t<div class=\"elementor-column elementor-col-50 elementor-top-column elementor-element elementor-element-82d12e9\" data-id=\"82d12e9\" data-element_type=\"column\">\n\t\t\t<div class=\"elementor-widget-wrap elementor-element-populated\">\n\t\t\t\t\t\t<div class=\"elementor-element elementor-element-1fb5c9c elementor-widget elementor-widget-heading\" data-id=\"1fb5c9c\" data-element_type=\"widget\" data-widget_type=\"heading.default\">\n\t\t\t\t<div class=\"elementor-widget-container\">\n\t\t\t<h3 class=\"elementor-heading-title elementor-size-default\">Schnell vergleichen und sparen!<\/h3>\t\t<\/div>\n\t\t\t\t<\/div>\n\t\t\t\t<div class=\"elementor-element elementor-element-8808722 elementor-widget elementor-widget-wp-widget-advads_ad_widget\" data-id=\"8808722\" data-element_type=\"widget\" data-widget_type=\"wp-widget-advads_ad_widget.default\">\n\t\t\t\t<div class=\"elementor-widget-container\">\n\t\t\t<div id=\"regio-624484123\"><div class=\"regio-adlabel\">Werbung<\/div><!-- Beginn https:\/\/www.financeads.net\/-Code --><a href=\"https:\/\/www.financeads.net\/tc.php?t=36648C236142529B\" target=\"_blank\"><img decoding=\"async\" src=\"https:\/\/www.financeads.net\/tb.php?t=36648V236142529B&https=1\" alt=\"\" border=\"0\" width=\"300\" height=\"250\"><\/a><!-- Ende https:\/\/www.financeads.net\/-Code --><\/div>\t\t<\/div>\n\t\t\t\t<\/div>\n\t\t\t\t<div class=\"elementor-element elementor-element-61c6afe elementor-widget elementor-widget-wp-widget-advads_ad_widget\" data-id=\"61c6afe\" data-element_type=\"widget\" data-widget_type=\"wp-widget-advads_ad_widget.default\">\n\t\t\t\t<div class=\"elementor-widget-container\">\n\t\t\t<div id=\"regio-2307308376\"><div class=\"regio-adlabel\">Werbung<\/div><!-- Beginn https:\/\/www.financeads.net\/-Code --><a href=\"https:\/\/www.financeads.net\/tc.php?t=36648C42614510B\" target=\"_blank\"><img decoding=\"async\" src=\"https:\/\/www.financeads.net\/tb.php?t=36648V42614510B&https=1\" alt=\"\" border=\"0\" width=\"200\" height=\"300\"><\/a><!-- Ende https:\/\/www.financeads.net\/-Code --><\/div>\t\t<\/div>\n\t\t\t\t<\/div>\n\t\t\t\t<div class=\"elementor-element elementor-element-97a390e elementor-widget elementor-widget-wp-widget-advads_ad_widget\" data-id=\"97a390e\" data-element_type=\"widget\" data-widget_type=\"wp-widget-advads_ad_widget.default\">\n\t\t\t\t<div class=\"elementor-widget-container\">\n\t\t\t<div id=\"regio-4178257586\"><div class=\"regio-adlabel\">Werbung<\/div><!-- Beginn https:\/\/www.financeads.net\/-Code --><a href=\"https:\/\/www.financeads.net\/tc.php?t=36648C205040072B\" target=\"_blank\"><img loading=\"lazy\" decoding=\"async\" src=\"https:\/\/www.financeads.net\/tb.php?t=36648V205040072B&https=1\" alt=\"\" border=\"0\" width=\"300\" height=\"250\"><\/a><!-- Ende https:\/\/www.financeads.net\/-Code --><\/div>\t\t<\/div>\n\t\t\t\t<\/div>\n\t\t\t\t<div class=\"elementor-element elementor-element-0975659 elementor-widget elementor-widget-wp-widget-advads_ad_widget\" data-id=\"0975659\" data-element_type=\"widget\" data-widget_type=\"wp-widget-advads_ad_widget.default\">\n\t\t\t\t<div class=\"elementor-widget-container\">\n\t\t\t<div id=\"regio-3349002393\"><div class=\"regio-adlabel\">Werbung<\/div><!-- Beginn https:\/\/www.financeads.net\/-Code --><a href=\"https:\/\/www.financeads.net\/tc.php?t=36648C271460142B\" target=\"_blank\"><img loading=\"lazy\" decoding=\"async\" src=\"https:\/\/www.financeads.net\/tb.php?t=36648V271460142B&https=1\" alt=\"PETPROTECT_Hund&Katze_Banner\" border=\"0\" width=\"250\" height=\"250\"><\/a><!-- Ende https:\/\/www.financeads.net\/-Code --><\/div>\t\t<\/div>\n\t\t\t\t<\/div>\n\t\t\t\t\t<\/div>\n\t\t<\/div>\n\t\t\t\t\t<\/div>\n\t\t<\/section>\n\t\t\t\t<section class=\"elementor-section elementor-top-section elementor-element elementor-element-27e5f5b elementor-section-boxed elementor-section-height-default elementor-section-height-default\" data-id=\"27e5f5b\" data-element_type=\"section\">\n\t\t\t\t\t\t<div class=\"elementor-container elementor-column-gap-default\">\n\t\t\t\t\t<div class=\"elementor-column elementor-col-100 elementor-top-column elementor-element elementor-element-6086fb9\" data-id=\"6086fb9\" data-element_type=\"column\">\n\t\t\t<div class=\"elementor-widget-wrap elementor-element-populated\">\n\t\t\t\t\t\t<div class=\"elementor-element elementor-element-a4eff15 elementor-widget elementor-widget-heading\" data-id=\"a4eff15\" data-element_type=\"widget\" data-widget_type=\"heading.default\">\n\t\t\t\t<div class=\"elementor-widget-container\">\n\t\t\t<h2 class=\"elementor-heading-title elementor-size-default\">Hier ein paar Aufnahmen von den Arbeiten die in Schwabach ausgestellt werden<\/h2>\t\t<\/div>\n\t\t\t\t<\/div>\n\t\t\t\t<div class=\"elementor-element elementor-element-3662b0e elementor-widget elementor-widget-text-editor\" data-id=\"3662b0e\" data-element_type=\"widget\" data-widget_type=\"text-editor.default\">\n\t\t\t\t<div class=\"elementor-widget-container\">\n\t\t\t\t\t\t\t<table class=\" aligncenter\"><tbody><tr><td style=\"text-align: center; vertical-align: middle;\"><p><a href=\"http:\/\/www.region-schwabach.de\/wordpress\/wp-content\/uploads\/2019\/01\/Kain-und-Abel-2015-weniger-kontrastreich-Acryl-auf-Leinwand-200x400-cm-2015-e1547025484978.jpg\"><img loading=\"lazy\" decoding=\"async\" class=\"size-medium wp-image-73769\" src=\"http:\/\/www.region-schwabach.de\/wordpress\/wp-content\/uploads\/2019\/01\/Kain-und-Abel-2015-weniger-kontrastreich-Acryl-auf-Leinwand-200x400-cm-2015-300x212.jpg\" alt=\"\" width=\"300\" height=\"212\" \/><\/a><\/p><\/td><td style=\"text-align: center; vertical-align: middle;\"><a href=\"http:\/\/www.region-schwabach.de\/wordpress\/wp-content\/uploads\/2019\/01\/Kain-und-Abel-2018-Acryl-auf-Leinwand-183-x-237-cm-2018-zum-versenden-e1547027321954.jpg\"><img loading=\"lazy\" decoding=\"async\" class=\"size-medium wp-image-73777 aligncenter\" src=\"http:\/\/www.region-schwabach.de\/wordpress\/wp-content\/uploads\/2019\/01\/Kain-und-Abel-2018-Acryl-auf-Leinwand-183-x-237-cm-2018-zum-versenden-300x232.jpg\" alt=\"\" width=\"300\" height=\"232\" \/><\/a><\/td><td style=\"text-align: center; vertical-align: middle;\"><a href=\"http:\/\/www.region-schwabach.de\/wordpress\/wp-content\/uploads\/2019\/01\/Kain-und-Abel-Duma-Acryl-auf-2-Schaumstofftafeln-Rahmengr\u00f6\u00dfe-120x120-cm-2017.jpg\"><img loading=\"lazy\" decoding=\"async\" class=\"size-medium wp-image-73780 aligncenter\" src=\"http:\/\/www.region-schwabach.de\/wordpress\/wp-content\/uploads\/2019\/01\/Kain-und-Abel-Duma-Acryl-auf-2-Schaumstofftafeln-Rahmengr\u00f6\u00dfe-120x120-cm-2017-300x300.jpg\" alt=\"\" width=\"300\" height=\"300\" srcset=\"https:\/\/www.region-schwabach.de\/wordpress\/wp-content\/uploads\/2019\/01\/Kain-und-Abel-Duma-Acryl-auf-2-Schaumstofftafeln-Rahmengr\u00f6\u00dfe-120x120-cm-2017-300x300.jpg 300w, https:\/\/www.region-schwabach.de\/wordpress\/wp-content\/uploads\/2019\/01\/Kain-und-Abel-Duma-Acryl-auf-2-Schaumstofftafeln-Rahmengr\u00f6\u00dfe-120x120-cm-2017-150x150.jpg 150w, https:\/\/www.region-schwabach.de\/wordpress\/wp-content\/uploads\/2019\/01\/Kain-und-Abel-Duma-Acryl-auf-2-Schaumstofftafeln-Rahmengr\u00f6\u00dfe-120x120-cm-2017-65x65.jpg 65w, https:\/\/www.region-schwabach.de\/wordpress\/wp-content\/uploads\/2019\/01\/Kain-und-Abel-Duma-Acryl-auf-2-Schaumstofftafeln-Rahmengr\u00f6\u00dfe-120x120-cm-2017-250x250.jpg 250w, https:\/\/www.region-schwabach.de\/wordpress\/wp-content\/uploads\/2019\/01\/Kain-und-Abel-Duma-Acryl-auf-2-Schaumstofftafeln-Rahmengr\u00f6\u00dfe-120x120-cm-2017.jpg 709w\" sizes=\"(max-width: 300px) 100vw, 300px\" \/><\/a><\/td><\/tr><tr><td style=\"text-align: center; vertical-align: middle;\"><a href=\"http:\/\/www.region-schwabach.de\/wordpress\/wp-content\/uploads\/2019\/01\/Kain-und-Abel-Ypern-Acryl-auf-4-Schaumstofftafeln-Rahmengr\u00f6\u00dfe-120x120-cm-2017-e1547028164591.jpg\"><img loading=\"lazy\" decoding=\"async\" class=\"alignnone size-medium wp-image-73784\" src=\"http:\/\/www.region-schwabach.de\/wordpress\/wp-content\/uploads\/2019\/01\/Kain-und-Abel-Ypern-Acryl-auf-4-Schaumstofftafeln-Rahmengr\u00f6\u00dfe-120x120-cm-2017-300x200.jpg\" alt=\"\" width=\"300\" height=\"200\" \/><\/a><\/td><td style=\"text-align: center; vertical-align: middle;\"><a href=\"http:\/\/www.region-schwabach.de\/wordpress\/wp-content\/uploads\/2019\/01\/Piet\u00e0-3-Bleistift-auf-Papier-117x80-cm-2012-e1547028256856.jpg\"><img loading=\"lazy\" decoding=\"async\" class=\"size-medium wp-image-73785 aligncenter\" src=\"http:\/\/www.region-schwabach.de\/wordpress\/wp-content\/uploads\/2019\/01\/Piet\u00e0-3-Bleistift-auf-Papier-117x80-cm-2012-215x300.jpg\" alt=\"\" width=\"215\" height=\"300\" \/><\/a><\/td><td style=\"text-align: center; vertical-align: middle;\"><a href=\"http:\/\/www.region-schwabach.de\/wordpress\/wp-content\/uploads\/2019\/01\/Zeige-mir-deine-Wunden-2-Bleistift-auf-Papier-117x80-cm-2010-e1547028356254.jpg\"><img loading=\"lazy\" decoding=\"async\" class=\"size-medium wp-image-73786 aligncenter\" src=\"http:\/\/www.region-schwabach.de\/wordpress\/wp-content\/uploads\/2019\/01\/Zeige-mir-deine-Wunden-2-Bleistift-auf-Papier-117x80-cm-2010-212x300.jpg\" alt=\"\" width=\"212\" height=\"300\" \/><\/a><\/td><\/tr><\/tbody><\/table><p>\u00a0<\/p>\t\t\t\t\t\t<\/div>\n\t\t\t\t<\/div>\n\t\t\t\t\t<\/div>\n\t\t<\/div>\n\t\t\t\t\t<\/div>\n\t\t<\/section>\n\t\t\t\t<\/div>\n\t\t","protected":false},"excerpt":{"rendered":"<div class=\"mh-excerpt\"><p>Vom 13. Januar bis 10. Februar 2019 in der St\u00e4dtischen Galerie Schwabach:Peter K\u00f6nig &#8211; Kain und Abel Schwabach &#8211; Von Sonntag, den 13.01.2019, bis Sonntag, den 10.02.2019, zeigt die St\u00e4dtische Galerie in Schwabach die Ausstellung <a class=\"mh-excerpt-more\" href=\"https:\/\/www.region-schwabach.de\/wordpress\/peter-konig-5-biennale-der-zeichnung-kain-und-abel\/\" title=\"Peter K\u00f6nig &#8211; 5. Biennale der Zeichnung &#8211; Kain und Abel\">[&#8230;]<\/a><\/p>\n<\/div>","protected":false},"author":1,"featured_media":73769,"comment_status":"open","ping_status":"open","sticky":false,"template":"","format":"standard","meta":{"_cbd_carousel_blocks":"[]","footnotes":""},"categories":[16,287,231,140],"tags":[7716,7719,3155,7718,522,7720,7717,19,4045,5097],"class_list":{"0":"post-73747","1":"post","2":"type-post","3":"status-publish","4":"format-standard","5":"has-post-thumbnail","7":"category-aktuell","8":"category-jugend-und-familie","9":"category-veranstaltungsnews","10":"category-vereine","11":"tag-13-januar-bis-10-februar-2019","12":"tag-5-biennale-der-zeichnung","13":"tag-ausstellung","14":"tag-kain-und-abel","15":"tag-koenigsplatz","16":"tag-metropolregion-nuernberg","17":"tag-peter-koenig","18":"tag-schwabach","19":"tag-staedtische-galerie","20":"tag-vernissage"},"_links":{"self":[{"href":"https:\/\/www.region-schwabach.de\/wordpress\/wp-json\/wp\/v2\/posts\/73747","targetHints":{"allow":["GET"]}}],"collection":[{"href":"https:\/\/www.region-schwabach.de\/wordpress\/wp-json\/wp\/v2\/posts"}],"about":[{"href":"https:\/\/www.region-schwabach.de\/wordpress\/wp-json\/wp\/v2\/types\/post"}],"author":[{"embeddable":true,"href":"https:\/\/www.region-schwabach.de\/wordpress\/wp-json\/wp\/v2\/users\/1"}],"replies":[{"embeddable":true,"href":"https:\/\/www.region-schwabach.de\/wordpress\/wp-json\/wp\/v2\/comments?post=73747"}],"version-history":[{"count":0,"href":"https:\/\/www.region-schwabach.de\/wordpress\/wp-json\/wp\/v2\/posts\/73747\/revisions"}],"wp:featuredmedia":[{"embeddable":true,"href":"https:\/\/www.region-schwabach.de\/wordpress\/wp-json\/wp\/v2\/media\/73769"}],"wp:attachment":[{"href":"https:\/\/www.region-schwabach.de\/wordpress\/wp-json\/wp\/v2\/media?parent=73747"}],"wp:term":[{"taxonomy":"category","embeddable":true,"href":"https:\/\/www.region-schwabach.de\/wordpress\/wp-json\/wp\/v2\/categories?post=73747"},{"taxonomy":"post_tag","embeddable":true,"href":"https:\/\/www.region-schwabach.de\/wordpress\/wp-json\/wp\/v2\/tags?post=73747"}],"curies":[{"name":"wp","href":"https:\/\/api.w.org\/{rel}","templated":true}]}}