{"id":74803,"date":"2019-01-18T00:03:07","date_gmt":"2019-01-17T23:03:07","guid":{"rendered":"http:\/\/www.region-schwabach.de\/wordpress\/?p=74803"},"modified":"2019-01-17T22:34:10","modified_gmt":"2019-01-17T21:34:10","slug":"das-umweltmobil-ist-am-18-januar-2019-wieder-im-einsatz","status":"publish","type":"post","link":"https:\/\/www.region-schwabach.de\/wordpress\/das-umweltmobil-ist-am-18-januar-2019-wieder-im-einsatz\/","title":{"rendered":"Das Umweltmobil ist am 18. Januar 2019 wieder im Einsatz"},"content":{"rendered":"\t\t<div data-elementor-type=\"wp-post\" data-elementor-id=\"74803\" class=\"elementor elementor-74803 elementor-bc-flex-widget\">\n\t\t\t\t\t\t<section class=\"elementor-section elementor-top-section elementor-element elementor-element-tlus4ia elementor-section-boxed elementor-section-height-default elementor-section-height-default\" data-id=\"tlus4ia\" data-element_type=\"section\">\n\t\t\t\t\t\t<div class=\"elementor-container elementor-column-gap-default\">\n\t\t\t\t\t<div class=\"elementor-column elementor-col-50 elementor-top-column elementor-element elementor-element-sphcucl\" data-id=\"sphcucl\" data-element_type=\"column\">\n\t\t\t<div class=\"elementor-widget-wrap elementor-element-populated\">\n\t\t\t\t\t\t<div class=\"elementor-element elementor-element-cd8a978 elementor-widget elementor-widget-wp-widget-advads_ad_widget\" data-id=\"cd8a978\" data-element_type=\"widget\" data-widget_type=\"wp-widget-advads_ad_widget.default\">\n\t\t\t\t<div class=\"elementor-widget-container\">\n\t\t\t<div id=\"regio-189304401\"><div class=\"regio-adlabel\">Werbung<\/div><!-- Beginn https:\/\/www.financeads.net\/-Code --><a href=\"https:\/\/www.financeads.net\/tc.php?t=36648C19118058B\" target=\"_blank\"><img fetchpriority=\"high\" decoding=\"async\" src=\"https:\/\/www.financeads.net\/tb.php?t=36648V19118058B&https=1\" alt=\"\" border=\"0\" width=\"728\" height=\"90\"><\/a><!-- Ende https:\/\/www.financeads.net\/-Code --><\/div>\t\t<\/div>\n\t\t\t\t<\/div>\n\t\t\t\t<div class=\"elementor-element elementor-element-4f2h2af elementor-widget elementor-widget-text-editor\" data-id=\"4f2h2af\" data-element_type=\"widget\" data-widget_type=\"text-editor.default\">\n\t\t\t\t<div class=\"elementor-widget-container\">\n\t\t\t\t\t\t\t<h3>Das Schadstoffmobil kommt<br \/>Giftige Abf\u00e4lle am 18. Januar 2019 kostenlos abgeben<\/h3><p><span style=\"font-size: 12pt;\">Giftige und umweltsch\u00e4dliche Abf\u00e4lle sammelt die Stadt wieder kostenlos am\u00a0Freitag, den 18. Janaur 2019. Angeliefert werden k\u00f6nnen Sonderm\u00fcll von Schwabacher\u00a0Privathaushalten sowie vergleichbare Abf\u00e4lle aus Schwabacher Gewerbe- und\u00a0Dienstleistungsbetrieben in haushalts\u00fcblichen Kleinmengen.<\/span><\/p><h3>Die Standorte<\/h3><p><span style=\"font-size: 12pt;\">Das Umweltmobil\u00a0steht an folgenden Standorten:<\/span><\/p><ul style=\"list-style-type: disc;\"><li><span style=\"font-size: 12pt;\">13.00 Uhr bis 14.30 Uhr\u00a0 &#8211; Flurstra\u00dfe\/Ecke M\u00fchlenstra\u00dfe<\/span><\/li><li><span style=\"font-size: 12pt;\">15.30 Uhr bis 16.30 Uhr\u00a0 &#8211; Eichwasen, Dr.-Georg-Betz-Stra\u00dfe<\/span><\/li><\/ul><p><span style=\"font-size: 12pt;\">Abgegeben werden k\u00f6nnen insbesondere: Lackdosen (mit fl\u00fcssigem Inhalt),\u00a0L\u00f6semittel, Pinselreiniger, Spraydosen mit sch\u00e4dlichem Restinhalt,\u00a0Holzschutzmittel, Chemikalien aller Art, S\u00e4uren, Laugen, Klebstoffe\u00a0(l\u00f6semittelhaltig), Spezial-Reinigungsmittel, Energiesparlampen,\u00a0Leuchtstoffr\u00f6hren, Bremsfl\u00fcssigkeit, Kleinmengen verschmutzter Kraftstoffe,\u00a0Pflanzenschutzmittel oder Unkrautvernichtungsmittel.<\/span><\/p><h3>Weitere Informationen<\/h3><p><span style=\"font-size: 12pt;\">Weitere Informationen finden sich im Internet unter\u00a0<a href=\"http:\/\/www.schwabach.de\/Entsorgungswegweiser\" target=\"_blank\" rel=\"noopener\">www.schwabach.de\/Entsorgungswegweiser<\/a>. Auch die Abfallberatung hilft unter\u00a0der Telefonnummer 860-228 weiter.<\/span><\/p><h3>Weiterf\u00fchrende Links:<\/h3><p><a href=\"http:\/\/www.schwabach.de\/de\/stadtverwaltung\/referat-2-recht-soziales-und-umwelt\/490-umweltschutzamt\/dienstleistungen\/abfallwirtschaft\/2173-abfallberatung-faq.html\" target=\"_blank\" rel=\"noopener\"><span style=\"font-size: 12pt;\">Die wichtigsten Antworten im Zusammenhang mit der Abfallwirtschaft finden Sie hier &#8230;<\/span><\/a><\/p>\t\t\t\t\t\t<\/div>\n\t\t\t\t<\/div>\n\t\t\t\t<div class=\"elementor-element elementor-element-39c5f74 elementor-widget elementor-widget-google_maps\" data-id=\"39c5f74\" data-element_type=\"widget\" data-widget_type=\"google_maps.default\">\n\t\t\t\t<div class=\"elementor-widget-container\">\n\t\t\t\t\t<div class=\"elementor-custom-embed\">\n\t\t\t<iframe loading=\"lazy\"\n\t\t\t\t\tsrc=\"https:\/\/maps.google.com\/maps?q=49.329777%2C%2011.043401&#038;t=m&#038;z=17&#038;output=embed&#038;iwloc=near\"\n\t\t\t\t\ttitle=\"49.329777, 11.043401\"\n\t\t\t\t\taria-label=\"49.329777, 11.043401\"\n\t\t\t><\/iframe>\n\t\t<\/div>\n\t\t\t\t<\/div>\n\t\t\t\t<\/div>\n\t\t\t\t<div class=\"elementor-element elementor-element-520305a elementor-widget elementor-widget-google_maps\" data-id=\"520305a\" data-element_type=\"widget\" data-widget_type=\"google_maps.default\">\n\t\t\t\t<div class=\"elementor-widget-container\">\n\t\t\t\t\t<div class=\"elementor-custom-embed\">\n\t\t\t<iframe loading=\"lazy\"\n\t\t\t\t\tsrc=\"https:\/\/maps.google.com\/maps?q=49.343805%2C%2011.012831&#038;t=m&#038;z=17&#038;output=embed&#038;iwloc=near\"\n\t\t\t\t\ttitle=\"49.343805, 11.012831\"\n\t\t\t\t\taria-label=\"49.343805, 11.012831\"\n\t\t\t><\/iframe>\n\t\t<\/div>\n\t\t\t\t<\/div>\n\t\t\t\t<\/div>\n\t\t\t\t\t<\/div>\n\t\t<\/div>\n\t\t\t\t<div class=\"elementor-column elementor-col-50 elementor-top-column elementor-element elementor-element-19fa7dc\" data-id=\"19fa7dc\" data-element_type=\"column\">\n\t\t\t<div class=\"elementor-widget-wrap elementor-element-populated\">\n\t\t\t\t\t\t<div class=\"elementor-element elementor-element-d58463f elementor-widget elementor-widget-heading\" data-id=\"d58463f\" data-element_type=\"widget\" data-widget_type=\"heading.default\">\n\t\t\t\t<div class=\"elementor-widget-container\">\n\t\t\t<h3 class=\"elementor-heading-title elementor-size-default\">Schnell vergleichen und sparen!<\/h3>\t\t<\/div>\n\t\t\t\t<\/div>\n\t\t\t\t<div class=\"elementor-element elementor-element-801ea49 elementor-widget elementor-widget-wp-widget-advads_ad_widget\" data-id=\"801ea49\" data-element_type=\"widget\" data-widget_type=\"wp-widget-advads_ad_widget.default\">\n\t\t\t\t<div class=\"elementor-widget-container\">\n\t\t\t<div id=\"regio-524554163\"><div class=\"regio-adlabel\">Werbung<\/div><!-- Beginn https:\/\/www.financeads.net\/-Code --><a href=\"https:\/\/www.financeads.net\/tc.php?t=36648C236142529B\" target=\"_blank\"><img decoding=\"async\" src=\"https:\/\/www.financeads.net\/tb.php?t=36648V236142529B&https=1\" alt=\"\" border=\"0\" width=\"300\" height=\"250\"><\/a><!-- Ende https:\/\/www.financeads.net\/-Code --><\/div>\t\t<\/div>\n\t\t\t\t<\/div>\n\t\t\t\t<div class=\"elementor-element elementor-element-5aaa881 elementor-widget elementor-widget-wp-widget-advads_ad_widget\" data-id=\"5aaa881\" data-element_type=\"widget\" data-widget_type=\"wp-widget-advads_ad_widget.default\">\n\t\t\t\t<div class=\"elementor-widget-container\">\n\t\t\t<div id=\"regio-3877198137\"><div class=\"regio-adlabel\">Werbung<\/div><!-- Beginn https:\/\/www.financeads.net\/-Code --><a href=\"https:\/\/www.financeads.net\/tc.php?t=36648C42614510B\" target=\"_blank\"><img decoding=\"async\" src=\"https:\/\/www.financeads.net\/tb.php?t=36648V42614510B&https=1\" alt=\"\" border=\"0\" width=\"200\" height=\"300\"><\/a><!-- Ende https:\/\/www.financeads.net\/-Code --><\/div>\t\t<\/div>\n\t\t\t\t<\/div>\n\t\t\t\t<div class=\"elementor-element elementor-element-78a9ffa elementor-widget elementor-widget-wp-widget-advads_ad_widget\" data-id=\"78a9ffa\" data-element_type=\"widget\" data-widget_type=\"wp-widget-advads_ad_widget.default\">\n\t\t\t\t<div class=\"elementor-widget-container\">\n\t\t\t<div id=\"regio-2933618961\"><div class=\"regio-adlabel\">Werbung<\/div><!-- Beginn https:\/\/www.financeads.net\/-Code --><a href=\"https:\/\/www.financeads.net\/tc.php?t=36648C205040072B\" target=\"_blank\"><img loading=\"lazy\" decoding=\"async\" src=\"https:\/\/www.financeads.net\/tb.php?t=36648V205040072B&https=1\" alt=\"\" border=\"0\" width=\"300\" height=\"250\"><\/a><!-- Ende https:\/\/www.financeads.net\/-Code --><\/div>\t\t<\/div>\n\t\t\t\t<\/div>\n\t\t\t\t<div class=\"elementor-element elementor-element-e041eea elementor-widget elementor-widget-wp-widget-advads_ad_widget\" data-id=\"e041eea\" data-element_type=\"widget\" data-widget_type=\"wp-widget-advads_ad_widget.default\">\n\t\t\t\t<div class=\"elementor-widget-container\">\n\t\t\t<div id=\"regio-1289230064\"><div class=\"regio-adlabel\">Werbung<\/div><!-- Beginn https:\/\/www.financeads.net\/-Code --><a href=\"https:\/\/www.financeads.net\/tc.php?t=36648C271460142B\" target=\"_blank\"><img loading=\"lazy\" decoding=\"async\" src=\"https:\/\/www.financeads.net\/tb.php?t=36648V271460142B&https=1\" alt=\"PETPROTECT_Hund&Katze_Banner\" border=\"0\" width=\"250\" height=\"250\"><\/a><!-- Ende https:\/\/www.financeads.net\/-Code --><\/div>\t\t<\/div>\n\t\t\t\t<\/div>\n\t\t\t\t\t<\/div>\n\t\t<\/div>\n\t\t\t\t\t<\/div>\n\t\t<\/section>\n\t\t\t\t<\/div>\n\t\t","protected":false},"excerpt":{"rendered":"<div class=\"mh-excerpt\"><p>Das Schadstoffmobil kommtGiftige Abf\u00e4lle am 18. Januar 2019 kostenlos abgeben Giftige und umweltsch\u00e4dliche Abf\u00e4lle sammelt die Stadt wieder kostenlos am\u00a0Freitag, den 18. Janaur 2019. Angeliefert werden k\u00f6nnen Sonderm\u00fcll von Schwabacher\u00a0Privathaushalten sowie vergleichbare Abf\u00e4lle aus Schwabacher <a class=\"mh-excerpt-more\" href=\"https:\/\/www.region-schwabach.de\/wordpress\/das-umweltmobil-ist-am-18-januar-2019-wieder-im-einsatz\/\" title=\"Das Umweltmobil ist am 18. Januar 2019 wieder im Einsatz\">[&#8230;]<\/a><\/p>\n<\/div>","protected":false},"author":1,"featured_media":74804,"comment_status":"open","ping_status":"open","sticky":false,"template":"","format":"standard","meta":{"_cbd_carousel_blocks":"[]","footnotes":""},"categories":[16,4306,61,203,231],"tags":[7569,1593,2377,4386,4385,1480,19,4384],"class_list":{"0":"post-74803","1":"post","2":"type-post","3":"status-publish","4":"format-standard","5":"has-post-thumbnail","7":"category-aktuell","8":"category-ratgeber","9":"category-rathaus","10":"category-umwelt-nachrichten","11":"category-veranstaltungsnews","12":"tag-18-01-2019","13":"tag-dr-georg-betz-strasse","14":"tag-eichwasen","15":"tag-flurstrasse-ecke-muehlenstrasse","16":"tag-giftiger-und-umweltschaedlicher-abfall","17":"tag-rathaus","18":"tag-schwabach","19":"tag-umweltmobil"},"_links":{"self":[{"href":"https:\/\/www.region-schwabach.de\/wordpress\/wp-json\/wp\/v2\/posts\/74803","targetHints":{"allow":["GET"]}}],"collection":[{"href":"https:\/\/www.region-schwabach.de\/wordpress\/wp-json\/wp\/v2\/posts"}],"about":[{"href":"https:\/\/www.region-schwabach.de\/wordpress\/wp-json\/wp\/v2\/types\/post"}],"author":[{"embeddable":true,"href":"https:\/\/www.region-schwabach.de\/wordpress\/wp-json\/wp\/v2\/users\/1"}],"replies":[{"embeddable":true,"href":"https:\/\/www.region-schwabach.de\/wordpress\/wp-json\/wp\/v2\/comments?post=74803"}],"version-history":[{"count":0,"href":"https:\/\/www.region-schwabach.de\/wordpress\/wp-json\/wp\/v2\/posts\/74803\/revisions"}],"wp:featuredmedia":[{"embeddable":true,"href":"https:\/\/www.region-schwabach.de\/wordpress\/wp-json\/wp\/v2\/media\/74804"}],"wp:attachment":[{"href":"https:\/\/www.region-schwabach.de\/wordpress\/wp-json\/wp\/v2\/media?parent=74803"}],"wp:term":[{"taxonomy":"category","embeddable":true,"href":"https:\/\/www.region-schwabach.de\/wordpress\/wp-json\/wp\/v2\/categories?post=74803"},{"taxonomy":"post_tag","embeddable":true,"href":"https:\/\/www.region-schwabach.de\/wordpress\/wp-json\/wp\/v2\/tags?post=74803"}],"curies":[{"name":"wp","href":"https:\/\/api.w.org\/{rel}","templated":true}]}}