{"id":74910,"date":"2019-01-23T00:05:01","date_gmt":"2019-01-22T23:05:01","guid":{"rendered":"http:\/\/www.region-schwabach.de\/wordpress\/?p=74910"},"modified":"2019-01-22T23:13:06","modified_gmt":"2019-01-22T22:13:06","slug":"vortrag-damit-biodrin-ist-wo-bio-draufsteht","status":"publish","type":"post","link":"https:\/\/www.region-schwabach.de\/wordpress\/vortrag-damit-biodrin-ist-wo-bio-draufsteht\/","title":{"rendered":"Vortrag &#8211; Damit \u201eBio\u201cdrin ist, wo \u201eBio\u201c draufsteht"},"content":{"rendered":"\t\t<div data-elementor-type=\"wp-post\" data-elementor-id=\"74910\" class=\"elementor elementor-74910 elementor-bc-flex-widget\">\n\t\t\t\t\t\t<section class=\"elementor-section elementor-top-section elementor-element elementor-element-678181b elementor-section-boxed elementor-section-height-default elementor-section-height-default\" data-id=\"678181b\" data-element_type=\"section\">\n\t\t\t\t\t\t<div class=\"elementor-container elementor-column-gap-default\">\n\t\t\t\t\t<div class=\"elementor-column elementor-col-50 elementor-top-column elementor-element elementor-element-6b34026\" data-id=\"6b34026\" data-element_type=\"column\">\n\t\t\t<div class=\"elementor-widget-wrap elementor-element-populated\">\n\t\t\t\t\t\t<div class=\"elementor-element elementor-element-4e38fb7 elementor-widget elementor-widget-wp-widget-advads_ad_widget\" data-id=\"4e38fb7\" data-element_type=\"widget\" data-widget_type=\"wp-widget-advads_ad_widget.default\">\n\t\t\t\t<div class=\"elementor-widget-container\">\n\t\t\t<div id=\"regio-3688363597\"><div class=\"regio-adlabel\">Werbung<\/div><!-- Beginn https:\/\/www.financeads.net\/-Code --><a href=\"https:\/\/www.financeads.net\/tc.php?t=36648C19118058B\" target=\"_blank\"><img fetchpriority=\"high\" decoding=\"async\" src=\"https:\/\/www.financeads.net\/tb.php?t=36648V19118058B&https=1\" alt=\"\" border=\"0\" width=\"728\" height=\"90\"><\/a><!-- Ende https:\/\/www.financeads.net\/-Code --><\/div>\t\t<\/div>\n\t\t\t\t<\/div>\n\t\t\t\t<div class=\"elementor-element elementor-element-443ab98 elementor-widget elementor-widget-text-editor\" data-id=\"443ab98\" data-element_type=\"widget\" data-widget_type=\"text-editor.default\">\n\t\t\t\t<div class=\"elementor-widget-container\">\n\t\t\t\t\t\t\t<h3>\u201eNaturkost tut uns gut \u2013 hier erfahren Sie wie und warum\u201c<br \/>Mittwoch, den 23. Januar 2019, 14.30 Uhr<\/h3><p><span style=\"font-size: 12pt;\">Schwabach &#8211; Die <strong>\u00c4hre<\/strong> &#8211; Bistro und Bioladen in der Schwabacher Z\u00f6llnertorstra\u00dfe 8 &#8211; setzt die Vortragsreihe: \u201eNaturkost tut uns gut \u2013 hier erfahren Sie wie und warum\u201c fort.\u00a0 Neue und alte Erkenntnisse zu Naturkost-Themen werden dabei vorgestellt.<\/span><\/p><h3><strong>Damit \u201eBio\u201cdrin ist, wo \u201eBio\u201c draufsteht<\/strong><\/h3><p><span style=\"font-size: 12pt;\">Am Mittwoch, den 23.01.2019 l\u00e4dt die \u00c4hre um 14.30 Uhr &#8211; wieder zu einem 1-st\u00fcndigen Vortrag ein, bei dem es um fundiertes Wissen \u00fcber den Begriff \u201eBio\u201c geht:<\/span><\/p><ul style=\"list-style-type: disc;\"><li><span style=\"font-size: 12pt;\">Wissen ist gut, Kontrolle ist besser!<\/span><\/li><li><span style=\"font-size: 12pt;\">Wer kontrolliert wen?<\/span><\/li><li><span style=\"font-size: 12pt;\">Wie ist das mit den Biokontrollen?<\/span><\/li><li><span style=\"font-size: 12pt;\">Welche Bio-Kennzeichen stehen wof\u00fcr?<\/span><\/li><\/ul><h3>Birgit Raab<\/h3><p><span style=\"font-size: 12pt;\">Birgit Raab, Diplom-Agraringenieurin ist freiberuflich t\u00e4tig in der Kontrolle von \u00f6kologisch wirtschaftenden landwirtschaftlichen Betrieben. Sie zeigt auf, wie eine Kontrolle unter den strengen Vorgaben auf einem Biohof abl\u00e4uft und wie welche Bioh\u00f6fe wie \u00fcberpr\u00fcft werden. Sie erkl\u00e4rt auch die Unterschiede zwischen EU-Bio und Bio Richtlinien nach Bioland, Naturland, Demeter, Biokreis, G\u00c4A .<\/span><\/p><p><span style=\"font-size: 12pt;\">Im Gegensatz zu konventionell wirtschaftenden Betrieben werden deutsche Biobetriebe j\u00e4hrlich mindestens einmal umfassend \u00fcberpr\u00fcft und dann zertifiziert. Unangek\u00fcndigte Routinekontrollen erg\u00e4nzen diese. Zur Sicherheit f\u00fcr alle Verbraucher: Damit Bio drin ist, wo Bio drauf steht.<\/span><\/p><p><span style=\"font-size: 12pt;\"><strong>Freier Eintritt<\/strong><\/span><\/p><p><span style=\"font-size: 12pt;\">Diese Veranstaltung ist Teil der Vortragsreihe \u201eNaturkost tut uns gut \u2013 hier erfahren Sie wie und warum\u201c und wird monatlich fortgesetzt.<\/span><\/p><h3>Weiterf\u00fchrende Links:<\/h3><p><span style=\"font-size: 12pt;\"><a href=\"https:\/\/www.die-aehre.de\/\" target=\"_blank\" rel=\"noopener\">Zur Homepage der &#8222;\u00c4hre&#8220; geht es hier &#8230;<\/a><\/span><\/p>\t\t\t\t\t\t<\/div>\n\t\t\t\t<\/div>\n\t\t\t\t<div class=\"elementor-element elementor-element-21c3450 elementor-widget-divider--view-line elementor-widget elementor-widget-divider\" data-id=\"21c3450\" data-element_type=\"widget\" data-widget_type=\"divider.default\">\n\t\t\t\t<div class=\"elementor-widget-container\">\n\t\t\t\t\t<div class=\"elementor-divider\">\n\t\t\t<span class=\"elementor-divider-separator\">\n\t\t\t\t\t\t<\/span>\n\t\t<\/div>\n\t\t\t\t<\/div>\n\t\t\t\t<\/div>\n\t\t\t\t<div class=\"elementor-element elementor-element-f4c690c elementor-widget elementor-widget-google_maps\" data-id=\"f4c690c\" data-element_type=\"widget\" data-widget_type=\"google_maps.default\">\n\t\t\t\t<div class=\"elementor-widget-container\">\n\t\t\t\t\t<div class=\"elementor-custom-embed\">\n\t\t\t<iframe loading=\"lazy\"\n\t\t\t\t\tsrc=\"https:\/\/maps.google.com\/maps?q=Z%C3%B6llnertorstra%C3%9Fe%208%2C%20Schwabach%2C%20Deutschland&#038;t=m&#038;z=17&#038;output=embed&#038;iwloc=near\"\n\t\t\t\t\ttitle=\"Z\u00f6llnertorstra\u00dfe 8, Schwabach, Deutschland\"\n\t\t\t\t\taria-label=\"Z\u00f6llnertorstra\u00dfe 8, Schwabach, Deutschland\"\n\t\t\t><\/iframe>\n\t\t<\/div>\n\t\t\t\t<\/div>\n\t\t\t\t<\/div>\n\t\t\t\t\t<\/div>\n\t\t<\/div>\n\t\t\t\t<div class=\"elementor-column elementor-col-50 elementor-top-column elementor-element elementor-element-5907a18\" data-id=\"5907a18\" data-element_type=\"column\">\n\t\t\t<div class=\"elementor-widget-wrap elementor-element-populated\">\n\t\t\t\t\t\t<div class=\"elementor-element elementor-element-540377b elementor-widget elementor-widget-heading\" data-id=\"540377b\" data-element_type=\"widget\" data-widget_type=\"heading.default\">\n\t\t\t\t<div class=\"elementor-widget-container\">\n\t\t\t<h3 class=\"elementor-heading-title elementor-size-default\">Schnell vergleichen und sparen!<\/h3>\t\t<\/div>\n\t\t\t\t<\/div>\n\t\t\t\t<div class=\"elementor-element elementor-element-ffc551e elementor-widget elementor-widget-wp-widget-advads_ad_widget\" data-id=\"ffc551e\" data-element_type=\"widget\" data-widget_type=\"wp-widget-advads_ad_widget.default\">\n\t\t\t\t<div class=\"elementor-widget-container\">\n\t\t\t<div id=\"regio-1501982170\"><div class=\"regio-adlabel\">Werbung<\/div><!-- Beginn https:\/\/www.financeads.net\/-Code --><a href=\"https:\/\/www.financeads.net\/tc.php?t=36648C236142529B\" target=\"_blank\"><img decoding=\"async\" src=\"https:\/\/www.financeads.net\/tb.php?t=36648V236142529B&https=1\" alt=\"\" border=\"0\" width=\"300\" height=\"250\"><\/a><!-- Ende https:\/\/www.financeads.net\/-Code --><\/div>\t\t<\/div>\n\t\t\t\t<\/div>\n\t\t\t\t<div class=\"elementor-element elementor-element-deae22e elementor-widget elementor-widget-wp-widget-advads_ad_widget\" data-id=\"deae22e\" data-element_type=\"widget\" data-widget_type=\"wp-widget-advads_ad_widget.default\">\n\t\t\t\t<div class=\"elementor-widget-container\">\n\t\t\t<div id=\"regio-2767365496\"><div class=\"regio-adlabel\">Werbung<\/div><!-- Beginn https:\/\/www.financeads.net\/-Code --><a href=\"https:\/\/www.financeads.net\/tc.php?t=36648C42614510B\" target=\"_blank\"><img decoding=\"async\" src=\"https:\/\/www.financeads.net\/tb.php?t=36648V42614510B&https=1\" alt=\"\" border=\"0\" width=\"200\" height=\"300\"><\/a><!-- Ende https:\/\/www.financeads.net\/-Code --><\/div>\t\t<\/div>\n\t\t\t\t<\/div>\n\t\t\t\t<div class=\"elementor-element elementor-element-8bae3ed elementor-widget elementor-widget-wp-widget-advads_ad_widget\" data-id=\"8bae3ed\" data-element_type=\"widget\" data-widget_type=\"wp-widget-advads_ad_widget.default\">\n\t\t\t\t<div class=\"elementor-widget-container\">\n\t\t\t<div id=\"regio-3454429411\"><div class=\"regio-adlabel\">Werbung<\/div><!-- Beginn https:\/\/www.financeads.net\/-Code --><a href=\"https:\/\/www.financeads.net\/tc.php?t=36648C205040072B\" target=\"_blank\"><img loading=\"lazy\" decoding=\"async\" src=\"https:\/\/www.financeads.net\/tb.php?t=36648V205040072B&https=1\" alt=\"\" border=\"0\" width=\"300\" height=\"250\"><\/a><!-- Ende https:\/\/www.financeads.net\/-Code --><\/div>\t\t<\/div>\n\t\t\t\t<\/div>\n\t\t\t\t<div class=\"elementor-element elementor-element-b62ee55 elementor-widget elementor-widget-wp-widget-advads_ad_widget\" data-id=\"b62ee55\" data-element_type=\"widget\" data-widget_type=\"wp-widget-advads_ad_widget.default\">\n\t\t\t\t<div class=\"elementor-widget-container\">\n\t\t\t<div id=\"regio-4283986677\"><div class=\"regio-adlabel\">Werbung<\/div><!-- Beginn https:\/\/www.financeads.net\/-Code --><a href=\"https:\/\/www.financeads.net\/tc.php?t=36648C271460142B\" target=\"_blank\"><img loading=\"lazy\" decoding=\"async\" src=\"https:\/\/www.financeads.net\/tb.php?t=36648V271460142B&https=1\" alt=\"PETPROTECT_Hund&Katze_Banner\" border=\"0\" width=\"250\" height=\"250\"><\/a><!-- Ende https:\/\/www.financeads.net\/-Code --><\/div>\t\t<\/div>\n\t\t\t\t<\/div>\n\t\t\t\t\t<\/div>\n\t\t<\/div>\n\t\t\t\t\t<\/div>\n\t\t<\/section>\n\t\t\t\t<\/div>\n\t\t","protected":false},"excerpt":{"rendered":"<div class=\"mh-excerpt\"><p>\u201eNaturkost tut uns gut \u2013 hier erfahren Sie wie und warum\u201c Mittwoch, den 23. Januar 2019, 14.30 Uhr Schwabach &#8211; Die \u00c4hre &#8211; Bistro und Bioladen in der Schwabacher Z\u00f6llnertorstra\u00dfe 8 &#8211; setzt die Vortragsreihe: <a class=\"mh-excerpt-more\" href=\"https:\/\/www.region-schwabach.de\/wordpress\/vortrag-damit-biodrin-ist-wo-bio-draufsteht\/\" title=\"Vortrag &#8211; Damit \u201eBio\u201cdrin ist, wo \u201eBio\u201c draufsteht\">[&#8230;]<\/a><\/p>\n<\/div>","protected":false},"author":1,"featured_media":75585,"comment_status":"open","ping_status":"open","sticky":false,"template":"","format":"standard","meta":{"_cbd_carousel_blocks":"[]","footnotes":""},"categories":[16,78,203,46],"tags":[7871,7620,7867,7868,7869,7873,2218,7872,7870,19,5652,1625],"class_list":{"0":"post-74910","1":"post","2":"type-post","3":"status-publish","4":"format-standard","5":"has-post-thumbnail","7":"category-aktuell","8":"category-handel-und-wirtschaft","9":"category-umwelt-nachrichten","10":"category-verbaende","11":"tag-naturkost-tut-uns-gut","12":"tag-23-01-2019","13":"tag-aehre","14":"tag-bio","15":"tag-bioladen","16":"tag-birgit-raab","17":"tag-bistro","18":"tag-doris-bohle","19":"tag-naturkost","20":"tag-schwabach","21":"tag-vortrag","22":"tag-zoellnertorstrasse"},"_links":{"self":[{"href":"https:\/\/www.region-schwabach.de\/wordpress\/wp-json\/wp\/v2\/posts\/74910","targetHints":{"allow":["GET"]}}],"collection":[{"href":"https:\/\/www.region-schwabach.de\/wordpress\/wp-json\/wp\/v2\/posts"}],"about":[{"href":"https:\/\/www.region-schwabach.de\/wordpress\/wp-json\/wp\/v2\/types\/post"}],"author":[{"embeddable":true,"href":"https:\/\/www.region-schwabach.de\/wordpress\/wp-json\/wp\/v2\/users\/1"}],"replies":[{"embeddable":true,"href":"https:\/\/www.region-schwabach.de\/wordpress\/wp-json\/wp\/v2\/comments?post=74910"}],"version-history":[{"count":0,"href":"https:\/\/www.region-schwabach.de\/wordpress\/wp-json\/wp\/v2\/posts\/74910\/revisions"}],"wp:featuredmedia":[{"embeddable":true,"href":"https:\/\/www.region-schwabach.de\/wordpress\/wp-json\/wp\/v2\/media\/75585"}],"wp:attachment":[{"href":"https:\/\/www.region-schwabach.de\/wordpress\/wp-json\/wp\/v2\/media?parent=74910"}],"wp:term":[{"taxonomy":"category","embeddable":true,"href":"https:\/\/www.region-schwabach.de\/wordpress\/wp-json\/wp\/v2\/categories?post=74910"},{"taxonomy":"post_tag","embeddable":true,"href":"https:\/\/www.region-schwabach.de\/wordpress\/wp-json\/wp\/v2\/tags?post=74910"}],"curies":[{"name":"wp","href":"https:\/\/api.w.org\/{rel}","templated":true}]}}