{"id":75061,"date":"2019-01-19T00:05:56","date_gmt":"2019-01-18T23:05:56","guid":{"rendered":"http:\/\/www.region-schwabach.de\/wordpress\/?p=75061"},"modified":"2019-01-18T23:49:04","modified_gmt":"2019-01-18T22:49:04","slug":"zak-zentrum-fur-arbeit-und-kultur-ladt-zum-tag-der-offenen-tur-ein","status":"publish","type":"post","link":"https:\/\/www.region-schwabach.de\/wordpress\/zak-zentrum-fur-arbeit-und-kultur-ladt-zum-tag-der-offenen-tur-ein\/","title":{"rendered":"ZAK &#8211; Zentrum f\u00fcr Arbeit und Kultur l\u00e4dt zum Tag der offenen T\u00fcr ein"},"content":{"rendered":"\t\t<div data-elementor-type=\"wp-post\" data-elementor-id=\"75061\" class=\"elementor elementor-75061 elementor-bc-flex-widget\">\n\t\t\t\t\t\t<section class=\"elementor-section elementor-top-section elementor-element elementor-element-678181b elementor-section-boxed elementor-section-height-default elementor-section-height-default\" data-id=\"678181b\" data-element_type=\"section\">\n\t\t\t\t\t\t<div class=\"elementor-container elementor-column-gap-default\">\n\t\t\t\t\t<div class=\"elementor-column elementor-col-50 elementor-top-column elementor-element elementor-element-6b34026\" data-id=\"6b34026\" data-element_type=\"column\">\n\t\t\t<div class=\"elementor-widget-wrap elementor-element-populated\">\n\t\t\t\t\t\t<div class=\"elementor-element elementor-element-af30c09 elementor-widget elementor-widget-wp-widget-advads_ad_widget\" data-id=\"af30c09\" data-element_type=\"widget\" data-widget_type=\"wp-widget-advads_ad_widget.default\">\n\t\t\t\t<div class=\"elementor-widget-container\">\n\t\t\t<div id=\"regio-524132821\"><div class=\"regio-adlabel\">Werbung<\/div><!-- Beginn https:\/\/www.financeads.net\/-Code --><a href=\"https:\/\/www.financeads.net\/tc.php?t=36648C19118058B\" target=\"_blank\"><img fetchpriority=\"high\" decoding=\"async\" src=\"https:\/\/www.financeads.net\/tb.php?t=36648V19118058B&https=1\" alt=\"\" border=\"0\" width=\"728\" height=\"90\"><\/a><!-- Ende https:\/\/www.financeads.net\/-Code --><\/div>\t\t<\/div>\n\t\t\t\t<\/div>\n\t\t\t\t<div class=\"elementor-element elementor-element-443ab98 elementor-widget elementor-widget-text-editor\" data-id=\"443ab98\" data-element_type=\"widget\" data-widget_type=\"text-editor.default\">\n\t\t\t\t<div class=\"elementor-widget-container\">\n\t\t\t\t\t\t\t<h3>Tag der offenen T\u00fcr beim ZAK<br \/>Samstag, den 19. Januar 2019, von 09.00 Uhr bis 12.00 Uhr<\/h3><p><span style=\"font-size: 12pt;\">Schwabach &#8211; Am Samstag den 19.01.2019, l\u00e4dt das ZAK (Zentrum f\u00fcr Arbeit und Kultur) recht herzlich dazu ein, die Kindernester, den Kindergarten und die Sch\u00fclerbetreuung zu besuchen, um sich einen besseren Eindruck von den verschiedenen Einrichtungen bmachen zu k\u00f6nnen.<\/span><\/p><h3>Von 09.00 Uhr bis 12.00 Uhr stehen diese Schwabacher Einrichtungen des ZAK f\u00fcr alle Besucher und Interessenten offen:<\/h3><ul style=\"list-style-type: disc;\"><li><span style=\"font-size: 12pt;\">Kindergarten am Berg<\/span><br \/><span style=\"font-size: 12pt;\">Pinzenberg 6<\/span><\/li><li><span style=\"font-size: 12pt;\">Kinderinsel<\/span><br \/><span style=\"font-size: 12pt;\">Friedrichstra\u00dfe 14<\/span><\/li><li><span style=\"font-size: 12pt;\">Kinderhaus <\/span><br \/><span style=\"font-size: 12pt;\">N\u00fcrnberger Stra\u00dfe 32<\/span><\/li><li><span style=\"font-size: 12pt;\">Sandkiste<\/span><br \/><span style=\"font-size: 12pt;\">Sandstra\u00dfe 1<\/span><\/li><li><span style=\"font-size: 12pt;\">Sonneneck<\/span><br \/><span style=\"font-size: 12pt;\">Reichswaisenhausstra\u00dfe 2<\/span><\/li><li><span style=\"font-size: 12pt;\">Sternenhaus &#8211; <\/span><br \/><span style=\"font-size: 12pt;\">Friedrichstra\u00dfe 10<\/span><\/li><li><span style=\"font-size: 12pt;\">K\u00f6nigshaus<\/span><br \/><span style=\"font-size: 12pt;\">K\u00f6nigsstra\u00dfe 11<\/span><\/li><li><span style=\"font-size: 12pt;\">Zauberschloss<\/span><br \/><span style=\"font-size: 12pt;\">Pinzenberg 6<\/span><\/li><li><span style=\"font-size: 12pt;\">Blaues Haus (Sch\u00fcler)<\/span><br \/><span style=\"font-size: 12pt;\">Auf der Aich 10\/10 A<\/span><\/li><\/ul><h3>Weiterf\u00fchrende Links:<\/h3><p><a href=\"http:\/\/www.zak-schwabach.de\/\" target=\"_blank\" rel=\"noopener\"><span style=\"font-size: 12pt;\">Zur Homepage vom ZAK geht&#8217;s hier &#8230;<\/span><\/a><\/p><p><span style=\"font-size: 12pt;\"><a href=\"https:\/\/www.facebook.com\/ZAKSchwabach\/?eid=ARAIrt4A0rMzNkEcmSAM1K_hA4awhMkDQOcLa7WprJ26dYIkCSfMgjamk1bo3Fh2I9E3ckLgx_CM62fG\" target=\"_blank\" rel=\"noopener\">Den Facebook-Auftritt vom ZAK finden Sie hier &#8230;<\/a><\/span><\/p>\t\t\t\t\t\t<\/div>\n\t\t\t\t<\/div>\n\t\t\t\t<div class=\"elementor-element elementor-element-9ca12e2 elementor-widget elementor-widget-google_maps\" data-id=\"9ca12e2\" data-element_type=\"widget\" data-widget_type=\"google_maps.default\">\n\t\t\t\t<div class=\"elementor-widget-container\">\n\t\t\t\t\t<div class=\"elementor-custom-embed\">\n\t\t\t<iframe loading=\"lazy\"\n\t\t\t\t\tsrc=\"https:\/\/maps.google.com\/maps?q=N%C3%BCrnberger%20Stra%C3%9Fe%209%2C%20Schwabach%2C%20Deutschland&#038;t=m&#038;z=17&#038;output=embed&#038;iwloc=near\"\n\t\t\t\t\ttitle=\"N\u00fcrnberger Stra\u00dfe 9, Schwabach, Deutschland\"\n\t\t\t\t\taria-label=\"N\u00fcrnberger Stra\u00dfe 9, Schwabach, Deutschland\"\n\t\t\t><\/iframe>\n\t\t<\/div>\n\t\t\t\t<\/div>\n\t\t\t\t<\/div>\n\t\t\t\t\t<\/div>\n\t\t<\/div>\n\t\t\t\t<div class=\"elementor-column elementor-col-50 elementor-top-column elementor-element elementor-element-06efe97\" data-id=\"06efe97\" data-element_type=\"column\">\n\t\t\t<div class=\"elementor-widget-wrap elementor-element-populated\">\n\t\t\t\t\t\t<div class=\"elementor-element elementor-element-b4af714 elementor-widget elementor-widget-heading\" data-id=\"b4af714\" data-element_type=\"widget\" data-widget_type=\"heading.default\">\n\t\t\t\t<div class=\"elementor-widget-container\">\n\t\t\t<h3 class=\"elementor-heading-title elementor-size-default\">Schnell vergleichen und sparen!<\/h3>\t\t<\/div>\n\t\t\t\t<\/div>\n\t\t\t\t<div class=\"elementor-element elementor-element-ea9a84b elementor-widget elementor-widget-wp-widget-advads_ad_widget\" data-id=\"ea9a84b\" data-element_type=\"widget\" data-widget_type=\"wp-widget-advads_ad_widget.default\">\n\t\t\t\t<div class=\"elementor-widget-container\">\n\t\t\t<div id=\"regio-1433048286\"><div class=\"regio-adlabel\">Werbung<\/div><!-- Beginn https:\/\/www.financeads.net\/-Code --><a href=\"https:\/\/www.financeads.net\/tc.php?t=36648C236142529B\" target=\"_blank\"><img decoding=\"async\" src=\"https:\/\/www.financeads.net\/tb.php?t=36648V236142529B&https=1\" alt=\"\" border=\"0\" width=\"300\" height=\"250\"><\/a><!-- Ende https:\/\/www.financeads.net\/-Code --><\/div>\t\t<\/div>\n\t\t\t\t<\/div>\n\t\t\t\t<div class=\"elementor-element elementor-element-4251983 elementor-widget elementor-widget-wp-widget-advads_ad_widget\" data-id=\"4251983\" data-element_type=\"widget\" data-widget_type=\"wp-widget-advads_ad_widget.default\">\n\t\t\t\t<div class=\"elementor-widget-container\">\n\t\t\t<div id=\"regio-2808300817\"><div class=\"regio-adlabel\">Werbung<\/div><!-- Beginn https:\/\/www.financeads.net\/-Code --><a href=\"https:\/\/www.financeads.net\/tc.php?t=36648C42614510B\" target=\"_blank\"><img decoding=\"async\" src=\"https:\/\/www.financeads.net\/tb.php?t=36648V42614510B&https=1\" alt=\"\" border=\"0\" width=\"200\" height=\"300\"><\/a><!-- Ende https:\/\/www.financeads.net\/-Code --><\/div>\t\t<\/div>\n\t\t\t\t<\/div>\n\t\t\t\t<div class=\"elementor-element elementor-element-538a28f elementor-widget elementor-widget-wp-widget-advads_ad_widget\" data-id=\"538a28f\" data-element_type=\"widget\" data-widget_type=\"wp-widget-advads_ad_widget.default\">\n\t\t\t\t<div class=\"elementor-widget-container\">\n\t\t\t<div id=\"regio-220480396\"><div class=\"regio-adlabel\">Werbung<\/div><!-- Beginn https:\/\/www.financeads.net\/-Code --><a href=\"https:\/\/www.financeads.net\/tc.php?t=36648C205040072B\" target=\"_blank\"><img loading=\"lazy\" decoding=\"async\" src=\"https:\/\/www.financeads.net\/tb.php?t=36648V205040072B&https=1\" alt=\"\" border=\"0\" width=\"300\" height=\"250\"><\/a><!-- Ende https:\/\/www.financeads.net\/-Code --><\/div>\t\t<\/div>\n\t\t\t\t<\/div>\n\t\t\t\t<div class=\"elementor-element elementor-element-dd463b9 elementor-widget elementor-widget-wp-widget-advads_ad_widget\" data-id=\"dd463b9\" data-element_type=\"widget\" data-widget_type=\"wp-widget-advads_ad_widget.default\">\n\t\t\t\t<div class=\"elementor-widget-container\">\n\t\t\t<div id=\"regio-2110088395\"><div class=\"regio-adlabel\">Werbung<\/div><!-- Beginn https:\/\/www.financeads.net\/-Code --><a href=\"https:\/\/www.financeads.net\/tc.php?t=36648C271460142B\" target=\"_blank\"><img loading=\"lazy\" decoding=\"async\" src=\"https:\/\/www.financeads.net\/tb.php?t=36648V271460142B&https=1\" alt=\"PETPROTECT_Hund&Katze_Banner\" border=\"0\" width=\"250\" height=\"250\"><\/a><!-- Ende https:\/\/www.financeads.net\/-Code --><\/div>\t\t<\/div>\n\t\t\t\t<\/div>\n\t\t\t\t\t<\/div>\n\t\t<\/div>\n\t\t\t\t\t<\/div>\n\t\t<\/section>\n\t\t\t\t<\/div>\n\t\t","protected":false},"excerpt":{"rendered":"<div class=\"mh-excerpt\"><p>Tag der offenen T\u00fcr beim ZAKSamstag, den 19. Januar 2019, von 09.00 Uhr bis 12.00 Uhr Schwabach &#8211; Am Samstag den 19.01.2019, l\u00e4dt das ZAK (Zentrum f\u00fcr Arbeit und Kultur) recht herzlich dazu ein, die <a class=\"mh-excerpt-more\" href=\"https:\/\/www.region-schwabach.de\/wordpress\/zak-zentrum-fur-arbeit-und-kultur-ladt-zum-tag-der-offenen-tur-ein\/\" title=\"ZAK &#8211; Zentrum f\u00fcr Arbeit und Kultur l\u00e4dt zum Tag der offenen T\u00fcr ein\">[&#8230;]<\/a><\/p>\n<\/div>","protected":false},"author":1,"featured_media":75063,"comment_status":"open","ping_status":"open","sticky":false,"template":"","format":"standard","meta":{"_cbd_carousel_blocks":"[]","footnotes":""},"categories":[16,287,61,231,140],"tags":[7119,822,7851,1480,7850,19,3151,982,2678,7848,7849],"class_list":{"0":"post-75061","1":"post","2":"type-post","3":"status-publish","4":"format-standard","5":"has-post-thumbnail","7":"category-aktuell","8":"category-jugend-und-familie","9":"category-rathaus","10":"category-veranstaltungsnews","11":"category-vereine","12":"tag-19-01-2019","13":"tag-kindergarten","14":"tag-kindernest","15":"tag-rathaus","16":"tag-schuelerbetreuung","17":"tag-schwabach","18":"tag-stadt-schwabach","19":"tag-tag-der-offenen-tuer","20":"tag-wittelsbacherstrasse","21":"tag-zak","22":"tag-zentrum-fuer-arbeit-und-kultur"},"_links":{"self":[{"href":"https:\/\/www.region-schwabach.de\/wordpress\/wp-json\/wp\/v2\/posts\/75061","targetHints":{"allow":["GET"]}}],"collection":[{"href":"https:\/\/www.region-schwabach.de\/wordpress\/wp-json\/wp\/v2\/posts"}],"about":[{"href":"https:\/\/www.region-schwabach.de\/wordpress\/wp-json\/wp\/v2\/types\/post"}],"author":[{"embeddable":true,"href":"https:\/\/www.region-schwabach.de\/wordpress\/wp-json\/wp\/v2\/users\/1"}],"replies":[{"embeddable":true,"href":"https:\/\/www.region-schwabach.de\/wordpress\/wp-json\/wp\/v2\/comments?post=75061"}],"version-history":[{"count":0,"href":"https:\/\/www.region-schwabach.de\/wordpress\/wp-json\/wp\/v2\/posts\/75061\/revisions"}],"wp:featuredmedia":[{"embeddable":true,"href":"https:\/\/www.region-schwabach.de\/wordpress\/wp-json\/wp\/v2\/media\/75063"}],"wp:attachment":[{"href":"https:\/\/www.region-schwabach.de\/wordpress\/wp-json\/wp\/v2\/media?parent=75061"}],"wp:term":[{"taxonomy":"category","embeddable":true,"href":"https:\/\/www.region-schwabach.de\/wordpress\/wp-json\/wp\/v2\/categories?post=75061"},{"taxonomy":"post_tag","embeddable":true,"href":"https:\/\/www.region-schwabach.de\/wordpress\/wp-json\/wp\/v2\/tags?post=75061"}],"curies":[{"name":"wp","href":"https:\/\/api.w.org\/{rel}","templated":true}]}}