{"id":76020,"date":"2019-01-24T22:53:27","date_gmt":"2019-01-24T21:53:27","guid":{"rendered":"http:\/\/www.region-schwabach.de\/wordpress\/?p=76020"},"modified":"2019-01-24T22:59:26","modified_gmt":"2019-01-24T21:59:26","slug":"pkw-in-rednitzhembach-angefahren-und-gefluchtet","status":"publish","type":"post","link":"https:\/\/www.region-schwabach.de\/wordpress\/pkw-in-rednitzhembach-angefahren-und-gefluchtet\/","title":{"rendered":"PKW in Rednitzhembach angefahren und gefl\u00fcchtet"},"content":{"rendered":"\t\t<div data-elementor-type=\"wp-post\" data-elementor-id=\"76020\" class=\"elementor elementor-76020 elementor-bc-flex-widget\">\n\t\t\t\t\t\t<section class=\"elementor-section elementor-top-section elementor-element elementor-element-1cuv9jr elementor-section-boxed elementor-section-height-default elementor-section-height-default\" data-id=\"1cuv9jr\" data-element_type=\"section\">\n\t\t\t\t\t\t<div class=\"elementor-container elementor-column-gap-default\">\n\t\t\t\t\t<div class=\"elementor-column elementor-col-50 elementor-top-column elementor-element elementor-element-q5zak7b\" data-id=\"q5zak7b\" data-element_type=\"column\">\n\t\t\t<div class=\"elementor-widget-wrap elementor-element-populated\">\n\t\t\t\t\t\t<div class=\"elementor-element elementor-element-948e1ec elementor-widget elementor-widget-wp-widget-advads_ad_widget\" data-id=\"948e1ec\" data-element_type=\"widget\" data-widget_type=\"wp-widget-advads_ad_widget.default\">\n\t\t\t\t<div class=\"elementor-widget-container\">\n\t\t\t<div id=\"regio-272888079\"><div class=\"regio-adlabel\">Werbung<\/div><!-- Beginn https:\/\/www.financeads.net\/-Code --><a href=\"https:\/\/www.financeads.net\/tc.php?t=36648C19118058B\" target=\"_blank\"><img fetchpriority=\"high\" decoding=\"async\" src=\"https:\/\/www.financeads.net\/tb.php?t=36648V19118058B&https=1\" alt=\"\" border=\"0\" width=\"728\" height=\"90\"><\/a><!-- Ende https:\/\/www.financeads.net\/-Code --><\/div>\t\t<\/div>\n\t\t\t\t<\/div>\n\t\t\t\t<div class=\"elementor-element elementor-element-763ecdd elementor-widget elementor-widget-text-editor\" data-id=\"763ecdd\" data-element_type=\"widget\" data-widget_type=\"text-editor.default\">\n\t\t\t\t<div class=\"elementor-widget-container\">\n\t\t\t\t\t\t\t<h3>PKW angefahren &#8211; Verursacher gesucht<\/h3><p><span style=\"font-size: 12pt;\">Rednitzhembach &#8211; Bereits am Freitag, den 18.01.2019, wurde in der Zeit zwischen 18:40 Uhr und 20:25 Uhr ein im Bereich der Rother Stra\u00dfe \/ Wilhelm-Drescher-Stra\u00dfe in Rednitzhembach geparkter Peugeot angefahren und besch\u00e4digt.<\/span><\/p><p><span style=\"font-size: 12pt;\">Im Anschlu\u00df entfernte sich der Unfallverursacher unerlaubt vom Unfallort, ohne sich um den entstandenen Schaden in H\u00f6he von ca. 500 Euro zu k\u00fcmmern.<\/span><\/p><h3>Polizei bittet um Mithilfe<\/h3><p><span style=\"font-size: 12pt;\">Personen, die verd\u00e4chtige Beobachtungen gemacht haben, werden gebeten, diese der Polizei in Roth unter der Rufnummer 09171-9744-0 mitzuteilen.<\/span><\/p>\t\t\t\t\t\t<\/div>\n\t\t\t\t<\/div>\n\t\t\t\t<div class=\"elementor-element elementor-element-ace1283 elementor-widget-divider--view-line elementor-widget elementor-widget-divider\" data-id=\"ace1283\" data-element_type=\"widget\" data-widget_type=\"divider.default\">\n\t\t\t\t<div class=\"elementor-widget-container\">\n\t\t\t\t\t<div class=\"elementor-divider\">\n\t\t\t<span class=\"elementor-divider-separator\">\n\t\t\t\t\t\t<\/span>\n\t\t<\/div>\n\t\t\t\t<\/div>\n\t\t\t\t<\/div>\n\t\t\t\t<div class=\"elementor-element elementor-element-1l7zbzo elementor-widget elementor-widget-google_maps\" data-id=\"1l7zbzo\" data-element_type=\"widget\" data-widget_type=\"google_maps.default\">\n\t\t\t\t<div class=\"elementor-widget-container\">\n\t\t\t\t\t<div class=\"elementor-custom-embed\">\n\t\t\t<iframe loading=\"lazy\"\n\t\t\t\t\tsrc=\"https:\/\/maps.google.com\/maps?q=49.300982%2C%2011.079759&#038;t=m&#038;z=17&#038;output=embed&#038;iwloc=near\"\n\t\t\t\t\ttitle=\"49.300982, 11.079759\"\n\t\t\t\t\taria-label=\"49.300982, 11.079759\"\n\t\t\t><\/iframe>\n\t\t<\/div>\n\t\t\t\t<\/div>\n\t\t\t\t<\/div>\n\t\t\t\t\t<\/div>\n\t\t<\/div>\n\t\t\t\t<div class=\"elementor-column elementor-col-50 elementor-top-column elementor-element elementor-element-ad09bdf\" data-id=\"ad09bdf\" data-element_type=\"column\">\n\t\t\t<div class=\"elementor-widget-wrap elementor-element-populated\">\n\t\t\t\t\t\t<div class=\"elementor-element elementor-element-4f524d4 elementor-widget elementor-widget-heading\" data-id=\"4f524d4\" data-element_type=\"widget\" data-widget_type=\"heading.default\">\n\t\t\t\t<div class=\"elementor-widget-container\">\n\t\t\t<h3 class=\"elementor-heading-title elementor-size-default\">Schnell vergleichen und sparen!<\/h3>\t\t<\/div>\n\t\t\t\t<\/div>\n\t\t\t\t<div class=\"elementor-element elementor-element-cfe7a25 elementor-widget elementor-widget-wp-widget-advads_ad_widget\" data-id=\"cfe7a25\" data-element_type=\"widget\" data-widget_type=\"wp-widget-advads_ad_widget.default\">\n\t\t\t\t<div class=\"elementor-widget-container\">\n\t\t\t<div id=\"regio-1196757827\"><div class=\"regio-adlabel\">Werbung<\/div><!-- Beginn https:\/\/www.financeads.net\/-Code --><a href=\"https:\/\/www.financeads.net\/tc.php?t=36648C236142529B\" target=\"_blank\"><img decoding=\"async\" src=\"https:\/\/www.financeads.net\/tb.php?t=36648V236142529B&https=1\" alt=\"\" border=\"0\" width=\"300\" height=\"250\"><\/a><!-- Ende https:\/\/www.financeads.net\/-Code --><\/div>\t\t<\/div>\n\t\t\t\t<\/div>\n\t\t\t\t<div class=\"elementor-element elementor-element-a726c44 elementor-widget elementor-widget-wp-widget-advads_ad_widget\" data-id=\"a726c44\" data-element_type=\"widget\" data-widget_type=\"wp-widget-advads_ad_widget.default\">\n\t\t\t\t<div class=\"elementor-widget-container\">\n\t\t\t<div id=\"regio-3909256612\"><div class=\"regio-adlabel\">Werbung<\/div><!-- Beginn https:\/\/www.financeads.net\/-Code --><a href=\"https:\/\/www.financeads.net\/tc.php?t=36648C42614510B\" target=\"_blank\"><img decoding=\"async\" src=\"https:\/\/www.financeads.net\/tb.php?t=36648V42614510B&https=1\" alt=\"\" border=\"0\" width=\"200\" height=\"300\"><\/a><!-- Ende https:\/\/www.financeads.net\/-Code --><\/div>\t\t<\/div>\n\t\t\t\t<\/div>\n\t\t\t\t<div class=\"elementor-element elementor-element-5bffca5 elementor-widget elementor-widget-wp-widget-advads_ad_widget\" data-id=\"5bffca5\" data-element_type=\"widget\" data-widget_type=\"wp-widget-advads_ad_widget.default\">\n\t\t\t\t<div class=\"elementor-widget-container\">\n\t\t\t<div id=\"regio-1872478511\"><div class=\"regio-adlabel\">Werbung<\/div><!-- Beginn https:\/\/www.financeads.net\/-Code --><a href=\"https:\/\/www.financeads.net\/tc.php?t=36648C205040072B\" target=\"_blank\"><img loading=\"lazy\" decoding=\"async\" src=\"https:\/\/www.financeads.net\/tb.php?t=36648V205040072B&https=1\" alt=\"\" border=\"0\" width=\"300\" height=\"250\"><\/a><!-- Ende https:\/\/www.financeads.net\/-Code --><\/div>\t\t<\/div>\n\t\t\t\t<\/div>\n\t\t\t\t<div class=\"elementor-element elementor-element-660e1d3 elementor-widget elementor-widget-wp-widget-advads_ad_widget\" data-id=\"660e1d3\" data-element_type=\"widget\" data-widget_type=\"wp-widget-advads_ad_widget.default\">\n\t\t\t\t<div class=\"elementor-widget-container\">\n\t\t\t<div id=\"regio-3814257144\"><div class=\"regio-adlabel\">Werbung<\/div><!-- Beginn https:\/\/www.financeads.net\/-Code --><a href=\"https:\/\/www.financeads.net\/tc.php?t=36648C271460142B\" target=\"_blank\"><img loading=\"lazy\" decoding=\"async\" src=\"https:\/\/www.financeads.net\/tb.php?t=36648V271460142B&https=1\" alt=\"PETPROTECT_Hund&Katze_Banner\" border=\"0\" width=\"250\" height=\"250\"><\/a><!-- Ende https:\/\/www.financeads.net\/-Code --><\/div>\t\t<\/div>\n\t\t\t\t<\/div>\n\t\t\t\t\t<\/div>\n\t\t<\/div>\n\t\t\t\t\t<\/div>\n\t\t<\/section>\n\t\t\t\t<\/div>\n\t\t","protected":false},"excerpt":{"rendered":"<div class=\"mh-excerpt\"><p>PKW angefahren &#8211; Verursacher gesucht Rednitzhembach &#8211; Bereits am Freitag, den 18.01.2019, wurde in der Zeit zwischen 18:40 Uhr und 20:25 Uhr ein im Bereich der Rother Stra\u00dfe \/ Wilhelm-Drescher-Stra\u00dfe in Rednitzhembach geparkter Peugeot angefahren <a class=\"mh-excerpt-more\" href=\"https:\/\/www.region-schwabach.de\/wordpress\/pkw-in-rednitzhembach-angefahren-und-gefluchtet\/\" title=\"PKW in Rednitzhembach angefahren und gefl\u00fcchtet\">[&#8230;]<\/a><\/p>\n<\/div>","protected":false},"author":1,"featured_media":76022,"comment_status":"open","ping_status":"open","sticky":false,"template":"","format":"standard","meta":{"_cbd_carousel_blocks":"[]","footnotes":""},"categories":[15],"tags":[7569,454,3087,463,981,7469,493,32,170,401,713,334,457,7916],"class_list":{"0":"post-76020","1":"post","2":"type-post","3":"status-publish","4":"format-standard","5":"has-post-thumbnail","7":"category-polizeimeldungen","8":"tag-18-01-2019","9":"tag-fahrerflucht","10":"tag-peugeot","11":"tag-pkw","12":"tag-polizei","13":"tag-polizei-roth","14":"tag-rednitzhembach","15":"tag-roth","16":"tag-rother-strasse","17":"tag-sachschaden","18":"tag-schaden","19":"tag-unfall","20":"tag-unfallflucht","21":"tag-wilhelm-drescher-strasse"},"_links":{"self":[{"href":"https:\/\/www.region-schwabach.de\/wordpress\/wp-json\/wp\/v2\/posts\/76020","targetHints":{"allow":["GET"]}}],"collection":[{"href":"https:\/\/www.region-schwabach.de\/wordpress\/wp-json\/wp\/v2\/posts"}],"about":[{"href":"https:\/\/www.region-schwabach.de\/wordpress\/wp-json\/wp\/v2\/types\/post"}],"author":[{"embeddable":true,"href":"https:\/\/www.region-schwabach.de\/wordpress\/wp-json\/wp\/v2\/users\/1"}],"replies":[{"embeddable":true,"href":"https:\/\/www.region-schwabach.de\/wordpress\/wp-json\/wp\/v2\/comments?post=76020"}],"version-history":[{"count":0,"href":"https:\/\/www.region-schwabach.de\/wordpress\/wp-json\/wp\/v2\/posts\/76020\/revisions"}],"wp:featuredmedia":[{"embeddable":true,"href":"https:\/\/www.region-schwabach.de\/wordpress\/wp-json\/wp\/v2\/media\/76022"}],"wp:attachment":[{"href":"https:\/\/www.region-schwabach.de\/wordpress\/wp-json\/wp\/v2\/media?parent=76020"}],"wp:term":[{"taxonomy":"category","embeddable":true,"href":"https:\/\/www.region-schwabach.de\/wordpress\/wp-json\/wp\/v2\/categories?post=76020"},{"taxonomy":"post_tag","embeddable":true,"href":"https:\/\/www.region-schwabach.de\/wordpress\/wp-json\/wp\/v2\/tags?post=76020"}],"curies":[{"name":"wp","href":"https:\/\/api.w.org\/{rel}","templated":true}]}}