{"id":767,"date":"2017-04-23T19:12:35","date_gmt":"2017-04-23T17:12:35","guid":{"rendered":"http:\/\/www.region-schwabach.de\/wordpress\/?p=767"},"modified":"2017-04-28T09:55:36","modified_gmt":"2017-04-28T07:55:36","slug":"autoshow-schwabach-am-23-april-2017","status":"publish","type":"post","link":"https:\/\/www.region-schwabach.de\/wordpress\/autoshow-schwabach-am-23-april-2017\/","title":{"rendered":"Autoshow Schwabach am 23. April 2017"},"content":{"rendered":"\t\t<div data-elementor-type=\"wp-post\" data-elementor-id=\"767\" class=\"elementor elementor-767 elementor-bc-flex-widget\">\n\t\t\t\t\t\t<section class=\"elementor-section elementor-top-section elementor-element elementor-element-exet1l7 elementor-section-boxed elementor-section-height-default elementor-section-height-default\" data-id=\"exet1l7\" data-element_type=\"section\">\n\t\t\t\t\t\t<div class=\"elementor-container elementor-column-gap-default\">\n\t\t\t\t\t<div class=\"elementor-column elementor-col-66 elementor-top-column elementor-element elementor-element-dcb9hq6\" data-id=\"dcb9hq6\" data-element_type=\"column\">\n\t\t\t<div class=\"elementor-widget-wrap elementor-element-populated\">\n\t\t\t\t\t\t<div class=\"elementor-element elementor-element-804d9p5 elementor-widget elementor-widget-text-editor\" data-id=\"804d9p5\" data-element_type=\"widget\" data-widget_type=\"text-editor.default\">\n\t\t\t\t<div class=\"elementor-widget-container\">\n\t\t\t\t\t\t\t<h3>Niedrige Temperaturen &#8211; Hohe Besucherzahl<\/h3><p>Trotz wechselhaftem Wetter und niedrigen Temperaturen war die Autoshow in der Schwabacher Innenstadt ein voller Erfolg. Nach offiziellen Sch\u00e4tzungen kamen\u00a0weit \u00fcber 5000 Besucher zu dem Event,\u00a0der \u00fcbrigens bereits zum 28. Mal veranstaltet wurde.<\/p><h3>Auch Ferrari und Maserati im Programm<\/h3><p>Publikumsmagneten waren in diesem Jahr \u00a0die Nobelfmarken Ferrari und Maserati, sowie die f\u00fcr den Shuttle-Service zu den gleichzeitig ge\u00f6ffneten Autoh\u00e4usern eingesetzte\u00a0Stretch-Limousine.\u00a0<\/p><h3>Gro\u00dfe Auswahl an Fahrzeugen und Trends<\/h3><p>Egal, ob Camping-Bus, Coup\u00e9, Ein-Liter-Fahrzeug, Elektroauto, Familienlimousine, Kleinwagen, Motor-Bike, Sportwagen oder SUV, es war f\u00fcr jeden etwas dabei.<\/p><h3>Umfangreiches Rahmenprogramm und verkaufsoffener Sonntag<\/h3><p>Das umfangreiche Rahmenprogramm und der verkaufsoffene Sonntag\u00a0hatten aber wohl auch einen nicht unerheblichen Anteil an dem Erfolg der Autoshow in diesem Jahr.<\/p><p><a href=\"http:\/\/www.region-schwabach.de\/wordpress\/autoshow-2017\/\" target=\"_blank\" rel=\"noopener noreferrer\">Ein paar Impressionen zur Autoshow gibt es hier &#8230;<\/a><\/p><p>\u00a0<\/p>\t\t\t\t\t\t<\/div>\n\t\t\t\t<\/div>\n\t\t\t\t\t<\/div>\n\t\t<\/div>\n\t\t\t\t<div class=\"elementor-column elementor-col-33 elementor-top-column elementor-element elementor-element-qyct1gw\" data-id=\"qyct1gw\" data-element_type=\"column\">\n\t\t\t<div class=\"elementor-widget-wrap elementor-element-populated\">\n\t\t\t\t\t\t<div class=\"elementor-element elementor-element-omjisdp elementor-widget elementor-widget-google_maps\" data-id=\"omjisdp\" data-element_type=\"widget\" data-widget_type=\"google_maps.default\">\n\t\t\t\t<div class=\"elementor-widget-container\">\n\t\t\t\t\t<div class=\"elementor-custom-embed\">\n\t\t\t<iframe loading=\"lazy\"\n\t\t\t\t\tsrc=\"https:\/\/maps.google.com\/maps?q=K%C3%B6nigsplatz%2C%20Schwabach%2C%20Deutschland&#038;t=m&#038;z=15&#038;output=embed&#038;iwloc=near\"\n\t\t\t\t\ttitle=\"K\u00f6nigsplatz, Schwabach, Deutschland\"\n\t\t\t\t\taria-label=\"K\u00f6nigsplatz, Schwabach, Deutschland\"\n\t\t\t><\/iframe>\n\t\t<\/div>\n\t\t\t\t<\/div>\n\t\t\t\t<\/div>\n\t\t\t\t\t<\/div>\n\t\t<\/div>\n\t\t\t\t\t<\/div>\n\t\t<\/section>\n\t\t\t\t<\/div>\n\t\t","protected":false},"excerpt":{"rendered":"<div class=\"mh-excerpt\"><p>Niedrige Temperaturen &#8211; Hohe Besucherzahl Trotz wechselhaftem Wetter und niedrigen Temperaturen war die Autoshow in der Schwabacher Innenstadt ein voller Erfolg. Nach offiziellen Sch\u00e4tzungen kamen\u00a0weit \u00fcber 5000 Besucher zu dem Event,\u00a0der \u00fcbrigens bereits zum 28. <a class=\"mh-excerpt-more\" href=\"https:\/\/www.region-schwabach.de\/wordpress\/autoshow-schwabach-am-23-april-2017\/\" title=\"Autoshow Schwabach am 23. April 2017\">[&#8230;]<\/a><\/p>\n<\/div>","protected":false},"author":1,"featured_media":506,"comment_status":"open","ping_status":"open","sticky":false,"template":"","format":"standard","meta":{"_cbd_carousel_blocks":"[]","footnotes":""},"categories":[16,17],"tags":[23,26,21,19,20,27],"class_list":{"0":"post-767","1":"post","2":"type-post","3":"status-publish","4":"format-standard","5":"has-post-thumbnail","7":"category-aktuell","8":"category-veranstaltungen","9":"tag-23","10":"tag-autoshow","11":"tag-programm","12":"tag-schwabach","13":"tag-veranstaltung","14":"tag-verkaufsoffener-sonntag"},"_links":{"self":[{"href":"https:\/\/www.region-schwabach.de\/wordpress\/wp-json\/wp\/v2\/posts\/767","targetHints":{"allow":["GET"]}}],"collection":[{"href":"https:\/\/www.region-schwabach.de\/wordpress\/wp-json\/wp\/v2\/posts"}],"about":[{"href":"https:\/\/www.region-schwabach.de\/wordpress\/wp-json\/wp\/v2\/types\/post"}],"author":[{"embeddable":true,"href":"https:\/\/www.region-schwabach.de\/wordpress\/wp-json\/wp\/v2\/users\/1"}],"replies":[{"embeddable":true,"href":"https:\/\/www.region-schwabach.de\/wordpress\/wp-json\/wp\/v2\/comments?post=767"}],"version-history":[{"count":0,"href":"https:\/\/www.region-schwabach.de\/wordpress\/wp-json\/wp\/v2\/posts\/767\/revisions"}],"wp:featuredmedia":[{"embeddable":true,"href":"https:\/\/www.region-schwabach.de\/wordpress\/wp-json\/wp\/v2\/media\/506"}],"wp:attachment":[{"href":"https:\/\/www.region-schwabach.de\/wordpress\/wp-json\/wp\/v2\/media?parent=767"}],"wp:term":[{"taxonomy":"category","embeddable":true,"href":"https:\/\/www.region-schwabach.de\/wordpress\/wp-json\/wp\/v2\/categories?post=767"},{"taxonomy":"post_tag","embeddable":true,"href":"https:\/\/www.region-schwabach.de\/wordpress\/wp-json\/wp\/v2\/tags?post=767"}],"curies":[{"name":"wp","href":"https:\/\/api.w.org\/{rel}","templated":true}]}}