{"id":77051,"date":"2019-02-04T00:01:41","date_gmt":"2019-02-03T23:01:41","guid":{"rendered":"http:\/\/www.region-schwabach.de\/wordpress\/?p=77051"},"modified":"2019-02-03T23:59:58","modified_gmt":"2019-02-03T22:59:58","slug":"pressemitteilung-der-wirtschaftsjunioren-zur-jahreshauptversammlung","status":"publish","type":"post","link":"https:\/\/www.region-schwabach.de\/wordpress\/pressemitteilung-der-wirtschaftsjunioren-zur-jahreshauptversammlung\/","title":{"rendered":"Pressemitteilung der Wirtschaftsjunioren zur Jahreshauptversammlung"},"content":{"rendered":"\t\t<div data-elementor-type=\"wp-post\" data-elementor-id=\"77051\" class=\"elementor elementor-77051 elementor-bc-flex-widget\">\n\t\t\t\t\t\t<section class=\"elementor-section elementor-top-section elementor-element elementor-element-1cuv9jr elementor-section-boxed elementor-section-height-default elementor-section-height-default\" data-id=\"1cuv9jr\" data-element_type=\"section\">\n\t\t\t\t\t\t<div class=\"elementor-container elementor-column-gap-default\">\n\t\t\t\t\t<div class=\"elementor-column elementor-col-50 elementor-top-column elementor-element elementor-element-q5zak7b\" data-id=\"q5zak7b\" data-element_type=\"column\">\n\t\t\t<div class=\"elementor-widget-wrap elementor-element-populated\">\n\t\t\t\t\t\t<div class=\"elementor-element elementor-element-a88c909 elementor-widget elementor-widget-wp-widget-advads_ad_widget\" data-id=\"a88c909\" data-element_type=\"widget\" data-widget_type=\"wp-widget-advads_ad_widget.default\">\n\t\t\t\t<div class=\"elementor-widget-container\">\n\t\t\t<div id=\"regio-3951933254\"><div class=\"regio-adlabel\">Werbung<\/div><!-- Beginn https:\/\/www.financeads.net\/-Code --><a href=\"https:\/\/www.financeads.net\/tc.php?t=36648C19118058B\" target=\"_blank\"><img fetchpriority=\"high\" decoding=\"async\" src=\"https:\/\/www.financeads.net\/tb.php?t=36648V19118058B&https=1\" alt=\"\" border=\"0\" width=\"728\" height=\"90\"><\/a><!-- Ende https:\/\/www.financeads.net\/-Code --><\/div>\t\t<\/div>\n\t\t\t\t<\/div>\n\t\t\t\t<div class=\"elementor-element elementor-element-763ecdd elementor-widget elementor-widget-text-editor\" data-id=\"763ecdd\" data-element_type=\"widget\" data-widget_type=\"text-editor.default\">\n\t\t\t\t<div class=\"elementor-widget-container\">\n\t\t\t\t\t\t\t<h3><strong>Erfolgreiche Juniorenarbeit \u2013 WJ Schwabach als wichtige Anlaufstelle f\u00fcr Gr\u00fcnder, Unternehmer und Selbstst\u00e4ndige<\/strong><\/h3><p><span style=\"font-size: 12pt;\">Schwabach \u2013 In ihrer Jahreshauptversammlung am Dienstag, den 22.01.2019, best\u00e4tigten die WJ Schwabach Jessica Schwenke (Blackrabbit Design) als Kreissprecherin und erste Vorsitzende sowie Andreas Schaffer (Matrix Handels GmbH) als stellvertretenden Vorsitzenden und Matth\u00e4us Pierschinski als Schatzmeister.<\/span><\/p><h3><strong>Erfolgreiches Jahr 2018<\/strong><\/h3><p><span style=\"font-size: 12pt;\">Besonders das Wachstum des Vereins um 8 neue Mitglieder freut den Vorstand. \u201eViele unserer Mitglieder kommen vor und nach ihrer Gr\u00fcndung mit wichtigen Fragen zu uns, die schon mal schlaflose N\u00e4chte bereiten. Ob es um steuerliche Hintergr\u00fcnde, Rechtsberatung oder um Hilfe bei der Suche nach einem geeigneten B\u00fcro geht. Oder einfach nur welche Bank sinnvoll ist \u2013 die wertvollen Kontakte aus unserem breiten Netzwerk und unsere guten Beziehungen zur Stadt sind ein wesentlicher Vorteil f\u00fcr jedes Mitglied,\u201c erkl\u00e4rt Jessica Schwenke, Vorsitzende der WJ.<\/span><\/p><p><span style=\"font-size: 12pt;\">So pr\u00e4sentieren sich die WJ als dynamischer Verband f\u00fcr junge Selbstst\u00e4ndige und F\u00fchrungskr\u00e4fte, die beruflich netzwerken, sich ehrenamtlich engagieren und ihrer Stadt etwas zur\u00fcckgeben wollen.<\/span><\/p><h3><strong>Konzept f\u00fcr einen Wasserspielplatz in Schwabach<\/strong><\/h3><p><span style=\"font-size: 12pt;\">Aber auch der Arbeitskreis Zukunft, 2018 neu ins Leben gerufen, war sehr flei\u00dfig: so nahm man am Wettbewerb der Stadt Schwabach zur \u201eVersch\u00f6nerung der Stadtteile\u201c teil, bei dem ein Konzept f\u00fcr einen Wasserspielplatz im Stadtpark vorgeschlagen wurde. Leider bekamen die Wirtschaftsjunioren den Zuschlag nicht, u.a. da der Stadtpark als Ort der Ruhe und Erholung angesehen wird. Aber der Projektvorschlag wurde seitens der Stadt sehr positiv aufgenommen. Eventuell l\u00e4sst sich das Konzept im Jahr 2019 an anderer Stelle umsetzen, die Wirtschaftsjunioren werden hier eng mit der Stadt zusammenarbeiten. Jessica Schwenke appelliert hier auch an die Schwabacher B\u00fcrger*innen: \u201eVielleicht gibt es von den Schwabacher*innen einen Vorschlag, wo sich ein Wasserspielplatz gut umsetzen lassen k\u00f6nnte?\u201c<\/span><\/p><h3>Erfolgreiche Veranstaltung zur\u00a0Datenschutzgrundverordnung\u00a0<\/h3><p><span style=\"font-size: 12pt;\">Ein gro\u00dfer Erfolg war letztes Jahr auch die gemeinsame Veranstaltung mit dem Gewerbeverein und dem IHK-Gremium Schwabach, bei der es um die Datenschutzgrundverordnung ging und die Selbstst\u00e4ndigen und Unternehmern einen ersten \u00dcberblick zu den wichtigsten Ma\u00dfnahmen gab. \u201eMit solchen Fachveranstaltungen k\u00f6nnen wir unsere Position als wichtige Anlaufstelle f\u00fcr Fragen rund um die Rechte und Pflichten von Unternehmer*innen st\u00e4rken\u201c, erl\u00e4utert Andreas Schaffer, stellvertretender Vorsitzender.<\/span><\/p><h3><strong>Interessante Vortr\u00e4ge und Veranstaltungen 2019<\/strong><\/h3><p><span style=\"font-size: 12pt;\">Fachvortr\u00e4ge bilden auch einen wesentlichen Schwerpunkt der Juniorenarbeit 2019: so gibt es einen Vortrag von Extremsportler und Mentalcoach Norman Baum, Michael Dassler, Enkel des Puma-Gr\u00fcnders Rudolf Dassler, wird pers\u00f6nliche Einblicke in die Geschichte der Dasslers geben und Fachreferent Dr. K\u00fcnneth informiert \u00fcber Chancen und Risiken der K\u00fcnstlichen Intelligenz (K.I.) f\u00fcr den Mittelstand.<\/span><\/p><h3><strong>Jazzfr\u00fchschoppen am 14. Juli<\/strong><\/h3><p><span style=\"font-size: 12pt;\">\u201eBesonders freuen wir uns aber auch auf eine unserer Highlight-Veranstaltungen, den Jazzfr\u00fchschoppen\u201c sagt Matth\u00e4us Pierschinski, Schatzmeister. An diesem Tag sind alle Schwabacher*innen herzlich in den Stadtpark eingeladen gemeinsam mit den Wirtschaftsjunioren zu feiern und zu schlemmen, der Eintritt ist frei. Auch dieses Jahr findet zeitgleich die Ausstellung des Fotoclubs statt bei der die Mitglieder ihre besten Arbeiten pr\u00e4sentieren. Die Wirtschaftsjunioren hoffen auf bestes Wetter und zahlreiches Publikum wie in den letzten Jahren.<\/span><\/p><h3>Veranstaltungen der Wirtschaftsjunioren<\/h3><p><span style=\"font-size: 12pt;\">Ein Gesamt\u00fcberblick \u00fcber die Veranstaltungen der WJ Schwabach findet sich auf der Internetseite: <a href=\"%22http:\/\" target=\"_blank\" rel=\"noopener\">www.wj-schwabach.de<\/a><\/span><\/p><h3><strong>Innenstadtentwicklung<\/strong><\/h3><p><span style=\"font-size: 12pt;\">Weiterer Schwerpunkt dieses Jahr ist die intensive Zusammenarbeit mit den anderen Schwabacher Wirtschafts-Gremien, die Arbeit im Wirtschaftsbeirat der Stadt, sowie die Teilnahme an Fachgespr\u00e4chen bei denen es vorrangig um die Innenstadtentwicklung geht, die weiterhin mit Sorge betrachtet wird. Ein neues Konzept soll den Einzelhandel in der Innenstadt sch\u00fctzen und f\u00f6rdern.<\/span><\/p><h3><strong>Das letzte Jahr im Vorstand<\/strong><\/h3><p><span style=\"font-size: 12pt;\">\u201eEinziger Wermutstropfen f\u00fcr mich ist, dass dies mein letztes Jahr als Vorsitzende und Vorstandsmitglied der WJ sein wird\u201c, meint Jessica Schwenke, \u201eda ich dieses Jahr 40 werde und somit satzungsbedingt n\u00e4chstes Jahr nicht mehr in den Vorstand gew\u00e4hlt werden kann. Aber es waren sieben sehr erfolgreiche und sch\u00f6ne Jahre und ich freue mich auf neue ehrenamtliche Aufgaben.\u201c<\/span><\/p><h3>Weiterf\u00fchrende Links:<\/h3><p><span style=\"font-size: 12pt;\"><a href=\"http:\/\/www.wj-schwabach.de\" target=\"_blank\" rel=\"noopener\">Die Homepage der Wirtschaftsjunioren Schwabach findet man hier &#8230;<\/a><\/span><\/p><p><strong><span style=\"font-size: 12pt;\">\u00a9Foto WJ Schwabach<\/span><\/strong><\/p><p><span style=\"font-size: 12pt;\">Thomas Liewald, Regionalsprecher der WJ Mittelfranken, war bei der Hauptversammlung prominenter Gast und der wiedergew\u00e4hlte Vorstand der WJ Schwabach Andreas Schaffer, Jessica Schwenke und Matth\u00e4us Pierschinski freuen sich auf ein tolles neues Juniorenjahr.<\/span><\/p>\t\t\t\t\t\t<\/div>\n\t\t\t\t<\/div>\n\t\t\t\t<div class=\"elementor-element elementor-element-ace1283 elementor-widget-divider--view-line elementor-widget elementor-widget-divider\" data-id=\"ace1283\" data-element_type=\"widget\" data-widget_type=\"divider.default\">\n\t\t\t\t<div class=\"elementor-widget-container\">\n\t\t\t\t\t<div class=\"elementor-divider\">\n\t\t\t<span class=\"elementor-divider-separator\">\n\t\t\t\t\t\t<\/span>\n\t\t<\/div>\n\t\t\t\t<\/div>\n\t\t\t\t<\/div>\n\t\t\t\t<div class=\"elementor-element elementor-element-1l7zbzo elementor-widget elementor-widget-google_maps\" data-id=\"1l7zbzo\" data-element_type=\"widget\" data-widget_type=\"google_maps.default\">\n\t\t\t\t<div class=\"elementor-widget-container\">\n\t\t\t\t\t<div class=\"elementor-custom-embed\">\n\t\t\t<iframe loading=\"lazy\"\n\t\t\t\t\tsrc=\"https:\/\/maps.google.com\/maps?q=Schwabach%2C%20Deutschland&#038;t=m&#038;z=10&#038;output=embed&#038;iwloc=near\"\n\t\t\t\t\ttitle=\"Schwabach, Deutschland\"\n\t\t\t\t\taria-label=\"Schwabach, Deutschland\"\n\t\t\t><\/iframe>\n\t\t<\/div>\n\t\t\t\t<\/div>\n\t\t\t\t<\/div>\n\t\t\t\t\t<\/div>\n\t\t<\/div>\n\t\t\t\t<div class=\"elementor-column elementor-col-50 elementor-top-column elementor-element elementor-element-5a64997\" data-id=\"5a64997\" data-element_type=\"column\">\n\t\t\t<div class=\"elementor-widget-wrap elementor-element-populated\">\n\t\t\t\t\t\t<div class=\"elementor-element elementor-element-3ef7b85 elementor-widget elementor-widget-heading\" data-id=\"3ef7b85\" data-element_type=\"widget\" data-widget_type=\"heading.default\">\n\t\t\t\t<div class=\"elementor-widget-container\">\n\t\t\t<h3 class=\"elementor-heading-title elementor-size-default\">Schnell vergleichen und sparen!<\/h3>\t\t<\/div>\n\t\t\t\t<\/div>\n\t\t\t\t<div class=\"elementor-element elementor-element-d4326f6 elementor-widget elementor-widget-wp-widget-advads_ad_widget\" data-id=\"d4326f6\" data-element_type=\"widget\" data-widget_type=\"wp-widget-advads_ad_widget.default\">\n\t\t\t\t<div class=\"elementor-widget-container\">\n\t\t\t<div id=\"regio-2030139670\"><div class=\"regio-adlabel\">Werbung<\/div><!-- Beginn https:\/\/www.financeads.net\/-Code --><a href=\"https:\/\/www.financeads.net\/tc.php?t=36648C236142529B\" target=\"_blank\"><img decoding=\"async\" src=\"https:\/\/www.financeads.net\/tb.php?t=36648V236142529B&https=1\" alt=\"\" border=\"0\" width=\"300\" height=\"250\"><\/a><!-- Ende https:\/\/www.financeads.net\/-Code --><\/div>\t\t<\/div>\n\t\t\t\t<\/div>\n\t\t\t\t<div class=\"elementor-element elementor-element-2d7ec38 elementor-widget elementor-widget-wp-widget-advads_ad_widget\" data-id=\"2d7ec38\" data-element_type=\"widget\" data-widget_type=\"wp-widget-advads_ad_widget.default\">\n\t\t\t\t<div class=\"elementor-widget-container\">\n\t\t\t<div id=\"regio-1263249018\"><div class=\"regio-adlabel\">Werbung<\/div><!-- Beginn https:\/\/www.financeads.net\/-Code --><a href=\"https:\/\/www.financeads.net\/tc.php?t=36648C42614510B\" target=\"_blank\"><img decoding=\"async\" src=\"https:\/\/www.financeads.net\/tb.php?t=36648V42614510B&https=1\" alt=\"\" border=\"0\" width=\"200\" height=\"300\"><\/a><!-- Ende https:\/\/www.financeads.net\/-Code --><\/div>\t\t<\/div>\n\t\t\t\t<\/div>\n\t\t\t\t<div class=\"elementor-element elementor-element-5a70618 elementor-widget elementor-widget-wp-widget-advads_ad_widget\" data-id=\"5a70618\" data-element_type=\"widget\" data-widget_type=\"wp-widget-advads_ad_widget.default\">\n\t\t\t\t<div class=\"elementor-widget-container\">\n\t\t\t<div id=\"regio-2804710706\"><div class=\"regio-adlabel\">Werbung<\/div><!-- Beginn https:\/\/www.financeads.net\/-Code --><a href=\"https:\/\/www.financeads.net\/tc.php?t=36648C205040072B\" target=\"_blank\"><img loading=\"lazy\" decoding=\"async\" src=\"https:\/\/www.financeads.net\/tb.php?t=36648V205040072B&https=1\" alt=\"\" border=\"0\" width=\"300\" height=\"250\"><\/a><!-- Ende https:\/\/www.financeads.net\/-Code --><\/div>\t\t<\/div>\n\t\t\t\t<\/div>\n\t\t\t\t<div class=\"elementor-element elementor-element-a5d9a62 elementor-widget elementor-widget-wp-widget-advads_ad_widget\" data-id=\"a5d9a62\" data-element_type=\"widget\" data-widget_type=\"wp-widget-advads_ad_widget.default\">\n\t\t\t\t<div class=\"elementor-widget-container\">\n\t\t\t<div id=\"regio-2396032683\"><div class=\"regio-adlabel\">Werbung<\/div><!-- Beginn https:\/\/www.financeads.net\/-Code --><a href=\"https:\/\/www.financeads.net\/tc.php?t=36648C271460142B\" target=\"_blank\"><img loading=\"lazy\" decoding=\"async\" src=\"https:\/\/www.financeads.net\/tb.php?t=36648V271460142B&https=1\" alt=\"PETPROTECT_Hund&Katze_Banner\" border=\"0\" width=\"250\" height=\"250\"><\/a><!-- Ende https:\/\/www.financeads.net\/-Code --><\/div>\t\t<\/div>\n\t\t\t\t<\/div>\n\t\t\t\t\t<\/div>\n\t\t<\/div>\n\t\t\t\t\t<\/div>\n\t\t<\/section>\n\t\t\t\t<\/div>\n\t\t","protected":false},"excerpt":{"rendered":"<div class=\"mh-excerpt\"><p>Erfolgreiche Juniorenarbeit \u2013 WJ Schwabach als wichtige Anlaufstelle f\u00fcr Gr\u00fcnder, Unternehmer und Selbstst\u00e4ndige Schwabach \u2013 In ihrer Jahreshauptversammlung am Dienstag, den 22.01.2019, best\u00e4tigten die WJ Schwabach Jessica Schwenke (Blackrabbit Design) als Kreissprecherin und erste Vorsitzende <a class=\"mh-excerpt-more\" href=\"https:\/\/www.region-schwabach.de\/wordpress\/pressemitteilung-der-wirtschaftsjunioren-zur-jahreshauptversammlung\/\" title=\"Pressemitteilung der Wirtschaftsjunioren zur Jahreshauptversammlung\">[&#8230;]<\/a><\/p>\n<\/div>","protected":false},"author":1,"featured_media":77052,"comment_status":"open","ping_status":"open","sticky":false,"template":"","format":"standard","meta":{"_cbd_carousel_blocks":"[]","footnotes":""},"categories":[16,78,3967,46,140],"tags":[7619,7985,7983,7988,7969,7987,7989,7984,19,7986,3651],"class_list":{"0":"post-77051","1":"post","2":"type-post","3":"status-publish","4":"format-standard","5":"has-post-thumbnail","7":"category-aktuell","8":"category-handel-und-wirtschaft","9":"category-unternehmen","10":"category-verbaende","11":"category-vereine","12":"tag-22-01-2019","13":"tag-datenschutzgrundverordnung","14":"tag-erfolgreiches-2018","15":"tag-innenstadtentwicklung","16":"tag-jahreshauptversammlung","17":"tag-jazzfruehschoppen","18":"tag-jessica-schwenke-letztes-jahr-im-vorstand","19":"tag-konzept-fuer-wasserspielplatz","20":"tag-schwabach","21":"tag-vortraege-und-veranstaltungen-2019","22":"tag-wirtschaftsjunioren"},"_links":{"self":[{"href":"https:\/\/www.region-schwabach.de\/wordpress\/wp-json\/wp\/v2\/posts\/77051","targetHints":{"allow":["GET"]}}],"collection":[{"href":"https:\/\/www.region-schwabach.de\/wordpress\/wp-json\/wp\/v2\/posts"}],"about":[{"href":"https:\/\/www.region-schwabach.de\/wordpress\/wp-json\/wp\/v2\/types\/post"}],"author":[{"embeddable":true,"href":"https:\/\/www.region-schwabach.de\/wordpress\/wp-json\/wp\/v2\/users\/1"}],"replies":[{"embeddable":true,"href":"https:\/\/www.region-schwabach.de\/wordpress\/wp-json\/wp\/v2\/comments?post=77051"}],"version-history":[{"count":0,"href":"https:\/\/www.region-schwabach.de\/wordpress\/wp-json\/wp\/v2\/posts\/77051\/revisions"}],"wp:featuredmedia":[{"embeddable":true,"href":"https:\/\/www.region-schwabach.de\/wordpress\/wp-json\/wp\/v2\/media\/77052"}],"wp:attachment":[{"href":"https:\/\/www.region-schwabach.de\/wordpress\/wp-json\/wp\/v2\/media?parent=77051"}],"wp:term":[{"taxonomy":"category","embeddable":true,"href":"https:\/\/www.region-schwabach.de\/wordpress\/wp-json\/wp\/v2\/categories?post=77051"},{"taxonomy":"post_tag","embeddable":true,"href":"https:\/\/www.region-schwabach.de\/wordpress\/wp-json\/wp\/v2\/tags?post=77051"}],"curies":[{"name":"wp","href":"https:\/\/api.w.org\/{rel}","templated":true}]}}