{"id":77634,"date":"2019-05-08T00:03:14","date_gmt":"2019-05-07T22:03:14","guid":{"rendered":"http:\/\/www.region-schwabach.de\/wordpress\/?p=77634"},"modified":"2019-05-08T00:32:58","modified_gmt":"2019-05-07T22:32:58","slug":"anmeldung-fur-ausbildungsplatz-als-verwaltungswirt-in","status":"publish","type":"post","link":"https:\/\/www.region-schwabach.de\/wordpress\/anmeldung-fur-ausbildungsplatz-als-verwaltungswirt-in\/","title":{"rendered":"Anmeldung f\u00fcr Ausbildungsplatz Verwaltungswirt\/-in"},"content":{"rendered":"\t\t<div data-elementor-type=\"wp-post\" data-elementor-id=\"77634\" class=\"elementor elementor-77634 elementor-bc-flex-widget\">\n\t\t\t\t\t\t<section class=\"elementor-section elementor-top-section elementor-element elementor-element-e04de7f elementor-section-boxed elementor-section-height-default elementor-section-height-default\" data-id=\"e04de7f\" data-element_type=\"section\">\n\t\t\t\t\t\t<div class=\"elementor-container elementor-column-gap-default\">\n\t\t\t\t\t<div class=\"elementor-column elementor-col-50 elementor-top-column elementor-element elementor-element-0e30e33\" data-id=\"0e30e33\" data-element_type=\"column\">\n\t\t\t<div class=\"elementor-widget-wrap elementor-element-populated\">\n\t\t\t\t\t\t<div class=\"elementor-element elementor-element-546d77e elementor-widget elementor-widget-wp-widget-advads_ad_widget\" data-id=\"546d77e\" data-element_type=\"widget\" data-widget_type=\"wp-widget-advads_ad_widget.default\">\n\t\t\t\t<div class=\"elementor-widget-container\">\n\t\t\t<div id=\"regio-1058734926\"><div class=\"regio-adlabel\">Werbung<\/div><!-- Beginn https:\/\/www.financeads.net\/-Code --><a href=\"https:\/\/www.financeads.net\/tc.php?t=36648C19118058B\" target=\"_blank\"><img fetchpriority=\"high\" decoding=\"async\" src=\"https:\/\/www.financeads.net\/tb.php?t=36648V19118058B&https=1\" alt=\"\" border=\"0\" width=\"728\" height=\"90\"><\/a><!-- Ende https:\/\/www.financeads.net\/-Code --><\/div>\t\t<\/div>\n\t\t\t\t<\/div>\n\t\t\t\t<div class=\"elementor-element elementor-element-1331cc3 elementor-widget elementor-widget-text-editor\" data-id=\"1331cc3\" data-element_type=\"widget\" data-widget_type=\"text-editor.default\">\n\t\t\t\t<div class=\"elementor-widget-container\">\n\t\t\t\t\t\t\t<h3 class=\"uk-article-title\">Anmeldung f\u00fcr Auswahlverfahren ab sofort m\u00f6glich:<\/h3><p><span style=\"font-size: 12pt;\">Schwabach &#8211; Wer Interesse an einem Ausbildungsplatz zur Verwaltungswirtin oder zum Verwaltungswirt hat, der hat ab sofort die M\u00f6glichkeit sich beim Landespersonalausschuss f\u00fcr das Auswahlverfahren anzumelden. Die Anmeldung f\u00fcr das Einstellungsjahr 2020 hat am 1. Februar begonnen und ist noch bis zum 8. Mai 2019 m\u00f6glich.<\/span><\/p><h3>Anmeldung erfolgt \u00fcber Landespersonalausschuss<\/h3><p><span style=\"font-size: 12pt;\">Die Anmeldung ist im Internet \u00fcber die Homepage des\u00a0<a title=\"Link zur Seite des Landespersonalausschusses\" href=\"http:\/\/www.lpa.bayern.de\/\" target=\"_blank\" rel=\"noopener\">Landespersonalausschusses (hier klicken &#8230;)\u00a0<\/a>\u00a0m\u00f6glich. Wer im Erfolfsfall den praktischen Teil der zweij\u00e4hrigen Ausbildung dann bei der Stadt Schwabach absolvieren m\u00f6chte, kann diesen Wunsch w\u00e4hrend der Online-Bewerbung angeben, und mu\u00df keine zus\u00e4tzliche Bewerbung an die Stadt Schwabach senden. Die erfolgreichsten Bewerberinnen und Bewerber f\u00fcr diese Beamtenlaufbahn werden dann im Herbst noch von der Stadtverwaltung zu einem erg\u00e4nzenden Auswahlverfahren eingeladen.<\/span><\/p><h3>Weiterf\u00fchrende Links:<\/h3><p><a href=\"https:\/\/www.schwabach.de\/de\/stadtverwaltung\/referat-1-interne-dienste-und-schulen\/149-amt-fuer-personal-und-organisation\/einrichtungen-und-sachgebiete\/personalentwicklung\/3469-verwaltungswirt-in.html\" target=\"_blank\" rel=\"noopener\"><span style=\"font-size: 12pt;\">Weitere Infos zur Ausbildung zum\/zur Handelsfachwirt\/-in bei der Stadt Schwabach gibt es hier &#8230;<\/span><\/a><\/p><p><a href=\"https:\/\/www.schwabach.de\/images\/referate\/referat_1\/Ausbildung\/Downloads\/Verwaltungswirt-in.pdf\" target=\"_blank\" rel=\"noopener\"><span style=\"font-size: 12pt;\">Einen Info-Flyer zur Ausbildung bei der Stadt Schwabach kann man sich hier herunterladen &#8230;<\/span><\/a><\/p><p><span style=\"font-size: 12pt;\"><a href=\"http:\/\/www.lpa.bayern.de\/\" target=\"_blank\" rel=\"noopener\">Zur Homepage vom Landespersonalausschuss geht&#8217;s hier &#8230;<\/a><\/span><\/p>\t\t\t\t\t\t<\/div>\n\t\t\t\t<\/div>\n\t\t\t\t<div class=\"elementor-element elementor-element-9c4562b elementor-widget-divider--view-line elementor-widget elementor-widget-divider\" data-id=\"9c4562b\" data-element_type=\"widget\" data-widget_type=\"divider.default\">\n\t\t\t\t<div class=\"elementor-widget-container\">\n\t\t\t\t\t<div class=\"elementor-divider\">\n\t\t\t<span class=\"elementor-divider-separator\">\n\t\t\t\t\t\t<\/span>\n\t\t<\/div>\n\t\t\t\t<\/div>\n\t\t\t\t<\/div>\n\t\t\t\t<div class=\"elementor-element elementor-element-86e1f80 elementor-widget elementor-widget-google_maps\" data-id=\"86e1f80\" data-element_type=\"widget\" data-widget_type=\"google_maps.default\">\n\t\t\t\t<div class=\"elementor-widget-container\">\n\t\t\t\t\t<div class=\"elementor-custom-embed\">\n\t\t\t<iframe loading=\"lazy\"\n\t\t\t\t\tsrc=\"https:\/\/maps.google.com\/maps?q=K%C3%B6nigsplatz%201%2C%20Schwabach%2C%20Deutschland&#038;t=m&#038;z=17&#038;output=embed&#038;iwloc=near\"\n\t\t\t\t\ttitle=\"K\u00f6nigsplatz 1, Schwabach, Deutschland\"\n\t\t\t\t\taria-label=\"K\u00f6nigsplatz 1, Schwabach, Deutschland\"\n\t\t\t><\/iframe>\n\t\t<\/div>\n\t\t\t\t<\/div>\n\t\t\t\t<\/div>\n\t\t\t\t\t<\/div>\n\t\t<\/div>\n\t\t\t\t<div class=\"elementor-column elementor-col-50 elementor-top-column elementor-element elementor-element-0700ba0\" data-id=\"0700ba0\" data-element_type=\"column\">\n\t\t\t<div class=\"elementor-widget-wrap elementor-element-populated\">\n\t\t\t\t\t\t<div class=\"elementor-element elementor-element-88808fb elementor-widget elementor-widget-heading\" data-id=\"88808fb\" data-element_type=\"widget\" data-widget_type=\"heading.default\">\n\t\t\t\t<div class=\"elementor-widget-container\">\n\t\t\t<h3 class=\"elementor-heading-title elementor-size-default\">Schnell vergleichen und sparen!<\/h3>\t\t<\/div>\n\t\t\t\t<\/div>\n\t\t\t\t<div class=\"elementor-element elementor-element-dc0764a elementor-widget elementor-widget-wp-widget-advads_ad_widget\" data-id=\"dc0764a\" data-element_type=\"widget\" data-widget_type=\"wp-widget-advads_ad_widget.default\">\n\t\t\t\t<div class=\"elementor-widget-container\">\n\t\t\t<div id=\"regio-2217831592\"><div class=\"regio-adlabel\">Werbung<\/div><!-- Beginn https:\/\/www.financeads.net\/-Code --><a href=\"https:\/\/www.financeads.net\/tc.php?t=36648C236142529B\" target=\"_blank\"><img decoding=\"async\" src=\"https:\/\/www.financeads.net\/tb.php?t=36648V236142529B&https=1\" alt=\"\" border=\"0\" width=\"300\" height=\"250\"><\/a><!-- Ende https:\/\/www.financeads.net\/-Code --><\/div>\t\t<\/div>\n\t\t\t\t<\/div>\n\t\t\t\t<div class=\"elementor-element elementor-element-c945df3 elementor-widget elementor-widget-wp-widget-advads_ad_widget\" data-id=\"c945df3\" data-element_type=\"widget\" data-widget_type=\"wp-widget-advads_ad_widget.default\">\n\t\t\t\t<div class=\"elementor-widget-container\">\n\t\t\t<div id=\"regio-795628130\"><div class=\"regio-adlabel\">Werbung<\/div><!-- Beginn https:\/\/www.financeads.net\/-Code --><a href=\"https:\/\/www.financeads.net\/tc.php?t=36648C42614510B\" target=\"_blank\"><img decoding=\"async\" src=\"https:\/\/www.financeads.net\/tb.php?t=36648V42614510B&https=1\" alt=\"\" border=\"0\" width=\"200\" height=\"300\"><\/a><!-- Ende https:\/\/www.financeads.net\/-Code --><\/div>\t\t<\/div>\n\t\t\t\t<\/div>\n\t\t\t\t<div class=\"elementor-element elementor-element-cb6637d elementor-widget elementor-widget-wp-widget-advads_ad_widget\" data-id=\"cb6637d\" data-element_type=\"widget\" data-widget_type=\"wp-widget-advads_ad_widget.default\">\n\t\t\t\t<div class=\"elementor-widget-container\">\n\t\t\t<div id=\"regio-434347366\"><div class=\"regio-adlabel\">Werbung<\/div><!-- Beginn https:\/\/www.financeads.net\/-Code --><a href=\"https:\/\/www.financeads.net\/tc.php?t=36648C205040072B\" target=\"_blank\"><img loading=\"lazy\" decoding=\"async\" src=\"https:\/\/www.financeads.net\/tb.php?t=36648V205040072B&https=1\" alt=\"\" border=\"0\" width=\"300\" height=\"250\"><\/a><!-- Ende https:\/\/www.financeads.net\/-Code --><\/div>\t\t<\/div>\n\t\t\t\t<\/div>\n\t\t\t\t<div class=\"elementor-element elementor-element-4af54cc elementor-widget elementor-widget-wp-widget-advads_ad_widget\" data-id=\"4af54cc\" data-element_type=\"widget\" data-widget_type=\"wp-widget-advads_ad_widget.default\">\n\t\t\t\t<div class=\"elementor-widget-container\">\n\t\t\t<div id=\"regio-1656126333\"><div class=\"regio-adlabel\">Werbung<\/div><!-- Beginn https:\/\/www.financeads.net\/-Code --><a href=\"https:\/\/www.financeads.net\/tc.php?t=36648C271460142B\" target=\"_blank\"><img loading=\"lazy\" decoding=\"async\" src=\"https:\/\/www.financeads.net\/tb.php?t=36648V271460142B&https=1\" alt=\"PETPROTECT_Hund&Katze_Banner\" border=\"0\" width=\"250\" height=\"250\"><\/a><!-- Ende https:\/\/www.financeads.net\/-Code --><\/div>\t\t<\/div>\n\t\t\t\t<\/div>\n\t\t\t\t\t<\/div>\n\t\t<\/div>\n\t\t\t\t\t<\/div>\n\t\t<\/section>\n\t\t\t\t<\/div>\n\t\t","protected":false},"excerpt":{"rendered":"<div class=\"mh-excerpt\"><p>Anmeldung f\u00fcr Auswahlverfahren ab sofort m\u00f6glich: Schwabach &#8211; Wer Interesse an einem Ausbildungsplatz zur Verwaltungswirtin oder zum Verwaltungswirt hat, der hat ab sofort die M\u00f6glichkeit sich beim Landespersonalausschuss f\u00fcr das Auswahlverfahren anzumelden. Die Anmeldung f\u00fcr <a class=\"mh-excerpt-more\" href=\"https:\/\/www.region-schwabach.de\/wordpress\/anmeldung-fur-ausbildungsplatz-als-verwaltungswirt-in\/\" title=\"Anmeldung f\u00fcr Ausbildungsplatz Verwaltungswirt\/-in\">[&#8230;]<\/a><\/p>\n<\/div>","protected":false},"author":1,"featured_media":77637,"comment_status":"open","ping_status":"open","sticky":false,"template":"","format":"standard","meta":{"_cbd_carousel_blocks":"[]","footnotes":""},"categories":[16,78,287,61],"tags":[6201,8018,4497,4260,8019,8023,19,6259,8020,72,8022,8021],"class_list":{"0":"post-77634","1":"post","2":"type-post","3":"status-publish","4":"format-standard","5":"has-post-thumbnail","7":"category-aktuell","8":"category-handel-und-wirtschaft","9":"category-jugend-und-familie","10":"category-rathaus","11":"tag-01-02-2019","12":"tag-08-05-2019","13":"tag-anmeldung","14":"tag-ausbildung","15":"tag-auswahlverfahren","16":"tag-landespersonalausschuss","17":"tag-schwabach","18":"tag-september-2019","19":"tag-september-2020","20":"tag-stadtverwaltung","21":"tag-verwaltungswirtin","22":"tag-verwalungswirt"},"_links":{"self":[{"href":"https:\/\/www.region-schwabach.de\/wordpress\/wp-json\/wp\/v2\/posts\/77634","targetHints":{"allow":["GET"]}}],"collection":[{"href":"https:\/\/www.region-schwabach.de\/wordpress\/wp-json\/wp\/v2\/posts"}],"about":[{"href":"https:\/\/www.region-schwabach.de\/wordpress\/wp-json\/wp\/v2\/types\/post"}],"author":[{"embeddable":true,"href":"https:\/\/www.region-schwabach.de\/wordpress\/wp-json\/wp\/v2\/users\/1"}],"replies":[{"embeddable":true,"href":"https:\/\/www.region-schwabach.de\/wordpress\/wp-json\/wp\/v2\/comments?post=77634"}],"version-history":[{"count":0,"href":"https:\/\/www.region-schwabach.de\/wordpress\/wp-json\/wp\/v2\/posts\/77634\/revisions"}],"wp:featuredmedia":[{"embeddable":true,"href":"https:\/\/www.region-schwabach.de\/wordpress\/wp-json\/wp\/v2\/media\/77637"}],"wp:attachment":[{"href":"https:\/\/www.region-schwabach.de\/wordpress\/wp-json\/wp\/v2\/media?parent=77634"}],"wp:term":[{"taxonomy":"category","embeddable":true,"href":"https:\/\/www.region-schwabach.de\/wordpress\/wp-json\/wp\/v2\/categories?post=77634"},{"taxonomy":"post_tag","embeddable":true,"href":"https:\/\/www.region-schwabach.de\/wordpress\/wp-json\/wp\/v2\/tags?post=77634"}],"curies":[{"name":"wp","href":"https:\/\/api.w.org\/{rel}","templated":true}]}}