{"id":79360,"date":"2019-02-14T00:03:13","date_gmt":"2019-02-13T23:03:13","guid":{"rendered":"http:\/\/www.region-schwabach.de\/wordpress\/?p=79360"},"modified":"2019-02-13T23:13:12","modified_gmt":"2019-02-13T22:13:12","slug":"30er-zone-vor-takatuka-kindergarten-in-schwabach-ist-rechtswidrig","status":"publish","type":"post","link":"https:\/\/www.region-schwabach.de\/wordpress\/30er-zone-vor-takatuka-kindergarten-in-schwabach-ist-rechtswidrig\/","title":{"rendered":"30er Zone vor Takatuka-Kindergarten in Schwabach ist rechtswidrig"},"content":{"rendered":"\t\t<div data-elementor-type=\"wp-post\" data-elementor-id=\"79360\" class=\"elementor elementor-79360 elementor-bc-flex-widget\">\n\t\t\t\t\t\t<section class=\"elementor-section elementor-top-section elementor-element elementor-element-678181b elementor-section-boxed elementor-section-height-default elementor-section-height-default\" data-id=\"678181b\" data-element_type=\"section\">\n\t\t\t\t\t\t<div class=\"elementor-container elementor-column-gap-default\">\n\t\t\t\t\t<div class=\"elementor-column elementor-col-50 elementor-top-column elementor-element elementor-element-6b34026\" data-id=\"6b34026\" data-element_type=\"column\">\n\t\t\t<div class=\"elementor-widget-wrap elementor-element-populated\">\n\t\t\t\t\t\t<div class=\"elementor-element elementor-element-bbb94d7 elementor-widget elementor-widget-wp-widget-advads_ad_widget\" data-id=\"bbb94d7\" data-element_type=\"widget\" data-widget_type=\"wp-widget-advads_ad_widget.default\">\n\t\t\t\t<div class=\"elementor-widget-container\">\n\t\t\t<div id=\"regio-4259772720\"><div class=\"regio-adlabel\">Werbung<\/div><!-- Beginn https:\/\/www.financeads.net\/-Code --><a href=\"https:\/\/www.financeads.net\/tc.php?t=36648C19118058B\" target=\"_blank\"><img fetchpriority=\"high\" decoding=\"async\" src=\"https:\/\/www.financeads.net\/tb.php?t=36648V19118058B&https=1\" alt=\"\" border=\"0\" width=\"728\" height=\"90\"><\/a><!-- Ende https:\/\/www.financeads.net\/-Code --><\/div>\t\t<\/div>\n\t\t\t\t<\/div>\n\t\t\t\t<div class=\"elementor-element elementor-element-443ab98 elementor-widget elementor-widget-text-editor\" data-id=\"443ab98\" data-element_type=\"widget\" data-widget_type=\"text-editor.default\">\n\t\t\t\t<div class=\"elementor-widget-container\">\n\t\t\t\t\t\t\t<h3 class=\"entry-title\">30er Zone vor Takatuka-Kindergarten in Schwabach ist rechtswidrig, und mu\u00df zur\u00fcckgenommen werden.<\/h3><p><span style=\"font-size: 12pt;\">Schwabach &#8211; Die erst am 29. Mai 2018 (siehe Artikel unten) eingef\u00fchrte 30er-Zone vor der Kindertagesst\u00e4tte Takatuka in der N\u00f6rdlichen Ringstra\u00dfe wird nach nicht einmal neun Monaten wieder aufgehoben, wie am Mittwoch, den 06.02.2019, auf der \u00f6ffentlichen Sitzung des Umwelt- und Verkehrsausschusses im Goldenen Saal des Rathauses bekanntgegeben wurde.<\/span><\/p><h3>Autofahrer hatte Petition eingereicht<\/h3><p><span style=\"font-size: 12pt;\">Grund f\u00fcr die Aufhebung war die Petition eines Autofahrers, der diese bereits im August 2018 beim Bayerischen Innenministerium gegen das Tempolimit eingereicht hatte. Das Ministerium veranlasste deshalb die Regierung von Mittelfranken damit, die Sachlage vor Ort nochmals zu \u00fcberpr\u00fcfen. Nach der Auswertung der Ergebnisse bei diesem Ortstermin im Dezember 2018 (<strong>zu dem \u00fcbrigens weder der Stadtrat noch der Elternbeirat eingeladen wurden!!!<\/strong>) kam die Regierung von Mittelfranken zu dem Schlu\u00df, da\u00df eine 30er-Zone in diesem Fall nicht gerechtfertigt sei.<\/span><\/p><h3>Stadtratsfraktionen w\u00fctend und entt\u00e4uscht<\/h3><p><span style=\"font-size: 12pt;\">Und obwohl alle Fraktionen des Stadtrats \u00fcber diese Entscheidung emp\u00f6rt sind, und diese auch nicht nachvollziehen k\u00f6nnen, kann Stadtrechtsrat Knut Engelbrecht den betroffenen Eltern keine Hoffnungen auf eine erneute \u00c4nderung machen.<\/span><\/p><h3>\u00a0<\/h3><h3>Original-Nachricht vom 28. Mai 2018<\/h3><h3>Ab Dienstag: 30er Zone vor Takatuka-Kindergarten<\/h3><p><span style=\"font-size: 12pt;\">Im Laufe des Dienstags, den 29. Mai 2018, werden in der N\u00f6rdlichen Ringstra\u00dfe auf\u00a0H\u00f6he des Takatuka-Kindergartens neue 30er-Schilder aufgestellt.<\/span><\/p><h3>Montag bis Freitag von 07.00 Uhr bis 17.00 Uhr<\/h3><p><span style=\"font-size: 12pt;\">Die\u00a0Geschwindigkeitsbegrenzung gilt dann ab der Abzweigung Limbacher Stra\u00dfe\u00a0bis nach dem Schulzentrum Nord montags bis freitags von 7 bis 17 Uhr auf\u00a0einer L\u00e4nge von etwa 650 Metern \u2013 stadtein- und ausw\u00e4rts auch innerhalb der\u00a0Schulferien.<\/span><\/p><h3>Ordnungsamt hat Antrag entsprochen<\/h3><p><span style=\"font-size: 12pt;\">Das Ordnungsamt hatte einem Antrag von Leitung und Elternbeirat des\u00a0Kindergartens Takatuka entsprochen und Tempo 30 in der N\u00f6rdlichen\u00a0Ringstra\u00dfe angeordnet. Der Eingang der Kindertagesst\u00e4tte liegt direkt an der\u00a0stark befahrenen Bundesstra\u00dfe 2. Etwa 45 Kinder werden in der Tagesst\u00e4tte\u00a0betreut.<\/span><\/p><h3>Hohe Verkehrsbelastung<\/h3><p><span style=\"font-size: 12pt;\">Die Verkehrsbelastung ist mit 16.000 bis 17.000 Fahrzeugen am Tag sehr\u00a0hoch. Insgesamt entspricht die Situation vor Ort daher den Voraussetzungen\u00a0zur Anordnung eines Tempolimits von 30 km\/h nach der\u00a0Stra\u00dfenverkehrsordnung.<\/span><\/p><h3>Auch die Situation f\u00fcr Abbieger soll besser werden<\/h3><p><span style=\"font-size: 12pt;\">Auch die Situation der Abbieger an der Kreuzung\u00a0N\u00fcrnberger Stra\u00dfe\/N\u00f6rdliche Ringstra\u00dfe soll sich durch die\u00a0Geschwindigkeitsbegrenzung verbessern. Die Ma\u00dfnahme erfolgte in\u00a0Abstimmung mit der Polizei und dem f\u00fcr die Bundesstra\u00dfe\u00a0 zust\u00e4ndigen\u00a0staatlichen Bauamt.<\/span><\/p><p><span style=\"font-size: 12pt;\"><strong>Foto (Stadt Schwabach):<\/strong> Vor dem Takatuka-Kindergarten gilt auch ab sofort\u00a0Tempo 30.<\/span><\/p>\t\t\t\t\t\t<\/div>\n\t\t\t\t<\/div>\n\t\t\t\t<div class=\"elementor-element elementor-element-a29781d elementor-widget-divider--view-line elementor-widget elementor-widget-divider\" data-id=\"a29781d\" data-element_type=\"widget\" data-widget_type=\"divider.default\">\n\t\t\t\t<div class=\"elementor-widget-container\">\n\t\t\t\t\t<div class=\"elementor-divider\">\n\t\t\t<span class=\"elementor-divider-separator\">\n\t\t\t\t\t\t<\/span>\n\t\t<\/div>\n\t\t\t\t<\/div>\n\t\t\t\t<\/div>\n\t\t\t\t<div class=\"elementor-element elementor-element-2a05a02 elementor-widget elementor-widget-google_maps\" data-id=\"2a05a02\" data-element_type=\"widget\" data-widget_type=\"google_maps.default\">\n\t\t\t\t<div class=\"elementor-widget-container\">\n\t\t\t\t\t<div class=\"elementor-custom-embed\">\n\t\t\t<iframe loading=\"lazy\"\n\t\t\t\t\tsrc=\"https:\/\/maps.google.com\/maps?q=N%C3%B6rdliche%20Ringstra%C3%9Fe%2010%20a%2C%20Schwabach%2C%20Deutschland&#038;t=m&#038;z=16&#038;output=embed&#038;iwloc=near\"\n\t\t\t\t\ttitle=\"N\u00f6rdliche Ringstra\u00dfe 10 a, Schwabach, Deutschland\"\n\t\t\t\t\taria-label=\"N\u00f6rdliche Ringstra\u00dfe 10 a, Schwabach, Deutschland\"\n\t\t\t><\/iframe>\n\t\t<\/div>\n\t\t\t\t<\/div>\n\t\t\t\t<\/div>\n\t\t\t\t\t<\/div>\n\t\t<\/div>\n\t\t\t\t<div class=\"elementor-column elementor-col-50 elementor-top-column elementor-element elementor-element-de59c51\" data-id=\"de59c51\" data-element_type=\"column\">\n\t\t\t<div class=\"elementor-widget-wrap elementor-element-populated\">\n\t\t\t\t\t\t<div class=\"elementor-element elementor-element-88a8a90 elementor-widget elementor-widget-heading\" data-id=\"88a8a90\" data-element_type=\"widget\" data-widget_type=\"heading.default\">\n\t\t\t\t<div class=\"elementor-widget-container\">\n\t\t\t<h3 class=\"elementor-heading-title elementor-size-default\">Schnell vergleichen und sparen!<\/h3>\t\t<\/div>\n\t\t\t\t<\/div>\n\t\t\t\t<div class=\"elementor-element elementor-element-25b28ce elementor-widget elementor-widget-wp-widget-advads_ad_widget\" data-id=\"25b28ce\" data-element_type=\"widget\" data-widget_type=\"wp-widget-advads_ad_widget.default\">\n\t\t\t\t<div class=\"elementor-widget-container\">\n\t\t\t<div id=\"regio-4041473703\"><div class=\"regio-adlabel\">Werbung<\/div><!-- Beginn https:\/\/www.financeads.net\/-Code --><a href=\"https:\/\/www.financeads.net\/tc.php?t=36648C236142529B\" target=\"_blank\"><img decoding=\"async\" src=\"https:\/\/www.financeads.net\/tb.php?t=36648V236142529B&https=1\" alt=\"\" border=\"0\" width=\"300\" height=\"250\"><\/a><!-- Ende https:\/\/www.financeads.net\/-Code --><\/div>\t\t<\/div>\n\t\t\t\t<\/div>\n\t\t\t\t<div class=\"elementor-element elementor-element-d2ba0ef elementor-widget elementor-widget-wp-widget-advads_ad_widget\" data-id=\"d2ba0ef\" data-element_type=\"widget\" data-widget_type=\"wp-widget-advads_ad_widget.default\">\n\t\t\t\t<div class=\"elementor-widget-container\">\n\t\t\t<div id=\"regio-2606201345\"><div class=\"regio-adlabel\">Werbung<\/div><!-- Beginn https:\/\/www.financeads.net\/-Code --><a href=\"https:\/\/www.financeads.net\/tc.php?t=36648C42614510B\" target=\"_blank\"><img decoding=\"async\" src=\"https:\/\/www.financeads.net\/tb.php?t=36648V42614510B&https=1\" alt=\"\" border=\"0\" width=\"200\" height=\"300\"><\/a><!-- Ende https:\/\/www.financeads.net\/-Code --><\/div>\t\t<\/div>\n\t\t\t\t<\/div>\n\t\t\t\t<div class=\"elementor-element elementor-element-107c530 elementor-widget elementor-widget-wp-widget-advads_ad_widget\" data-id=\"107c530\" data-element_type=\"widget\" data-widget_type=\"wp-widget-advads_ad_widget.default\">\n\t\t\t\t<div class=\"elementor-widget-container\">\n\t\t\t<div id=\"regio-255022275\"><div class=\"regio-adlabel\">Werbung<\/div><!-- Beginn https:\/\/www.financeads.net\/-Code --><a href=\"https:\/\/www.financeads.net\/tc.php?t=36648C205040072B\" target=\"_blank\"><img loading=\"lazy\" decoding=\"async\" src=\"https:\/\/www.financeads.net\/tb.php?t=36648V205040072B&https=1\" alt=\"\" border=\"0\" width=\"300\" height=\"250\"><\/a><!-- Ende https:\/\/www.financeads.net\/-Code --><\/div>\t\t<\/div>\n\t\t\t\t<\/div>\n\t\t\t\t<div class=\"elementor-element elementor-element-179034c elementor-widget elementor-widget-wp-widget-advads_ad_widget\" data-id=\"179034c\" data-element_type=\"widget\" data-widget_type=\"wp-widget-advads_ad_widget.default\">\n\t\t\t\t<div class=\"elementor-widget-container\">\n\t\t\t<div id=\"regio-1558891199\"><div class=\"regio-adlabel\">Werbung<\/div><!-- Beginn https:\/\/www.financeads.net\/-Code --><a href=\"https:\/\/www.financeads.net\/tc.php?t=36648C271460142B\" target=\"_blank\"><img loading=\"lazy\" decoding=\"async\" src=\"https:\/\/www.financeads.net\/tb.php?t=36648V271460142B&https=1\" alt=\"PETPROTECT_Hund&Katze_Banner\" border=\"0\" width=\"250\" height=\"250\"><\/a><!-- Ende https:\/\/www.financeads.net\/-Code --><\/div>\t\t<\/div>\n\t\t\t\t<\/div>\n\t\t\t\t\t<\/div>\n\t\t<\/div>\n\t\t\t\t\t<\/div>\n\t\t<\/section>\n\t\t\t\t<\/div>\n\t\t","protected":false},"excerpt":{"rendered":"<div class=\"mh-excerpt\"><p>30er Zone vor Takatuka-Kindergarten in Schwabach ist rechtswidrig, und mu\u00df zur\u00fcckgenommen werden. Schwabach &#8211; Die erst am 29. Mai 2018 (siehe Artikel unten) eingef\u00fchrte 30er-Zone vor der Kindertagesst\u00e4tte Takatuka in der N\u00f6rdlichen Ringstra\u00dfe wird nach <a class=\"mh-excerpt-more\" href=\"https:\/\/www.region-schwabach.de\/wordpress\/30er-zone-vor-takatuka-kindergarten-in-schwabach-ist-rechtswidrig\/\" title=\"30er Zone vor Takatuka-Kindergarten in Schwabach ist rechtswidrig\">[&#8230;]<\/a><\/p>\n<\/div>","protected":false},"author":1,"featured_media":40677,"comment_status":"open","ping_status":"open","sticky":false,"template":"","format":"standard","meta":{"_cbd_carousel_blocks":"[]","footnotes":""},"categories":[16,1,287,61,14],"tags":[7833,4169,7840,7687,7826,7841,3700,2625,4167,822,47,4168,785,1480,19,4166],"class_list":{"0":"post-79360","1":"post","2":"type-post","3":"status-publish","4":"format-standard","5":"has-post-thumbnail","7":"category-aktuell","8":"category-allgemein","9":"category-jugend-und-familie","10":"category-rathaus","11":"category-verkehrsinfos","12":"tag-06-02-2019","13":"tag-07-00-uhr-bis-17-00-uhr","14":"tag-14-02-2019","15":"tag-15-02-2019","16":"tag-16-02-2019","17":"tag-17-02-2019","18":"tag-29-05-2018","19":"tag-30er-zone","20":"tag-geschwindigkeitsbegrenzung","21":"tag-kindergarten","22":"tag-kindertagesstaette","23":"tag-montag-bis-freitag","24":"tag-noerdliche-ringstrasse","25":"tag-rathaus","26":"tag-schwabach","27":"tag-takatakuka"},"_links":{"self":[{"href":"https:\/\/www.region-schwabach.de\/wordpress\/wp-json\/wp\/v2\/posts\/79360","targetHints":{"allow":["GET"]}}],"collection":[{"href":"https:\/\/www.region-schwabach.de\/wordpress\/wp-json\/wp\/v2\/posts"}],"about":[{"href":"https:\/\/www.region-schwabach.de\/wordpress\/wp-json\/wp\/v2\/types\/post"}],"author":[{"embeddable":true,"href":"https:\/\/www.region-schwabach.de\/wordpress\/wp-json\/wp\/v2\/users\/1"}],"replies":[{"embeddable":true,"href":"https:\/\/www.region-schwabach.de\/wordpress\/wp-json\/wp\/v2\/comments?post=79360"}],"version-history":[{"count":0,"href":"https:\/\/www.region-schwabach.de\/wordpress\/wp-json\/wp\/v2\/posts\/79360\/revisions"}],"wp:featuredmedia":[{"embeddable":true,"href":"https:\/\/www.region-schwabach.de\/wordpress\/wp-json\/wp\/v2\/media\/40677"}],"wp:attachment":[{"href":"https:\/\/www.region-schwabach.de\/wordpress\/wp-json\/wp\/v2\/media?parent=79360"}],"wp:term":[{"taxonomy":"category","embeddable":true,"href":"https:\/\/www.region-schwabach.de\/wordpress\/wp-json\/wp\/v2\/categories?post=79360"},{"taxonomy":"post_tag","embeddable":true,"href":"https:\/\/www.region-schwabach.de\/wordpress\/wp-json\/wp\/v2\/tags?post=79360"}],"curies":[{"name":"wp","href":"https:\/\/api.w.org\/{rel}","templated":true}]}}