{"id":803,"date":"2017-04-29T16:06:48","date_gmt":"2017-04-29T14:06:48","guid":{"rendered":"http:\/\/www.region-schwabach.de\/wordpress\/?p=803"},"modified":"2017-07-16T11:55:27","modified_gmt":"2017-07-16T09:55:27","slug":"buergerhaus","status":"publish","type":"post","link":"https:\/\/www.region-schwabach.de\/wordpress\/buergerhaus\/","title":{"rendered":"B\u00fcrgerhaus"},"content":{"rendered":"\t\t<div data-elementor-type=\"wp-post\" data-elementor-id=\"803\" class=\"elementor elementor-803 elementor-bc-flex-widget\">\n\t\t\t\t\t\t<section class=\"elementor-section elementor-top-section elementor-element elementor-element-otwmvmr elementor-section-boxed elementor-section-height-default elementor-section-height-default\" data-id=\"otwmvmr\" data-element_type=\"section\">\n\t\t\t\t\t\t<div class=\"elementor-container elementor-column-gap-default\">\n\t\t\t\t\t<div class=\"elementor-column elementor-col-100 elementor-top-column elementor-element elementor-element-llvygsy\" data-id=\"llvygsy\" data-element_type=\"column\">\n\t\t\t<div class=\"elementor-widget-wrap elementor-element-populated\">\n\t\t\t\t\t\t<div class=\"elementor-element elementor-element-orbuocd elementor-widget elementor-widget-text-editor\" data-id=\"orbuocd\" data-element_type=\"widget\" data-widget_type=\"text-editor.default\">\n\t\t\t\t<div class=\"elementor-widget-container\">\n\t\t\t\t\t\t\t<p>Die beiden Geb\u00e4udeteile des heutigen B\u00fcrgerhauses (die Sanierung und Umbennenung wurde in den Jahren 1986-1988 vorgenommen) wurden fr\u00fcher als Scheunen genutzt.<\/p><p>Das f\u00fcr Franken typische Fachwerkhaus war nach dem Umbau eigentlich ausschlie\u00dflich als Sitzungssaal des Stadtrats gedacht, wird jedoch inzwischen auch f\u00fcr Kunst- und Kulturveranstaltungen verwendet.<\/p>\t\t\t\t\t\t<\/div>\n\t\t\t\t<\/div>\n\t\t\t\t\t<\/div>\n\t\t<\/div>\n\t\t\t\t\t<\/div>\n\t\t<\/section>\n\t\t\t\t<\/div>\n\t\t","protected":false},"excerpt":{"rendered":"<div class=\"mh-excerpt\"><p>Die beiden Geb\u00e4udeteile des heutigen B\u00fcrgerhauses (die Sanierung und Umbennenung wurde in den Jahren 1986-1988 vorgenommen) wurden fr\u00fcher als Scheunen genutzt. Das f\u00fcr Franken typische Fachwerkhaus war nach dem Umbau eigentlich ausschlie\u00dflich als Sitzungssaal des <a class=\"mh-excerpt-more\" href=\"https:\/\/www.region-schwabach.de\/wordpress\/buergerhaus\/\" title=\"B\u00fcrgerhaus\">[&#8230;]<\/a><\/p>\n<\/div>","protected":false},"author":1,"featured_media":866,"comment_status":"open","ping_status":"open","sticky":false,"template":"","format":"standard","meta":{"_cbd_carousel_blocks":"[]","footnotes":""},"categories":[33],"tags":[],"class_list":{"0":"post-803","1":"post","2":"type-post","3":"status-publish","4":"format-standard","5":"has-post-thumbnail","7":"category-sehenswuerdigkeiten"},"_links":{"self":[{"href":"https:\/\/www.region-schwabach.de\/wordpress\/wp-json\/wp\/v2\/posts\/803","targetHints":{"allow":["GET"]}}],"collection":[{"href":"https:\/\/www.region-schwabach.de\/wordpress\/wp-json\/wp\/v2\/posts"}],"about":[{"href":"https:\/\/www.region-schwabach.de\/wordpress\/wp-json\/wp\/v2\/types\/post"}],"author":[{"embeddable":true,"href":"https:\/\/www.region-schwabach.de\/wordpress\/wp-json\/wp\/v2\/users\/1"}],"replies":[{"embeddable":true,"href":"https:\/\/www.region-schwabach.de\/wordpress\/wp-json\/wp\/v2\/comments?post=803"}],"version-history":[{"count":0,"href":"https:\/\/www.region-schwabach.de\/wordpress\/wp-json\/wp\/v2\/posts\/803\/revisions"}],"wp:featuredmedia":[{"embeddable":true,"href":"https:\/\/www.region-schwabach.de\/wordpress\/wp-json\/wp\/v2\/media\/866"}],"wp:attachment":[{"href":"https:\/\/www.region-schwabach.de\/wordpress\/wp-json\/wp\/v2\/media?parent=803"}],"wp:term":[{"taxonomy":"category","embeddable":true,"href":"https:\/\/www.region-schwabach.de\/wordpress\/wp-json\/wp\/v2\/categories?post=803"},{"taxonomy":"post_tag","embeddable":true,"href":"https:\/\/www.region-schwabach.de\/wordpress\/wp-json\/wp\/v2\/tags?post=803"}],"curies":[{"name":"wp","href":"https:\/\/api.w.org\/{rel}","templated":true}]}}