{"id":80484,"date":"2019-02-28T00:10:21","date_gmt":"2019-02-27T23:10:21","guid":{"rendered":"http:\/\/www.region-schwabach.de\/wordpress\/?p=80484"},"modified":"2019-02-28T00:01:09","modified_gmt":"2019-02-27T23:01:09","slug":"pflegefamilien-gesucht-infoabend-am-donnerstag-28-februar","status":"publish","type":"post","link":"https:\/\/www.region-schwabach.de\/wordpress\/pflegefamilien-gesucht-infoabend-am-donnerstag-28-februar\/","title":{"rendered":"Pflegefamilien gesucht: Infoabend am Donnerstag, 28. Februar"},"content":{"rendered":"\t\t<div data-elementor-type=\"wp-post\" data-elementor-id=\"80484\" class=\"elementor elementor-80484 elementor-bc-flex-widget\">\n\t\t\t\t\t\t<section class=\"elementor-section elementor-top-section elementor-element elementor-element-678181b elementor-section-boxed elementor-section-height-default elementor-section-height-default\" data-id=\"678181b\" data-element_type=\"section\">\n\t\t\t\t\t\t<div class=\"elementor-container elementor-column-gap-default\">\n\t\t\t\t\t<div class=\"elementor-column elementor-col-50 elementor-top-column elementor-element elementor-element-6b34026\" data-id=\"6b34026\" data-element_type=\"column\">\n\t\t\t<div class=\"elementor-widget-wrap elementor-element-populated\">\n\t\t\t\t\t\t<div class=\"elementor-element elementor-element-480e34f elementor-widget elementor-widget-wp-widget-advads_ad_widget\" data-id=\"480e34f\" data-element_type=\"widget\" data-widget_type=\"wp-widget-advads_ad_widget.default\">\n\t\t\t\t<div class=\"elementor-widget-container\">\n\t\t\t<div id=\"regio-3485432553\"><div class=\"regio-adlabel\">Werbung<\/div><!-- Beginn https:\/\/www.financeads.net\/-Code --><a href=\"https:\/\/www.financeads.net\/tc.php?t=36648C19118058B\" target=\"_blank\"><img fetchpriority=\"high\" decoding=\"async\" src=\"https:\/\/www.financeads.net\/tb.php?t=36648V19118058B&https=1\" alt=\"\" border=\"0\" width=\"728\" height=\"90\"><\/a><!-- Ende https:\/\/www.financeads.net\/-Code --><\/div>\t\t<\/div>\n\t\t\t\t<\/div>\n\t\t\t\t<div class=\"elementor-element elementor-element-443ab98 elementor-widget elementor-widget-text-editor\" data-id=\"443ab98\" data-element_type=\"widget\" data-widget_type=\"text-editor.default\">\n\t\t\t\t<div class=\"elementor-widget-container\">\n\t\t\t\t\t\t\t<h3>Infoabend am Donnerstag, 18. Februar, 17.30 Uhr:<br \/>Pflegefamilien gesucht<\/h3><p><span style=\"font-size: 12pt;\">Schwabach &#8211; Weitere Pflegefamilien, die Kinder in Vollzeitpflege betreuen, w\u00fcnscht sich das\u00a0Amt f\u00fcr Jugend und Familie. Am Donnerstag, 28. Februar, bietet es deshalb in\u00a0der N\u00f6rdlichen Ringstra\u00dfe 2 a-c, 1. Stock, Zimmer 1.36 von 17:30 bis 19:30\u00a0Uhr eine Informationsveranstaltung zum Thema an. Die Teilnahme ist unverbindlich\u00a0und kostenlos und soll einen ersten Einblick in die Pfleget\u00e4tigkeit\u00a0vermitteln sowie Fragen beantworten.<\/span><\/p><h3>Unterschiedliche Ursachen<\/h3><p><span style=\"font-size: 12pt;\">Es gibt unterschiedliche Ursachen, warum Kinder oder Jugendliche nicht in der\u00a0eigenen Familie aufwachsen k\u00f6nnen: \u00dcberforderung, Erkrankung und\u00a0Lebenskrisen der Eltern k\u00f6nnen dazugeh\u00f6ren. Wenn f\u00fcr Kinder und\u00a0Jugendliche auf l\u00e4ngere Sicht ein sicherer Platz in einer Pflegefamilie gefunden\u00a0werden muss, handelt es sich um Vollzeitpflege.<\/span><\/p><h3>Viele Vor\u00fcberlegungen notwendig<\/h3><p><span style=\"font-size: 12pt;\">Wer ein Kind in Pflege nehmen m\u00f6chte, muss sich \u00fcber viele Aspekte\u00a0Gedanken machen, etwa um das Alter, Geschlecht oder die Hautfarbe des\u00a0Pflegekindes oder dar\u00fcber, ob eine Beeintr\u00e4chtigung oder Behinderung\u00a0vorliegen darf. Mitunter haben die Kinder in ihrem Leben bereits Belastendes\u00a0erfahren und brauchen nun einen sicheren Hafen und die Unterst\u00fctzung von\u00a0geduldigen Erwachsenen. Aber auch die Grenzen der zuk\u00fcnftigen Pflegefamilie\u00a0sind sehr wichtig.<\/span><\/p><h3>Pflegefamilien sind\u00a0wertvolle Kooperationspartner<\/h3><p><span style=\"font-size: 12pt;\">Pflegefamilien sind im Rahmen der Jugendhilfe wertvolle Kooperationspartner.\u00a0Sie m\u00fcssen gut informiert, auf diese Aufgabe vorbereitet sein und werden\u00a0sowohl im Vorfeld wie auch nach der Vermittlung eines Pflegekindes von den<\/span><br \/><span style=\"font-size: 12pt;\">Besch\u00e4ftigten des Pflegekinderdienstes begleitet. Es besteht die M\u00f6glichkeit,\u00a0an Fortbildungen oder Fachvortr\u00e4gen wie auch gemeinsamen Veranstaltungen\u00a0teilzunehmen. Pflegeeltern erhalten Pflegegeld vom Jugendamt.<\/span><\/p><h3>Weitere Infos:<\/h3><p><span style=\"font-size: 12pt;\">F\u00fcr Fragen stehen vorab die Mitarbeiterinnen des Fachdienstes Pflegekinderwesen\u00a0zur Verf\u00fcgung: Karin Baus, Telefon 09122 860-215, E-Mail:\u00a0<\/span><span style=\"font-size: 12pt;\"><a href=\"mailto:karin.baus@schwabach.de\" target=\"_blank\" rel=\"noopener\">karin.baus@schwabach.de<\/a>; Adelheid Regn-Neidhart, Telefon 09122 860-225\u00a0<\/span><span style=\"font-size: 12pt;\">E-Mail: <a href=\"mailto:adelheid.regn-neidhart@schwabach.de\" target=\"_blank\" rel=\"noopener\">adelheid.regn-neidhart@schwabach.de<\/a>; Andrea Gabel, Telefon 09122-<\/span><span style=\"font-size: 12pt;\">860-242, E-Mail: <a href=\"mailto:andrea.gabel@schwabach.de\" target=\"_blank\" rel=\"noopener\">andrea.gabel@schwabach.de<\/a><\/span><\/p><h3>Weiterf\u00fchrende Links:<\/h3><p><span style=\"font-size: 12pt;\"><a href=\"https:\/\/www.schwabach.de\/de\/stadtverwaltung\/referat-2-recht-soziales-und-umwelt\/156-amt-fuer-jugend-und-familie.html\" target=\"_blank\" rel=\"noopener\">Homepage vom Amt f\u00fcr Jugend und Familie &#8230;<\/a><\/span><\/p>\t\t\t\t\t\t<\/div>\n\t\t\t\t<\/div>\n\t\t\t\t<section class=\"elementor-section elementor-inner-section elementor-element elementor-element-42fdf7c elementor-section-boxed elementor-section-height-default elementor-section-height-default\" data-id=\"42fdf7c\" data-element_type=\"section\">\n\t\t\t\t\t\t<div class=\"elementor-container elementor-column-gap-default\">\n\t\t\t\t\t<div class=\"elementor-column elementor-col-100 elementor-inner-column elementor-element elementor-element-3bf3d17\" data-id=\"3bf3d17\" data-element_type=\"column\">\n\t\t\t<div class=\"elementor-widget-wrap elementor-element-populated\">\n\t\t\t\t\t\t<div class=\"elementor-element elementor-element-798201b elementor-widget elementor-widget-html\" data-id=\"798201b\" data-element_type=\"widget\" data-widget_type=\"html.default\">\n\t\t\t\t<div class=\"elementor-widget-container\">\n\t\t\t<iframe style=\"width:120px;height:240px;\" marginwidth=\"0\" marginheight=\"0\" scrolling=\"no\" frameborder=\"0\" src=\"\/\/ws-eu.amazon-adsystem.com\/widgets\/q?ServiceVersion=20070822&OneJS=1&Operation=GetAdHtml&MarketPlace=DE&source=ac&ref=qf_sp_asin_til&ad_type=product_link&tracking_id=hlde-21&marketplace=amazon&region=DE&placement=1518824153&asins=1518824153&linkId=2cd818a93058e62baaca5dc5a453cac9&show_border=true&link_opens_in_new_window=true&price_color=333333&title_color=0066c0&bg_color=ffffff\"><\/iframe>\n<iframe style=\"width:120px;height:240px;\" marginwidth=\"0\" marginheight=\"0\" scrolling=\"no\" frameborder=\"0\" src=\"\/\/ws-eu.amazon-adsystem.com\/widgets\/q?ServiceVersion=20070822&OneJS=1&Operation=GetAdHtml&MarketPlace=DE&source=ac&ref=qf_sp_asin_til&ad_type=product_link&tracking_id=hlde-21&marketplace=amazon&region=DE&placement=3943084043&asins=3943084043&linkId=c9c673c591e0fd405daf652180fc950f&show_border=true&link_opens_in_new_window=true&price_color=333333&title_color=0066c0&bg_color=ffffff\"><\/iframe>\n<iframe style=\"width:120px;height:240px;\" marginwidth=\"0\" marginheight=\"0\" scrolling=\"no\" frameborder=\"0\" src=\"\/\/ws-eu.amazon-adsystem.com\/widgets\/q?ServiceVersion=20070822&OneJS=1&Operation=GetAdHtml&MarketPlace=DE&source=ac&ref=qf_sp_asin_til&ad_type=product_link&tracking_id=hlde-21&marketplace=amazon&region=DE&placement=B005D6TQAQ&asins=B005D6TQAQ&linkId=3f8eb8003628995787e4130d2fc1e1b3&show_border=true&link_opens_in_new_window=true&price_color=333333&title_color=0066c0&bg_color=ffffff\"><\/iframe>\n<iframe style=\"width:120px;height:240px;\" marginwidth=\"0\" marginheight=\"0\" scrolling=\"no\" frameborder=\"0\" src=\"\/\/ws-eu.amazon-adsystem.com\/widgets\/q?ServiceVersion=20070822&OneJS=1&Operation=GetAdHtml&MarketPlace=DE&source=ac&ref=qf_sp_asin_til&ad_type=product_link&tracking_id=hlde-21&marketplace=amazon&region=DE&placement=3956872126&asins=3956872126&linkId=1d9783a470e7555b1e8363d5cd55346e&show_border=true&link_opens_in_new_window=true&price_color=333333&title_color=0066c0&bg_color=ffffff\"><\/iframe>\t\t<\/div>\n\t\t\t\t<\/div>\n\t\t\t\t\t<\/div>\n\t\t<\/div>\n\t\t\t\t\t<\/div>\n\t\t<\/section>\n\t\t\t\t<div class=\"elementor-element elementor-element-9ca12e2 elementor-widget elementor-widget-google_maps\" data-id=\"9ca12e2\" data-element_type=\"widget\" data-widget_type=\"google_maps.default\">\n\t\t\t\t<div class=\"elementor-widget-container\">\n\t\t\t\t\t<div class=\"elementor-custom-embed\">\n\t\t\t<iframe loading=\"lazy\"\n\t\t\t\t\tsrc=\"https:\/\/maps.google.com\/maps?q=N%C3%B6rdliche%20Ringstra%C3%9Fe%202a-c%2C%20Schwabach%2C%20Deutschland&#038;t=m&#038;z=16&#038;output=embed&#038;iwloc=near\"\n\t\t\t\t\ttitle=\"N\u00f6rdliche Ringstra\u00dfe 2a-c, Schwabach, Deutschland\"\n\t\t\t\t\taria-label=\"N\u00f6rdliche Ringstra\u00dfe 2a-c, Schwabach, Deutschland\"\n\t\t\t><\/iframe>\n\t\t<\/div>\n\t\t\t\t<\/div>\n\t\t\t\t<\/div>\n\t\t\t\t\t<\/div>\n\t\t<\/div>\n\t\t\t\t<div class=\"elementor-column elementor-col-50 elementor-top-column elementor-element elementor-element-635a0e1\" data-id=\"635a0e1\" data-element_type=\"column\">\n\t\t\t<div class=\"elementor-widget-wrap elementor-element-populated\">\n\t\t\t\t\t\t<div class=\"elementor-element elementor-element-d0e9452 elementor-widget elementor-widget-heading\" data-id=\"d0e9452\" data-element_type=\"widget\" data-widget_type=\"heading.default\">\n\t\t\t\t<div class=\"elementor-widget-container\">\n\t\t\t<h3 class=\"elementor-heading-title elementor-size-default\">Schnell vergleichen und sparen!<\/h3>\t\t<\/div>\n\t\t\t\t<\/div>\n\t\t\t\t<div class=\"elementor-element elementor-element-37a0690 elementor-widget elementor-widget-wp-widget-advads_ad_widget\" data-id=\"37a0690\" data-element_type=\"widget\" data-widget_type=\"wp-widget-advads_ad_widget.default\">\n\t\t\t\t<div class=\"elementor-widget-container\">\n\t\t\t<div id=\"regio-280127630\"><div class=\"regio-adlabel\">Werbung<\/div><!-- Beginn https:\/\/www.financeads.net\/-Code --><a href=\"https:\/\/www.financeads.net\/tc.php?t=36648C236142529B\" target=\"_blank\"><img decoding=\"async\" src=\"https:\/\/www.financeads.net\/tb.php?t=36648V236142529B&https=1\" alt=\"\" border=\"0\" width=\"300\" height=\"250\"><\/a><!-- Ende https:\/\/www.financeads.net\/-Code --><\/div>\t\t<\/div>\n\t\t\t\t<\/div>\n\t\t\t\t<div class=\"elementor-element elementor-element-0f2675d elementor-widget elementor-widget-wp-widget-advads_ad_widget\" data-id=\"0f2675d\" data-element_type=\"widget\" data-widget_type=\"wp-widget-advads_ad_widget.default\">\n\t\t\t\t<div class=\"elementor-widget-container\">\n\t\t\t<div id=\"regio-2286186412\"><div class=\"regio-adlabel\">Werbung<\/div><!-- Beginn https:\/\/www.financeads.net\/-Code --><a href=\"https:\/\/www.financeads.net\/tc.php?t=36648C42614510B\" target=\"_blank\"><img decoding=\"async\" src=\"https:\/\/www.financeads.net\/tb.php?t=36648V42614510B&https=1\" alt=\"\" border=\"0\" width=\"200\" height=\"300\"><\/a><!-- Ende https:\/\/www.financeads.net\/-Code --><\/div>\t\t<\/div>\n\t\t\t\t<\/div>\n\t\t\t\t<div class=\"elementor-element elementor-element-d9a1bcb elementor-widget elementor-widget-wp-widget-advads_ad_widget\" data-id=\"d9a1bcb\" data-element_type=\"widget\" data-widget_type=\"wp-widget-advads_ad_widget.default\">\n\t\t\t\t<div class=\"elementor-widget-container\">\n\t\t\t<div id=\"regio-1853794062\"><div class=\"regio-adlabel\">Werbung<\/div><!-- Beginn https:\/\/www.financeads.net\/-Code --><a href=\"https:\/\/www.financeads.net\/tc.php?t=36648C205040072B\" target=\"_blank\"><img loading=\"lazy\" decoding=\"async\" src=\"https:\/\/www.financeads.net\/tb.php?t=36648V205040072B&https=1\" alt=\"\" border=\"0\" width=\"300\" height=\"250\"><\/a><!-- Ende https:\/\/www.financeads.net\/-Code --><\/div>\t\t<\/div>\n\t\t\t\t<\/div>\n\t\t\t\t<div class=\"elementor-element elementor-element-86f9c66 elementor-widget elementor-widget-wp-widget-advads_ad_widget\" data-id=\"86f9c66\" data-element_type=\"widget\" data-widget_type=\"wp-widget-advads_ad_widget.default\">\n\t\t\t\t<div class=\"elementor-widget-container\">\n\t\t\t<div id=\"regio-1161068521\"><div class=\"regio-adlabel\">Werbung<\/div><!-- Beginn https:\/\/www.financeads.net\/-Code --><a href=\"https:\/\/www.financeads.net\/tc.php?t=36648C271460142B\" target=\"_blank\"><img loading=\"lazy\" decoding=\"async\" src=\"https:\/\/www.financeads.net\/tb.php?t=36648V271460142B&https=1\" alt=\"PETPROTECT_Hund&Katze_Banner\" border=\"0\" width=\"250\" height=\"250\"><\/a><!-- Ende https:\/\/www.financeads.net\/-Code --><\/div>\t\t<\/div>\n\t\t\t\t<\/div>\n\t\t\t\t\t<\/div>\n\t\t<\/div>\n\t\t\t\t\t<\/div>\n\t\t<\/section>\n\t\t\t\t<\/div>\n\t\t","protected":false},"excerpt":{"rendered":"<div class=\"mh-excerpt\"><p>Infoabend am Donnerstag, 18. Februar, 17.30 Uhr:Pflegefamilien gesucht Schwabach &#8211; Weitere Pflegefamilien, die Kinder in Vollzeitpflege betreuen, w\u00fcnscht sich das\u00a0Amt f\u00fcr Jugend und Familie. Am Donnerstag, 28. Februar, bietet es deshalb in\u00a0der N\u00f6rdlichen Ringstra\u00dfe 2 <a class=\"mh-excerpt-more\" href=\"https:\/\/www.region-schwabach.de\/wordpress\/pflegefamilien-gesucht-infoabend-am-donnerstag-28-februar\/\" title=\"Pflegefamilien gesucht: Infoabend am Donnerstag, 28. Februar\">[&#8230;]<\/a><\/p>\n<\/div>","protected":false},"author":1,"featured_media":80485,"comment_status":"open","ping_status":"open","sticky":false,"template":"","format":"standard","meta":{"_cbd_carousel_blocks":"[]","footnotes":""},"categories":[16,287,4306,61,231,46,140],"tags":[7982,986,4481,785,8195,8197,1480,19,3151,8196],"class_list":{"0":"post-80484","1":"post","2":"type-post","3":"status-publish","4":"format-standard","5":"has-post-thumbnail","7":"category-aktuell","8":"category-jugend-und-familie","9":"category-ratgeber","10":"category-rathaus","11":"category-veranstaltungsnews","12":"category-verbaende","13":"category-vereine","14":"tag-28-02-2019","15":"tag-amt-fuer-jugend-und-familie","16":"tag-infoabend","17":"tag-noerdliche-ringstrasse","18":"tag-pflegefamilie","19":"tag-pflegetaetigkeit","20":"tag-rathaus","21":"tag-schwabach","22":"tag-stadt-schwabach","23":"tag-vollzeitpflege"},"_links":{"self":[{"href":"https:\/\/www.region-schwabach.de\/wordpress\/wp-json\/wp\/v2\/posts\/80484","targetHints":{"allow":["GET"]}}],"collection":[{"href":"https:\/\/www.region-schwabach.de\/wordpress\/wp-json\/wp\/v2\/posts"}],"about":[{"href":"https:\/\/www.region-schwabach.de\/wordpress\/wp-json\/wp\/v2\/types\/post"}],"author":[{"embeddable":true,"href":"https:\/\/www.region-schwabach.de\/wordpress\/wp-json\/wp\/v2\/users\/1"}],"replies":[{"embeddable":true,"href":"https:\/\/www.region-schwabach.de\/wordpress\/wp-json\/wp\/v2\/comments?post=80484"}],"version-history":[{"count":0,"href":"https:\/\/www.region-schwabach.de\/wordpress\/wp-json\/wp\/v2\/posts\/80484\/revisions"}],"wp:featuredmedia":[{"embeddable":true,"href":"https:\/\/www.region-schwabach.de\/wordpress\/wp-json\/wp\/v2\/media\/80485"}],"wp:attachment":[{"href":"https:\/\/www.region-schwabach.de\/wordpress\/wp-json\/wp\/v2\/media?parent=80484"}],"wp:term":[{"taxonomy":"category","embeddable":true,"href":"https:\/\/www.region-schwabach.de\/wordpress\/wp-json\/wp\/v2\/categories?post=80484"},{"taxonomy":"post_tag","embeddable":true,"href":"https:\/\/www.region-schwabach.de\/wordpress\/wp-json\/wp\/v2\/tags?post=80484"}],"curies":[{"name":"wp","href":"https:\/\/api.w.org\/{rel}","templated":true}]}}