{"id":80603,"date":"2019-02-20T17:13:29","date_gmt":"2019-02-20T16:13:29","guid":{"rendered":"http:\/\/www.region-schwabach.de\/wordpress\/?p=80603"},"modified":"2019-02-20T17:44:13","modified_gmt":"2019-02-20T16:44:13","slug":"hallenbad-ab-sofort-wegen-technischem-defekt-geschlossen-update","status":"publish","type":"post","link":"https:\/\/www.region-schwabach.de\/wordpress\/hallenbad-ab-sofort-wegen-technischem-defekt-geschlossen-update\/","title":{"rendered":"Hallenbad ab sofort wegen technischem Defekt geschlossen &#8211; Update"},"content":{"rendered":"\t\t<div data-elementor-type=\"wp-post\" data-elementor-id=\"80603\" class=\"elementor elementor-80603 elementor-bc-flex-widget\">\n\t\t\t\t\t\t<section class=\"elementor-section elementor-top-section elementor-element elementor-element-678181b elementor-section-boxed elementor-section-height-default elementor-section-height-default\" data-id=\"678181b\" data-element_type=\"section\">\n\t\t\t\t\t\t<div class=\"elementor-container elementor-column-gap-default\">\n\t\t\t\t\t<div class=\"elementor-column elementor-col-50 elementor-top-column elementor-element elementor-element-6b34026\" data-id=\"6b34026\" data-element_type=\"column\">\n\t\t\t<div class=\"elementor-widget-wrap elementor-element-populated\">\n\t\t\t\t\t\t<div class=\"elementor-element elementor-element-08c798e elementor-widget elementor-widget-wp-widget-advads_ad_widget\" data-id=\"08c798e\" data-element_type=\"widget\" data-widget_type=\"wp-widget-advads_ad_widget.default\">\n\t\t\t\t<div class=\"elementor-widget-container\">\n\t\t\t<div id=\"regio-514865152\"><div class=\"regio-adlabel\">Werbung<\/div><!-- Beginn https:\/\/www.financeads.net\/-Code --><a href=\"https:\/\/www.financeads.net\/tc.php?t=36648C19118058B\" target=\"_blank\"><img fetchpriority=\"high\" decoding=\"async\" src=\"https:\/\/www.financeads.net\/tb.php?t=36648V19118058B&https=1\" alt=\"\" border=\"0\" width=\"728\" height=\"90\"><\/a><!-- Ende https:\/\/www.financeads.net\/-Code --><\/div>\t\t<\/div>\n\t\t\t\t<\/div>\n\t\t\t\t<div class=\"elementor-element elementor-element-443ab98 elementor-widget elementor-widget-text-editor\" data-id=\"443ab98\" data-element_type=\"widget\" data-widget_type=\"text-editor.default\">\n\t\t\t\t<div class=\"elementor-widget-container\">\n\t\t\t\t\t\t\t<h3>Reparatur der Filteranlage l\u00e4uft<br \/>Hallenbad bleibt bis 11. M\u00e4rz 2019 geschlossen<\/h3><p><span style=\"font-size: 12pt;\">Schwabach &#8211; Aufgrund der letzte Woche aufgetretenen technischen Probleme (siehe Beitrag weiter unten)\u00a0 bei der Wasseraufbereitung bleibt das\u00a0<\/span><span style=\"font-size: 12pt;\">Hallenbad bis voraussichtlich 11. M\u00e4rz 2019 geschlossen. Die Reparaturarbeiten an\u00a0<\/span><span style=\"font-size: 12pt;\">der Filteranlage laufen bereits. <\/span><\/p><p><span style=\"font-size: 12pt;\">Die Schulen und Vereine werden von der\u00a0<\/span><span style=\"font-size: 12pt;\">Stadtverwaltung informiert. Das Team vom Hallenbad entschuldigt sich bei\u00a0<\/span><span style=\"font-size: 12pt;\">allen Badeg\u00e4sten f\u00fcr die Unannehmlichkeiten.<\/span><\/p><h3>\u00a0<\/h3><h3>Original Nachricht vom 14.02.2019<\/h3><h3>Badebetrieb im Hallenbad nicht m\u00f6glich<\/h3><p><span style=\"font-size: 12pt;\">Schwabach &#8211; Das Hallenbad ist seit heute Donnerstag, den 14. Februar 2019, wegen technischer Probleme an der Filteranlage zur Wasseraufbereitung bis auf weiteres geschlossen \u2013 mindestens bis kommenden Donnerstag, den 21. Februar 2019. <\/span><\/p><p><span style=\"font-size: 12pt;\">Die Stadtverwaltung informiert Schulen und Vereine \u00fcber den Ausfall. Der Betreiber, die Stadtb\u00e4der GmbH, wird zeitnah \u00fcber die voraussichtliche Reparaturdauer unterrichten.<\/span><\/p><h3>Weiterf\u00fchrende Links:<\/h3><p><span style=\"font-size: 12pt;\"><a href=\"https:\/\/www.stadtwerke-schwabach.de\/Baeder\/Hallenbad-Schwabach\/\" target=\"_blank\" rel=\"noopener\">Homepage Hallenbad Schwabach &#8230;<\/a><\/span><\/p>\t\t\t\t\t\t<\/div>\n\t\t\t\t<\/div>\n\t\t\t\t<div class=\"elementor-element elementor-element-21c3450 elementor-widget-divider--view-line elementor-widget elementor-widget-divider\" data-id=\"21c3450\" data-element_type=\"widget\" data-widget_type=\"divider.default\">\n\t\t\t\t<div class=\"elementor-widget-container\">\n\t\t\t\t\t<div class=\"elementor-divider\">\n\t\t\t<span class=\"elementor-divider-separator\">\n\t\t\t\t\t\t<\/span>\n\t\t<\/div>\n\t\t\t\t<\/div>\n\t\t\t\t<\/div>\n\t\t\t\t<div class=\"elementor-element elementor-element-f4c690c elementor-widget elementor-widget-google_maps\" data-id=\"f4c690c\" data-element_type=\"widget\" data-widget_type=\"google_maps.default\">\n\t\t\t\t<div class=\"elementor-widget-container\">\n\t\t\t\t\t<div class=\"elementor-custom-embed\">\n\t\t\t<iframe loading=\"lazy\"\n\t\t\t\t\tsrc=\"https:\/\/maps.google.com\/maps?q=Bismarckstra%C3%9Fe%208%2C%20Schwabach%2C%20Deutschland&#038;t=m&#038;z=17&#038;output=embed&#038;iwloc=near\"\n\t\t\t\t\ttitle=\"Bismarckstra\u00dfe 8, Schwabach, Deutschland\"\n\t\t\t\t\taria-label=\"Bismarckstra\u00dfe 8, Schwabach, Deutschland\"\n\t\t\t><\/iframe>\n\t\t<\/div>\n\t\t\t\t<\/div>\n\t\t\t\t<\/div>\n\t\t\t\t\t<\/div>\n\t\t<\/div>\n\t\t\t\t<div class=\"elementor-column elementor-col-50 elementor-top-column elementor-element elementor-element-83adf8d\" data-id=\"83adf8d\" data-element_type=\"column\">\n\t\t\t<div class=\"elementor-widget-wrap elementor-element-populated\">\n\t\t\t\t\t\t<div class=\"elementor-element elementor-element-6a09a09 elementor-widget elementor-widget-heading\" data-id=\"6a09a09\" data-element_type=\"widget\" data-widget_type=\"heading.default\">\n\t\t\t\t<div class=\"elementor-widget-container\">\n\t\t\t<h3 class=\"elementor-heading-title elementor-size-default\">Schnell vergleichen und sparen!<\/h3>\t\t<\/div>\n\t\t\t\t<\/div>\n\t\t\t\t<div class=\"elementor-element elementor-element-843bf4d elementor-widget elementor-widget-wp-widget-advads_ad_widget\" data-id=\"843bf4d\" data-element_type=\"widget\" data-widget_type=\"wp-widget-advads_ad_widget.default\">\n\t\t\t\t<div class=\"elementor-widget-container\">\n\t\t\t<div id=\"regio-1963414325\"><div class=\"regio-adlabel\">Werbung<\/div><!-- Beginn https:\/\/www.financeads.net\/-Code --><a href=\"https:\/\/www.financeads.net\/tc.php?t=36648C236142529B\" target=\"_blank\"><img decoding=\"async\" src=\"https:\/\/www.financeads.net\/tb.php?t=36648V236142529B&https=1\" alt=\"\" border=\"0\" width=\"300\" height=\"250\"><\/a><!-- Ende https:\/\/www.financeads.net\/-Code --><\/div>\t\t<\/div>\n\t\t\t\t<\/div>\n\t\t\t\t<div class=\"elementor-element elementor-element-736c4f3 elementor-widget elementor-widget-wp-widget-advads_ad_widget\" data-id=\"736c4f3\" data-element_type=\"widget\" data-widget_type=\"wp-widget-advads_ad_widget.default\">\n\t\t\t\t<div class=\"elementor-widget-container\">\n\t\t\t<div id=\"regio-3886185912\"><div class=\"regio-adlabel\">Werbung<\/div><!-- Beginn https:\/\/www.financeads.net\/-Code --><a href=\"https:\/\/www.financeads.net\/tc.php?t=36648C42614510B\" target=\"_blank\"><img decoding=\"async\" src=\"https:\/\/www.financeads.net\/tb.php?t=36648V42614510B&https=1\" alt=\"\" border=\"0\" width=\"200\" height=\"300\"><\/a><!-- Ende https:\/\/www.financeads.net\/-Code --><\/div>\t\t<\/div>\n\t\t\t\t<\/div>\n\t\t\t\t<div class=\"elementor-element elementor-element-33ced9c elementor-widget elementor-widget-wp-widget-advads_ad_widget\" data-id=\"33ced9c\" data-element_type=\"widget\" data-widget_type=\"wp-widget-advads_ad_widget.default\">\n\t\t\t\t<div class=\"elementor-widget-container\">\n\t\t\t<div id=\"regio-1699921472\"><div class=\"regio-adlabel\">Werbung<\/div><!-- Beginn https:\/\/www.financeads.net\/-Code --><a href=\"https:\/\/www.financeads.net\/tc.php?t=36648C205040072B\" target=\"_blank\"><img loading=\"lazy\" decoding=\"async\" src=\"https:\/\/www.financeads.net\/tb.php?t=36648V205040072B&https=1\" alt=\"\" border=\"0\" width=\"300\" height=\"250\"><\/a><!-- Ende https:\/\/www.financeads.net\/-Code --><\/div>\t\t<\/div>\n\t\t\t\t<\/div>\n\t\t\t\t<div class=\"elementor-element elementor-element-4deb4ab elementor-widget elementor-widget-wp-widget-advads_ad_widget\" data-id=\"4deb4ab\" data-element_type=\"widget\" data-widget_type=\"wp-widget-advads_ad_widget.default\">\n\t\t\t\t<div class=\"elementor-widget-container\">\n\t\t\t<div id=\"regio-2295462004\"><div class=\"regio-adlabel\">Werbung<\/div><!-- Beginn https:\/\/www.financeads.net\/-Code --><a href=\"https:\/\/www.financeads.net\/tc.php?t=36648C271460142B\" target=\"_blank\"><img loading=\"lazy\" decoding=\"async\" src=\"https:\/\/www.financeads.net\/tb.php?t=36648V271460142B&https=1\" alt=\"PETPROTECT_Hund&Katze_Banner\" border=\"0\" width=\"250\" height=\"250\"><\/a><!-- Ende https:\/\/www.financeads.net\/-Code --><\/div>\t\t<\/div>\n\t\t\t\t<\/div>\n\t\t\t\t\t<\/div>\n\t\t<\/div>\n\t\t\t\t\t<\/div>\n\t\t<\/section>\n\t\t\t\t<\/div>\n\t\t","protected":false},"excerpt":{"rendered":"<div class=\"mh-excerpt\"><p>Reparatur der Filteranlage l\u00e4uft Hallenbad bleibt bis 11. M\u00e4rz 2019 geschlossen Schwabach &#8211; Aufgrund der letzte Woche aufgetretenen technischen Probleme (siehe Beitrag weiter unten)&nbsp; bei der Wasseraufbereitung bleibt das&nbsp;Hallenbad bis voraussichtlich 11. M\u00e4rz 2019 geschlossen. <a class=\"mh-excerpt-more\" href=\"https:\/\/www.region-schwabach.de\/wordpress\/hallenbad-ab-sofort-wegen-technischem-defekt-geschlossen-update\/\" title=\"Hallenbad ab sofort wegen technischem Defekt geschlossen &#8211; Update\">[&#8230;]<\/a><\/p>\n<\/div>","protected":false},"author":1,"featured_media":79410,"comment_status":"open","ping_status":"open","sticky":false,"template":"","format":"standard","meta":{"_cbd_carousel_blocks":"[]","footnotes":""},"categories":[16,1,2549,231],"tags":[8180,7840,5988,4671,8124,713,8013,19,8123,4477,2083,6932,8125],"class_list":{"0":"post-80603","1":"post","2":"type-post","3":"status-publish","4":"format-standard","5":"has-post-thumbnail","7":"category-aktuell","8":"category-allgemein","9":"category-stadtwerke","10":"category-veranstaltungsnews","11":"tag-11-03-2019","12":"tag-14-02-2019","13":"tag-badebetrieb-nicht-moeglich","14":"tag-bismarckstrasse","15":"tag-filteranlage","16":"tag-schaden","17":"tag-schulen","18":"tag-schwabach","19":"tag-stadtbaeder-gmbh","20":"tag-stadtwerke","21":"tag-technischer-defekt","22":"tag-vereine","23":"tag-wasseraufbereitung"},"_links":{"self":[{"href":"https:\/\/www.region-schwabach.de\/wordpress\/wp-json\/wp\/v2\/posts\/80603","targetHints":{"allow":["GET"]}}],"collection":[{"href":"https:\/\/www.region-schwabach.de\/wordpress\/wp-json\/wp\/v2\/posts"}],"about":[{"href":"https:\/\/www.region-schwabach.de\/wordpress\/wp-json\/wp\/v2\/types\/post"}],"author":[{"embeddable":true,"href":"https:\/\/www.region-schwabach.de\/wordpress\/wp-json\/wp\/v2\/users\/1"}],"replies":[{"embeddable":true,"href":"https:\/\/www.region-schwabach.de\/wordpress\/wp-json\/wp\/v2\/comments?post=80603"}],"version-history":[{"count":0,"href":"https:\/\/www.region-schwabach.de\/wordpress\/wp-json\/wp\/v2\/posts\/80603\/revisions"}],"wp:featuredmedia":[{"embeddable":true,"href":"https:\/\/www.region-schwabach.de\/wordpress\/wp-json\/wp\/v2\/media\/79410"}],"wp:attachment":[{"href":"https:\/\/www.region-schwabach.de\/wordpress\/wp-json\/wp\/v2\/media?parent=80603"}],"wp:term":[{"taxonomy":"category","embeddable":true,"href":"https:\/\/www.region-schwabach.de\/wordpress\/wp-json\/wp\/v2\/categories?post=80603"},{"taxonomy":"post_tag","embeddable":true,"href":"https:\/\/www.region-schwabach.de\/wordpress\/wp-json\/wp\/v2\/tags?post=80603"}],"curies":[{"name":"wp","href":"https:\/\/api.w.org\/{rel}","templated":true}]}}