{"id":8068,"date":"2017-08-11T11:44:10","date_gmt":"2017-08-11T09:44:10","guid":{"rendered":"http:\/\/www.region-schwabach.de\/wordpress\/?p=8068"},"modified":"2018-07-30T09:49:37","modified_gmt":"2018-07-30T07:49:37","slug":"linie-662-haltestellen-katzwang-mitte-und-ellwanger-strasse-werden-nicht-angefahren","status":"publish","type":"post","link":"https:\/\/www.region-schwabach.de\/wordpress\/linie-662-haltestellen-katzwang-mitte-und-ellwanger-strasse-werden-nicht-angefahren\/","title":{"rendered":"Linie 662: Haltestellen Katzwang-Mitte und Ellwanger Stra\u00dfe werden nicht angefahren"},"content":{"rendered":"\t\t<div data-elementor-type=\"wp-post\" data-elementor-id=\"8068\" class=\"elementor elementor-8068 elementor-bc-flex-widget\">\n\t\t\t\t\t\t<section class=\"elementor-section elementor-top-section elementor-element elementor-element-1dzeyuh elementor-section-boxed elementor-section-height-default elementor-section-height-default\" data-id=\"1dzeyuh\" data-element_type=\"section\">\n\t\t\t\t\t\t<div class=\"elementor-container elementor-column-gap-default\">\n\t\t\t\t\t<div class=\"elementor-column elementor-col-66 elementor-top-column elementor-element elementor-element-aam59ft\" data-id=\"aam59ft\" data-element_type=\"column\">\n\t\t\t<div class=\"elementor-widget-wrap elementor-element-populated\">\n\t\t\t\t\t\t<div class=\"elementor-element elementor-element-k9p1oyc elementor-widget elementor-widget-text-editor\" data-id=\"k9p1oyc\" data-element_type=\"widget\" data-widget_type=\"text-editor.default\">\n\t\t\t\t<div class=\"elementor-widget-container\">\n\t\t\t\t\t\t\t<h3>Haltestellen werden nicht bedient<\/h3><p>Wegen der Sperrung der Katzwanger Stra\u00dfe in Limbach und daraus resultierender fehlender Wendem\u00f6glichkeiten werden die Haltestellen Ellwanger Stra\u00dfe und Katzwang-Mitte in der Zeit von Freitag, den 18.08.2017 bis Freitag, den 25. August 2017 nicht angefahren.<\/p><p><strong>Start und Ende der Linie 662 in dieser an der Haltestelle Limbach<\/strong><\/p><p>Die Linie 662 startet und endet in dieser Zeit an der Haltestelle Limbach, Waldsiedlung.<\/p><h3>Alternative Verbindungen<\/h3><p>Fahrg\u00e4ste die von Katzwang-Mitte nach Schwabach oder von Schwabach nach Katzwang-Mitte wollen, wird empfohlen:<\/p><ul><li>Wer vom Bahnhof Schwabach oder Bahnhof Limbach aus Richtung Katzwang m\u00f6chte: <br \/>Mit der S2 zum Bahnhof Reichelsdorf , Umsteigen auf Buslinie 62, Katzwang-Mitte<\/li><li>Wer von Katzwang-Mitte nach Schwabach m\u00f6chte: <br \/>Mit Buslinie 62 zum Bahnhof Reichelsdorf, von dort mit der S2 zum Bahnhof Limbach oder Bahnhof Schwabach<\/li><\/ul>\t\t\t\t\t\t<\/div>\n\t\t\t\t<\/div>\n\t\t\t\t<div class=\"elementor-element elementor-element-0ga511b elementor-widget elementor-widget-text-editor\" data-id=\"0ga511b\" data-element_type=\"widget\" data-widget_type=\"text-editor.default\">\n\t\t\t\t<div class=\"elementor-widget-container\">\n\t\t\t\t\t\t\t<h3><span style=\"color: #76acac;\">Ellwanger Stra\u00dfe<\/span><\/h3>\t\t\t\t\t\t<\/div>\n\t\t\t\t<\/div>\n\t\t\t\t<div class=\"elementor-element elementor-element-rf47wqh elementor-widget elementor-widget-google_maps\" data-id=\"rf47wqh\" data-element_type=\"widget\" data-widget_type=\"google_maps.default\">\n\t\t\t\t<div class=\"elementor-widget-container\">\n\t\t\t\t\t<div class=\"elementor-custom-embed\">\n\t\t\t<iframe loading=\"lazy\"\n\t\t\t\t\tsrc=\"https:\/\/maps.google.com\/maps?q=49.342573%2C%2011.046846&#038;t=m&#038;z=17&#038;output=embed&#038;iwloc=near\"\n\t\t\t\t\ttitle=\"49.342573, 11.046846\"\n\t\t\t\t\taria-label=\"49.342573, 11.046846\"\n\t\t\t><\/iframe>\n\t\t<\/div>\n\t\t\t\t<\/div>\n\t\t\t\t<\/div>\n\t\t\t\t<div class=\"elementor-element elementor-element-n1jrpct elementor-widget elementor-widget-text-editor\" data-id=\"n1jrpct\" data-element_type=\"widget\" data-widget_type=\"text-editor.default\">\n\t\t\t\t<div class=\"elementor-widget-container\">\n\t\t\t\t\t\t\t<h3><span style=\"color: #76acac;\">Katzwang-Mitte<\/span><\/h3>\t\t\t\t\t\t<\/div>\n\t\t\t\t<\/div>\n\t\t\t\t<div class=\"elementor-element elementor-element-no9gstj elementor-widget elementor-widget-google_maps\" data-id=\"no9gstj\" data-element_type=\"widget\" data-widget_type=\"google_maps.default\">\n\t\t\t\t<div class=\"elementor-widget-container\">\n\t\t\t\t\t<div class=\"elementor-custom-embed\">\n\t\t\t<iframe loading=\"lazy\"\n\t\t\t\t\tsrc=\"https:\/\/maps.google.com\/maps?q=49.351415%2C%2011.056370&#038;t=m&#038;z=17&#038;output=embed&#038;iwloc=near\"\n\t\t\t\t\ttitle=\"49.351415, 11.056370\"\n\t\t\t\t\taria-label=\"49.351415, 11.056370\"\n\t\t\t><\/iframe>\n\t\t<\/div>\n\t\t\t\t<\/div>\n\t\t\t\t<\/div>\n\t\t\t\t\t<\/div>\n\t\t<\/div>\n\t\t\t\t<div class=\"elementor-column elementor-col-33 elementor-top-column elementor-element elementor-element-uferl75\" data-id=\"uferl75\" data-element_type=\"column\">\n\t\t\t<div class=\"elementor-widget-wrap elementor-element-populated\">\n\t\t\t\t\t\t<div class=\"elementor-element elementor-element-xuttsc2 elementor-widget elementor-widget-image\" data-id=\"xuttsc2\" data-element_type=\"widget\" data-widget_type=\"image.default\">\n\t\t\t\t<div class=\"elementor-widget-container\">\n\t\t\t\t\t\t\t\t\t\t\t\t\t<img fetchpriority=\"high\" decoding=\"async\" width=\"300\" height=\"300\" src=\"https:\/\/www.region-schwabach.de\/wordpress\/wp-content\/uploads\/2017\/06\/werbung8-300x300.png\" class=\"attachment-medium size-medium wp-image-2484\" alt=\"\" srcset=\"https:\/\/www.region-schwabach.de\/wordpress\/wp-content\/uploads\/2017\/06\/werbung8-300x300.png 300w, https:\/\/www.region-schwabach.de\/wordpress\/wp-content\/uploads\/2017\/06\/werbung8-150x150.png 150w, https:\/\/www.region-schwabach.de\/wordpress\/wp-content\/uploads\/2017\/06\/werbung8-768x768.png 768w, https:\/\/www.region-schwabach.de\/wordpress\/wp-content\/uploads\/2017\/06\/werbung8-1024x1024.png 1024w, https:\/\/www.region-schwabach.de\/wordpress\/wp-content\/uploads\/2017\/06\/werbung8-600x600.png 600w, https:\/\/www.region-schwabach.de\/wordpress\/wp-content\/uploads\/2017\/06\/werbung8.png 1200w\" sizes=\"(max-width: 300px) 100vw, 300px\" \/>\t\t\t\t\t\t\t\t\t\t\t\t\t<\/div>\n\t\t\t\t<\/div>\n\t\t\t\t\t<\/div>\n\t\t<\/div>\n\t\t\t\t\t<\/div>\n\t\t<\/section>\n\t\t\t\t<\/div>\n\t\t","protected":false},"excerpt":{"rendered":"<div class=\"mh-excerpt\"><p>Haltestellen werden nicht bedient Wegen der Sperrung der Katzwanger Stra\u00dfe in Limbach und daraus resultierender fehlender Wendem\u00f6glichkeiten werden die Haltestellen Ellwanger Stra\u00dfe und Katzwang-Mitte in der Zeit von Freitag, den 18.08.2017 bis Freitag, den 25. <a class=\"mh-excerpt-more\" href=\"https:\/\/www.region-schwabach.de\/wordpress\/linie-662-haltestellen-katzwang-mitte-und-ellwanger-strasse-werden-nicht-angefahren\/\" title=\"Linie 662: Haltestellen Katzwang-Mitte und Ellwanger Stra\u00dfe werden nicht angefahren\">[&#8230;]<\/a><\/p>\n<\/div>","protected":false},"author":1,"featured_media":8070,"comment_status":"open","ping_status":"open","sticky":false,"template":"template-full.php","format":"standard","meta":{"_cbd_carousel_blocks":"[]","footnotes":""},"categories":[16,14],"tags":[353,351,352,354,19,276,57],"class_list":{"0":"post-8068","1":"post","2":"type-post","3":"status-publish","4":"format-standard","5":"has-post-thumbnail","7":"category-aktuell","8":"category-verkehrsinfos","9":"tag-ellwanger-strasse","10":"tag-fehlende-wendemoeglichkeit","11":"tag-katzwang-mitte","12":"tag-linie-662","13":"tag-schwabach","14":"tag-sperrung","15":"tag-strassensperrung"},"_links":{"self":[{"href":"https:\/\/www.region-schwabach.de\/wordpress\/wp-json\/wp\/v2\/posts\/8068","targetHints":{"allow":["GET"]}}],"collection":[{"href":"https:\/\/www.region-schwabach.de\/wordpress\/wp-json\/wp\/v2\/posts"}],"about":[{"href":"https:\/\/www.region-schwabach.de\/wordpress\/wp-json\/wp\/v2\/types\/post"}],"author":[{"embeddable":true,"href":"https:\/\/www.region-schwabach.de\/wordpress\/wp-json\/wp\/v2\/users\/1"}],"replies":[{"embeddable":true,"href":"https:\/\/www.region-schwabach.de\/wordpress\/wp-json\/wp\/v2\/comments?post=8068"}],"version-history":[{"count":0,"href":"https:\/\/www.region-schwabach.de\/wordpress\/wp-json\/wp\/v2\/posts\/8068\/revisions"}],"wp:featuredmedia":[{"embeddable":true,"href":"https:\/\/www.region-schwabach.de\/wordpress\/wp-json\/wp\/v2\/media\/8070"}],"wp:attachment":[{"href":"https:\/\/www.region-schwabach.de\/wordpress\/wp-json\/wp\/v2\/media?parent=8068"}],"wp:term":[{"taxonomy":"category","embeddable":true,"href":"https:\/\/www.region-schwabach.de\/wordpress\/wp-json\/wp\/v2\/categories?post=8068"},{"taxonomy":"post_tag","embeddable":true,"href":"https:\/\/www.region-schwabach.de\/wordpress\/wp-json\/wp\/v2\/tags?post=8068"}],"curies":[{"name":"wp","href":"https:\/\/api.w.org\/{rel}","templated":true}]}}