{"id":80731,"date":"2019-02-27T00:04:38","date_gmt":"2019-02-26T23:04:38","guid":{"rendered":"http:\/\/www.region-schwabach.de\/wordpress\/?p=80731"},"modified":"2019-02-27T00:40:55","modified_gmt":"2019-02-26T23:40:55","slug":"burgerversammlung-im-gasthof-raab-bezirk-ix","status":"publish","type":"post","link":"https:\/\/www.region-schwabach.de\/wordpress\/burgerversammlung-im-gasthof-raab-bezirk-ix\/","title":{"rendered":"B\u00fcrgerversammlung im Gasthof Raab &#8211; Bezirk IX"},"content":{"rendered":"\t\t<div data-elementor-type=\"wp-post\" data-elementor-id=\"80731\" class=\"elementor elementor-80731 elementor-bc-flex-widget\">\n\t\t\t\t\t\t<section class=\"elementor-section elementor-top-section elementor-element elementor-element-5436baf elementor-section-boxed elementor-section-height-default elementor-section-height-default\" data-id=\"5436baf\" data-element_type=\"section\">\n\t\t\t\t\t\t<div class=\"elementor-container elementor-column-gap-default\">\n\t\t\t\t\t<div class=\"elementor-column elementor-col-50 elementor-top-column elementor-element elementor-element-a5f5ee5\" data-id=\"a5f5ee5\" data-element_type=\"column\">\n\t\t\t<div class=\"elementor-widget-wrap elementor-element-populated\">\n\t\t\t\t\t\t<div class=\"elementor-element elementor-element-4c2f629 elementor-widget elementor-widget-wp-widget-advads_ad_widget\" data-id=\"4c2f629\" data-element_type=\"widget\" data-widget_type=\"wp-widget-advads_ad_widget.default\">\n\t\t\t\t<div class=\"elementor-widget-container\">\n\t\t\t<div id=\"regio-1489204720\"><div class=\"regio-adlabel\">Werbung<\/div><!-- Beginn https:\/\/www.financeads.net\/-Code --><a href=\"https:\/\/www.financeads.net\/tc.php?t=36648C19118058B\" target=\"_blank\"><img fetchpriority=\"high\" decoding=\"async\" src=\"https:\/\/www.financeads.net\/tb.php?t=36648V19118058B&https=1\" alt=\"\" border=\"0\" width=\"728\" height=\"90\"><\/a><!-- Ende https:\/\/www.financeads.net\/-Code --><\/div>\t\t<\/div>\n\t\t\t\t<\/div>\n\t\t\t\t<div class=\"elementor-element elementor-element-d0b0674 elementor-widget elementor-widget-text-editor\" data-id=\"d0b0674\" data-element_type=\"widget\" data-widget_type=\"text-editor.default\">\n\t\t\t\t<div class=\"elementor-widget-container\">\n\t\t\t\t\t\t\t<h3>B\u00fcrgerversammlung im\u00a0<span class=\"value\">Feuerwehrhaus<\/span><\/h3><p><span style=\"font-size: 12pt;\">Schwabach &#8211; Am Mittwoch, den 27.02.2019, findet im Gasthof Raab<span class=\"value\"> in der \u00c4u\u00dferen Rittersbacher Stra\u00dfe 14 in Schwabach <\/span>eine B\u00fcrgerversammlung f\u00fcr den Bezirk IX (Forsthof, Uigenau, Obermainbach) statt. Hier haben die B\u00fcrgerinnen und B\u00fcrger zusammen mit der Stadtspitze und den Referenten die M\u00f6glichkeit, Anregungen, W\u00fcnsche und Beschwerden aus der B\u00fcrgerschaft\u00a0 zu diskutieren.<\/span><\/p><p><span style=\"font-size: 12pt;\"><a href=\"https:\/\/www.schwabach.de\/de\/stadtverwaltung\/oberbuergermeister\/98-buergermeister-und-presseamt\/neues-aus-dem-buergermeister-und-presseamt\/7263-buergerversammlung-forsthof-uigenau-obermainbach-2019.html\" target=\"_blank\" rel=\"noopener\">F\u00fcr weitere Informationen hier klicken &#8230;<\/a>a<\/span><\/p>\t\t\t\t\t\t<\/div>\n\t\t\t\t<\/div>\n\t\t\t\t<div class=\"elementor-element elementor-element-34ad0b5 elementor-widget elementor-widget-google_maps\" data-id=\"34ad0b5\" data-element_type=\"widget\" data-widget_type=\"google_maps.default\">\n\t\t\t\t<div class=\"elementor-widget-container\">\n\t\t\t\t\t<div class=\"elementor-custom-embed\">\n\t\t\t<iframe loading=\"lazy\"\n\t\t\t\t\tsrc=\"https:\/\/maps.google.com\/maps?q=%C3%84u%C3%9Fere%20Rittersbacher%20Stra%C3%9Fe%2014%2C%20Schwabach%2C%20Deutschland&#038;t=m&#038;z=15&#038;output=embed&#038;iwloc=near\"\n\t\t\t\t\ttitle=\"\u00c4u\u00dfere Rittersbacher Stra\u00dfe 14, Schwabach, Deutschland\"\n\t\t\t\t\taria-label=\"\u00c4u\u00dfere Rittersbacher Stra\u00dfe 14, Schwabach, Deutschland\"\n\t\t\t><\/iframe>\n\t\t<\/div>\n\t\t\t\t<\/div>\n\t\t\t\t<\/div>\n\t\t\t\t\t<\/div>\n\t\t<\/div>\n\t\t\t\t<div class=\"elementor-column elementor-col-50 elementor-top-column elementor-element elementor-element-b00300c\" data-id=\"b00300c\" data-element_type=\"column\">\n\t\t\t<div class=\"elementor-widget-wrap elementor-element-populated\">\n\t\t\t\t\t\t<div class=\"elementor-element elementor-element-44fa11e elementor-widget elementor-widget-heading\" data-id=\"44fa11e\" data-element_type=\"widget\" data-widget_type=\"heading.default\">\n\t\t\t\t<div class=\"elementor-widget-container\">\n\t\t\t<h3 class=\"elementor-heading-title elementor-size-default\">Schnell vergleichen und sparen!<\/h3>\t\t<\/div>\n\t\t\t\t<\/div>\n\t\t\t\t<div class=\"elementor-element elementor-element-5e74815 elementor-widget elementor-widget-wp-widget-advads_ad_widget\" data-id=\"5e74815\" data-element_type=\"widget\" data-widget_type=\"wp-widget-advads_ad_widget.default\">\n\t\t\t\t<div class=\"elementor-widget-container\">\n\t\t\t<div id=\"regio-460457428\"><div class=\"regio-adlabel\">Werbung<\/div><!-- Beginn https:\/\/www.financeads.net\/-Code --><a href=\"https:\/\/www.financeads.net\/tc.php?t=36648C236142529B\" target=\"_blank\"><img decoding=\"async\" src=\"https:\/\/www.financeads.net\/tb.php?t=36648V236142529B&https=1\" alt=\"\" border=\"0\" width=\"300\" height=\"250\"><\/a><!-- Ende https:\/\/www.financeads.net\/-Code --><\/div>\t\t<\/div>\n\t\t\t\t<\/div>\n\t\t\t\t<div class=\"elementor-element elementor-element-c588ddb elementor-widget elementor-widget-wp-widget-advads_ad_widget\" data-id=\"c588ddb\" data-element_type=\"widget\" data-widget_type=\"wp-widget-advads_ad_widget.default\">\n\t\t\t\t<div class=\"elementor-widget-container\">\n\t\t\t<div id=\"regio-905085042\"><div class=\"regio-adlabel\">Werbung<\/div><!-- Beginn https:\/\/www.financeads.net\/-Code --><a href=\"https:\/\/www.financeads.net\/tc.php?t=36648C42614510B\" target=\"_blank\"><img decoding=\"async\" src=\"https:\/\/www.financeads.net\/tb.php?t=36648V42614510B&https=1\" alt=\"\" border=\"0\" width=\"200\" height=\"300\"><\/a><!-- Ende https:\/\/www.financeads.net\/-Code --><\/div>\t\t<\/div>\n\t\t\t\t<\/div>\n\t\t\t\t<div class=\"elementor-element elementor-element-eacbdea elementor-widget elementor-widget-wp-widget-advads_ad_widget\" data-id=\"eacbdea\" data-element_type=\"widget\" data-widget_type=\"wp-widget-advads_ad_widget.default\">\n\t\t\t\t<div class=\"elementor-widget-container\">\n\t\t\t<div id=\"regio-3803715634\"><div class=\"regio-adlabel\">Werbung<\/div><!-- Beginn https:\/\/www.financeads.net\/-Code --><a href=\"https:\/\/www.financeads.net\/tc.php?t=36648C205040072B\" target=\"_blank\"><img loading=\"lazy\" decoding=\"async\" src=\"https:\/\/www.financeads.net\/tb.php?t=36648V205040072B&https=1\" alt=\"\" border=\"0\" width=\"300\" height=\"250\"><\/a><!-- Ende https:\/\/www.financeads.net\/-Code --><\/div>\t\t<\/div>\n\t\t\t\t<\/div>\n\t\t\t\t<div class=\"elementor-element elementor-element-b660c13 elementor-widget elementor-widget-wp-widget-advads_ad_widget\" data-id=\"b660c13\" data-element_type=\"widget\" data-widget_type=\"wp-widget-advads_ad_widget.default\">\n\t\t\t\t<div class=\"elementor-widget-container\">\n\t\t\t<div id=\"regio-4259704156\"><div class=\"regio-adlabel\">Werbung<\/div><!-- Beginn https:\/\/www.financeads.net\/-Code --><a href=\"https:\/\/www.financeads.net\/tc.php?t=36648C271460142B\" target=\"_blank\"><img loading=\"lazy\" decoding=\"async\" src=\"https:\/\/www.financeads.net\/tb.php?t=36648V271460142B&https=1\" alt=\"PETPROTECT_Hund&Katze_Banner\" border=\"0\" width=\"250\" height=\"250\"><\/a><!-- Ende https:\/\/www.financeads.net\/-Code --><\/div>\t\t<\/div>\n\t\t\t\t<\/div>\n\t\t\t\t\t<\/div>\n\t\t<\/div>\n\t\t\t\t\t<\/div>\n\t\t<\/section>\n\t\t\t\t<\/div>\n\t\t","protected":false},"excerpt":{"rendered":"<div class=\"mh-excerpt\"><p>B\u00fcrgerversammlung im\u00a0Feuerwehrhaus Schwabach &#8211; Am Mittwoch, den 27.02.2019, findet im Gasthof Raab in der \u00c4u\u00dferen Rittersbacher Stra\u00dfe 14 in Schwabach eine B\u00fcrgerversammlung f\u00fcr den Bezirk IX (Forsthof, Uigenau, Obermainbach) statt. Hier haben die B\u00fcrgerinnen und <a class=\"mh-excerpt-more\" href=\"https:\/\/www.region-schwabach.de\/wordpress\/burgerversammlung-im-gasthof-raab-bezirk-ix\/\" title=\"B\u00fcrgerversammlung im Gasthof Raab &#8211; Bezirk IX\">[&#8230;]<\/a><\/p>\n<\/div>","protected":false},"author":1,"featured_media":80732,"comment_status":"open","ping_status":"open","sticky":false,"template":"","format":"standard","meta":{"_cbd_carousel_blocks":"[]","footnotes":""},"categories":[16,79,61],"tags":[8001,3406,8264,3490,3486,8265,8266,522,2059,1480,3491,19,3151,679],"class_list":{"0":"post-80731","1":"post","2":"type-post","3":"status-publish","4":"format-standard","5":"has-post-thumbnail","7":"category-aktuell","8":"category-politik","9":"category-rathaus","10":"tag-27-02-2019","11":"tag-aeussere-rittersbacher-strasse","12":"tag-bezirk-ix","13":"tag-buergermeister","14":"tag-buergerversammlung","15":"tag-forsthof","16":"tag-gasthof-raab","17":"tag-koenigsplatz","18":"tag-obermainbach","19":"tag-rathaus","20":"tag-referenten","21":"tag-schwabach","22":"tag-stadt-schwabach","23":"tag-uigenau"},"_links":{"self":[{"href":"https:\/\/www.region-schwabach.de\/wordpress\/wp-json\/wp\/v2\/posts\/80731","targetHints":{"allow":["GET"]}}],"collection":[{"href":"https:\/\/www.region-schwabach.de\/wordpress\/wp-json\/wp\/v2\/posts"}],"about":[{"href":"https:\/\/www.region-schwabach.de\/wordpress\/wp-json\/wp\/v2\/types\/post"}],"author":[{"embeddable":true,"href":"https:\/\/www.region-schwabach.de\/wordpress\/wp-json\/wp\/v2\/users\/1"}],"replies":[{"embeddable":true,"href":"https:\/\/www.region-schwabach.de\/wordpress\/wp-json\/wp\/v2\/comments?post=80731"}],"version-history":[{"count":0,"href":"https:\/\/www.region-schwabach.de\/wordpress\/wp-json\/wp\/v2\/posts\/80731\/revisions"}],"wp:featuredmedia":[{"embeddable":true,"href":"https:\/\/www.region-schwabach.de\/wordpress\/wp-json\/wp\/v2\/media\/80732"}],"wp:attachment":[{"href":"https:\/\/www.region-schwabach.de\/wordpress\/wp-json\/wp\/v2\/media?parent=80731"}],"wp:term":[{"taxonomy":"category","embeddable":true,"href":"https:\/\/www.region-schwabach.de\/wordpress\/wp-json\/wp\/v2\/categories?post=80731"},{"taxonomy":"post_tag","embeddable":true,"href":"https:\/\/www.region-schwabach.de\/wordpress\/wp-json\/wp\/v2\/tags?post=80731"}],"curies":[{"name":"wp","href":"https:\/\/api.w.org\/{rel}","templated":true}]}}