{"id":81710,"date":"2019-03-05T00:04:59","date_gmt":"2019-03-04T23:04:59","guid":{"rendered":"http:\/\/www.region-schwabach.de\/wordpress\/?p=81710"},"modified":"2019-03-05T00:44:59","modified_gmt":"2019-03-04T23:44:59","slug":"geaenderte-oeffnungszeiten-am-faschingsdienstag-bei-aemter-und-dienststellen-der-stadtverwaltung-2","status":"publish","type":"post","link":"https:\/\/www.region-schwabach.de\/wordpress\/geaenderte-oeffnungszeiten-am-faschingsdienstag-bei-aemter-und-dienststellen-der-stadtverwaltung-2\/","title":{"rendered":"Ge\u00e4nderte \u00d6ffnungszeiten der Stadtverwaltung an Fasching"},"content":{"rendered":"\t\t<div data-elementor-type=\"wp-post\" data-elementor-id=\"81710\" class=\"elementor elementor-81710 elementor-bc-flex-widget\">\n\t\t\t\t\t\t<section class=\"elementor-section elementor-top-section elementor-element elementor-element-1dzeyuh elementor-section-boxed elementor-section-height-default elementor-section-height-default\" data-id=\"1dzeyuh\" data-element_type=\"section\">\n\t\t\t\t\t\t<div class=\"elementor-container elementor-column-gap-default\">\n\t\t\t\t\t<div class=\"elementor-column elementor-col-50 elementor-top-column elementor-element elementor-element-aam59ft\" data-id=\"aam59ft\" data-element_type=\"column\">\n\t\t\t<div class=\"elementor-widget-wrap elementor-element-populated\">\n\t\t\t\t\t\t<div class=\"elementor-element elementor-element-1ce939c elementor-widget elementor-widget-wp-widget-advads_ad_widget\" data-id=\"1ce939c\" data-element_type=\"widget\" data-widget_type=\"wp-widget-advads_ad_widget.default\">\n\t\t\t\t<div class=\"elementor-widget-container\">\n\t\t\t<div id=\"regio-2118145607\"><div class=\"regio-adlabel\">Werbung<\/div><!-- Beginn https:\/\/www.financeads.net\/-Code --><a href=\"https:\/\/www.financeads.net\/tc.php?t=36648C19118058B\" target=\"_blank\"><img fetchpriority=\"high\" decoding=\"async\" src=\"https:\/\/www.financeads.net\/tb.php?t=36648V19118058B&https=1\" alt=\"\" border=\"0\" width=\"728\" height=\"90\"><\/a><!-- Ende https:\/\/www.financeads.net\/-Code --><\/div>\t\t<\/div>\n\t\t\t\t<\/div>\n\t\t\t\t<div class=\"elementor-element elementor-element-k9p1oyc elementor-widget elementor-widget-text-editor\" data-id=\"k9p1oyc\" data-element_type=\"widget\" data-widget_type=\"text-editor.default\">\n\t\t\t\t<div class=\"elementor-widget-container\">\n\t\t\t\t\t\t\t<h3>Faschingsdienstag<\/h3><p><span style=\"font-size: 12pt;\">Am Faschingsdienstag, den 05.03.2018 gelten bei \u00c4mtern und Beh\u00f6rden in Schwabach ge\u00e4nderte \u00d6ffnungszeiten, die wie folgt aussehen:<\/span><\/p><ul style=\"list-style-type: disc;\"><li><span style=\"font-size: 12pt;\">Die \u00c4mter und Dienststellen der Stadtverwaltung (einschlie\u00dflich des B\u00fcrgerb\u00fcros) sind am Faschingsdienstag, ab 12 Uhr geschlossen.<\/span><\/li><li><span style=\"font-size: 12pt;\">Die Gesch\u00e4ftsstelle der Volkshochschule Schwabach ist w\u00e4hrend der Faschingsferien von Montag, 04.03.2019, bis Freitag 08.03.19 geschlossen.<\/span><\/li><li><span style=\"font-size: 12pt;\">Der Recyclinghof ist am Faschingsdienstag von 10 bis 17 Uhr ge\u00f6ffnet.<\/span><\/li><li><span style=\"font-size: 12pt;\">Die Stadtbibliothek hat von 10 bis 12 Uhr ge\u00f6ffnet.<\/span><\/li><li><span style=\"font-size: 12pt;\">Der Pflegest\u00fctzpunkt hat am Faschingsdienstag von 8:30 Uhr bis 12:00 Uhr ge\u00f6ffnet.<\/span><\/li><li><span style=\"font-size: 12pt;\">Der Aktivspielplatz ist w\u00e4hrend der Faschingsferien von Montag, den 4. M\u00e4rz 2019, bis einschlie\u00dflich Freitag, den 8. M\u00e4rz 2019, geschlossen.<\/span><\/li><\/ul>\t\t\t\t\t\t<\/div>\n\t\t\t\t<\/div>\n\t\t\t\t<div class=\"elementor-element elementor-element-cj4lfz2 elementor-widget elementor-widget-google_maps\" data-id=\"cj4lfz2\" data-element_type=\"widget\" data-widget_type=\"google_maps.default\">\n\t\t\t\t<div class=\"elementor-widget-container\">\n\t\t\t\t\t<div class=\"elementor-custom-embed\">\n\t\t\t<iframe loading=\"lazy\"\n\t\t\t\t\tsrc=\"https:\/\/maps.google.com\/maps?q=N%C3%B6rdliche%20Ringstr.%202a-c%2C%20Schwabach%2C%20Deutschland&#038;t=m&#038;z=18&#038;output=embed&#038;iwloc=near\"\n\t\t\t\t\ttitle=\"N\u00f6rdliche Ringstr. 2a-c, Schwabach, Deutschland\"\n\t\t\t\t\taria-label=\"N\u00f6rdliche Ringstr. 2a-c, Schwabach, Deutschland\"\n\t\t\t><\/iframe>\n\t\t<\/div>\n\t\t\t\t<\/div>\n\t\t\t\t<\/div>\n\t\t\t\t\t<\/div>\n\t\t<\/div>\n\t\t\t\t<div class=\"elementor-column elementor-col-50 elementor-top-column elementor-element elementor-element-9e69633\" data-id=\"9e69633\" data-element_type=\"column\">\n\t\t\t<div class=\"elementor-widget-wrap elementor-element-populated\">\n\t\t\t\t\t\t<div class=\"elementor-element elementor-element-09c2397 elementor-widget elementor-widget-heading\" data-id=\"09c2397\" data-element_type=\"widget\" data-widget_type=\"heading.default\">\n\t\t\t\t<div class=\"elementor-widget-container\">\n\t\t\t<h3 class=\"elementor-heading-title elementor-size-default\">Schnell vergleichen und sparen!<\/h3>\t\t<\/div>\n\t\t\t\t<\/div>\n\t\t\t\t<div class=\"elementor-element elementor-element-7505bbc elementor-widget elementor-widget-wp-widget-advads_ad_widget\" data-id=\"7505bbc\" data-element_type=\"widget\" data-widget_type=\"wp-widget-advads_ad_widget.default\">\n\t\t\t\t<div class=\"elementor-widget-container\">\n\t\t\t<div id=\"regio-1210801719\"><div class=\"regio-adlabel\">Werbung<\/div><!-- Beginn https:\/\/www.financeads.net\/-Code --><a href=\"https:\/\/www.financeads.net\/tc.php?t=36648C236142529B\" target=\"_blank\"><img decoding=\"async\" src=\"https:\/\/www.financeads.net\/tb.php?t=36648V236142529B&https=1\" alt=\"\" border=\"0\" width=\"300\" height=\"250\"><\/a><!-- Ende https:\/\/www.financeads.net\/-Code --><\/div>\t\t<\/div>\n\t\t\t\t<\/div>\n\t\t\t\t<div class=\"elementor-element elementor-element-15d410d elementor-widget elementor-widget-wp-widget-advads_ad_widget\" data-id=\"15d410d\" data-element_type=\"widget\" data-widget_type=\"wp-widget-advads_ad_widget.default\">\n\t\t\t\t<div class=\"elementor-widget-container\">\n\t\t\t<div id=\"regio-420890847\"><div class=\"regio-adlabel\">Werbung<\/div><!-- Beginn https:\/\/www.financeads.net\/-Code --><a href=\"https:\/\/www.financeads.net\/tc.php?t=36648C42614510B\" target=\"_blank\"><img decoding=\"async\" src=\"https:\/\/www.financeads.net\/tb.php?t=36648V42614510B&https=1\" alt=\"\" border=\"0\" width=\"200\" height=\"300\"><\/a><!-- Ende https:\/\/www.financeads.net\/-Code --><\/div>\t\t<\/div>\n\t\t\t\t<\/div>\n\t\t\t\t<div class=\"elementor-element elementor-element-a1a760d elementor-widget elementor-widget-wp-widget-advads_ad_widget\" data-id=\"a1a760d\" data-element_type=\"widget\" data-widget_type=\"wp-widget-advads_ad_widget.default\">\n\t\t\t\t<div class=\"elementor-widget-container\">\n\t\t\t<div id=\"regio-1525228260\"><div class=\"regio-adlabel\">Werbung<\/div><!-- Beginn https:\/\/www.financeads.net\/-Code --><a href=\"https:\/\/www.financeads.net\/tc.php?t=36648C205040072B\" target=\"_blank\"><img loading=\"lazy\" decoding=\"async\" src=\"https:\/\/www.financeads.net\/tb.php?t=36648V205040072B&https=1\" alt=\"\" border=\"0\" width=\"300\" height=\"250\"><\/a><!-- Ende https:\/\/www.financeads.net\/-Code --><\/div>\t\t<\/div>\n\t\t\t\t<\/div>\n\t\t\t\t<div class=\"elementor-element elementor-element-5fca873 elementor-widget elementor-widget-wp-widget-advads_ad_widget\" data-id=\"5fca873\" data-element_type=\"widget\" data-widget_type=\"wp-widget-advads_ad_widget.default\">\n\t\t\t\t<div class=\"elementor-widget-container\">\n\t\t\t<div id=\"regio-1112446846\"><div class=\"regio-adlabel\">Werbung<\/div><!-- Beginn https:\/\/www.financeads.net\/-Code --><a href=\"https:\/\/www.financeads.net\/tc.php?t=36648C271460142B\" target=\"_blank\"><img loading=\"lazy\" decoding=\"async\" src=\"https:\/\/www.financeads.net\/tb.php?t=36648V271460142B&https=1\" alt=\"PETPROTECT_Hund&Katze_Banner\" border=\"0\" width=\"250\" height=\"250\"><\/a><!-- Ende https:\/\/www.financeads.net\/-Code --><\/div>\t\t<\/div>\n\t\t\t\t<\/div>\n\t\t\t\t\t<\/div>\n\t\t<\/div>\n\t\t\t\t\t<\/div>\n\t\t<\/section>\n\t\t\t\t<\/div>\n\t\t","protected":false},"excerpt":{"rendered":"<div class=\"mh-excerpt\"><p>Faschingsdienstag Am Faschingsdienstag, den 05.03.2018 gelten bei \u00c4mtern und Beh\u00f6rden in Schwabach ge\u00e4nderte \u00d6ffnungszeiten, die wie folgt aussehen: Die \u00c4mter und Dienststellen der Stadtverwaltung (einschlie\u00dflich des B\u00fcrgerb\u00fcros) sind am Faschingsdienstag, ab 12 Uhr geschlossen. Die <a class=\"mh-excerpt-more\" href=\"https:\/\/www.region-schwabach.de\/wordpress\/geaenderte-oeffnungszeiten-am-faschingsdienstag-bei-aemter-und-dienststellen-der-stadtverwaltung-2\/\" title=\"Ge\u00e4nderte \u00d6ffnungszeiten der Stadtverwaltung an Fasching\">[&#8230;]<\/a><\/p>\n<\/div>","protected":false},"author":1,"featured_media":81711,"comment_status":"open","ping_status":"open","sticky":false,"template":"template-full.php","format":"standard","meta":{"_cbd_carousel_blocks":"[]","footnotes":""},"categories":[16,61],"tags":[8177,76,77,2556,8289,1282,8288,2627,2555,72,2626],"class_list":{"0":"post-81710","1":"post","2":"type-post","3":"status-publish","4":"format-standard","5":"has-post-thumbnail","7":"category-aktuell","8":"category-rathaus","9":"tag-05-03-2019","10":"tag-aemter","11":"tag-dienststellen","12":"tag-faschingsdienstag","13":"tag-geaenderte-oeffnungszeiten","14":"tag-geschlossen","15":"tag-pflegestuetzpunkt","16":"tag-recyclinghof","17":"tag-stadtbibliothek","18":"tag-stadtverwaltung","19":"tag-volkshochschule-schwabach"},"_links":{"self":[{"href":"https:\/\/www.region-schwabach.de\/wordpress\/wp-json\/wp\/v2\/posts\/81710","targetHints":{"allow":["GET"]}}],"collection":[{"href":"https:\/\/www.region-schwabach.de\/wordpress\/wp-json\/wp\/v2\/posts"}],"about":[{"href":"https:\/\/www.region-schwabach.de\/wordpress\/wp-json\/wp\/v2\/types\/post"}],"author":[{"embeddable":true,"href":"https:\/\/www.region-schwabach.de\/wordpress\/wp-json\/wp\/v2\/users\/1"}],"replies":[{"embeddable":true,"href":"https:\/\/www.region-schwabach.de\/wordpress\/wp-json\/wp\/v2\/comments?post=81710"}],"version-history":[{"count":0,"href":"https:\/\/www.region-schwabach.de\/wordpress\/wp-json\/wp\/v2\/posts\/81710\/revisions"}],"wp:featuredmedia":[{"embeddable":true,"href":"https:\/\/www.region-schwabach.de\/wordpress\/wp-json\/wp\/v2\/media\/81711"}],"wp:attachment":[{"href":"https:\/\/www.region-schwabach.de\/wordpress\/wp-json\/wp\/v2\/media?parent=81710"}],"wp:term":[{"taxonomy":"category","embeddable":true,"href":"https:\/\/www.region-schwabach.de\/wordpress\/wp-json\/wp\/v2\/categories?post=81710"},{"taxonomy":"post_tag","embeddable":true,"href":"https:\/\/www.region-schwabach.de\/wordpress\/wp-json\/wp\/v2\/tags?post=81710"}],"curies":[{"name":"wp","href":"https:\/\/api.w.org\/{rel}","templated":true}]}}