{"id":82220,"date":"2019-03-05T00:05:17","date_gmt":"2019-03-04T23:05:17","guid":{"rendered":"http:\/\/www.region-schwabach.de\/wordpress\/?p=82220"},"modified":"2019-03-05T00:45:31","modified_gmt":"2019-03-04T23:45:31","slug":"strassensperrungen-wegen-faschingszug-in-schwabach","status":"publish","type":"post","link":"https:\/\/www.region-schwabach.de\/wordpress\/strassensperrungen-wegen-faschingszug-in-schwabach\/","title":{"rendered":"Stra\u00dfensperrungen wegen \u201eFaschingszug\u201c in Schwabach"},"content":{"rendered":"\t\t<div data-elementor-type=\"wp-post\" data-elementor-id=\"82220\" class=\"elementor elementor-82220 elementor-bc-flex-widget\">\n\t\t\t\t\t\t<section class=\"elementor-section elementor-top-section elementor-element elementor-element-678181b elementor-section-boxed elementor-section-height-default elementor-section-height-default\" data-id=\"678181b\" data-element_type=\"section\">\n\t\t\t\t\t\t<div class=\"elementor-container elementor-column-gap-default\">\n\t\t\t\t\t<div class=\"elementor-column elementor-col-50 elementor-top-column elementor-element elementor-element-6b34026\" data-id=\"6b34026\" data-element_type=\"column\">\n\t\t\t<div class=\"elementor-widget-wrap elementor-element-populated\">\n\t\t\t\t\t\t<div class=\"elementor-element elementor-element-e347b87 elementor-widget elementor-widget-wp-widget-advads_ad_widget\" data-id=\"e347b87\" data-element_type=\"widget\" data-widget_type=\"wp-widget-advads_ad_widget.default\">\n\t\t\t\t<div class=\"elementor-widget-container\">\n\t\t\t<div id=\"regio-2728145796\"><div class=\"regio-adlabel\">Werbung<\/div><!-- Beginn https:\/\/www.financeads.net\/-Code --><a href=\"https:\/\/www.financeads.net\/tc.php?t=36648C19118058B\" target=\"_blank\"><img fetchpriority=\"high\" decoding=\"async\" src=\"https:\/\/www.financeads.net\/tb.php?t=36648V19118058B&https=1\" alt=\"\" border=\"0\" width=\"728\" height=\"90\"><\/a><!-- Ende https:\/\/www.financeads.net\/-Code --><\/div>\t\t<\/div>\n\t\t\t\t<\/div>\n\t\t\t\t<div class=\"elementor-element elementor-element-443ab98 elementor-widget elementor-widget-text-editor\" data-id=\"443ab98\" data-element_type=\"widget\" data-widget_type=\"text-editor.default\">\n\t\t\t\t<div class=\"elementor-widget-container\">\n\t\t\t\t\t\t\t<div class=\"fieldsattachment after_article\"><h3 class=\"idgroup_7 group_container\">Am Dienstag, den 5. M\u00e4rz 2019 ist wieder der Faschingszug in Schwabach unterwegs<\/h3><p class=\"idgroup_7 group_container\"><span style=\"font-size: 12pt;\">Schwabach &#8211; Wegen des \u201eSchwabacher Faschingszuges\u201c werden am Faschingsdienstag, den 05.03.2019, einige Stra\u00dfen in Schwabach n der Zeit zwischen 12.30 Uhr und 17.00 Uhr f\u00fcr den Verkehr gesperrt. Anlieger werden um R\u00fccksichtnahme und Verst\u00e4ndnis gebeten.<\/span><\/p><\/div><h3>Bereits ab 12.30 Uhr gesperrt:<\/h3><ul style=\"list-style-type: disc;\"><li><span style=\"font-size: 12pt;\">Birkenstra\u00dfe<\/span><\/li><li><span style=\"font-size: 12pt;\">Walpersdorfer Stra\u00dfe (zwischen Birkenstra\u00dfe und Angerstra\u00dfe)<\/span><\/li><\/ul><p><span style=\"font-size: 12pt;\"><strong>Achtung:<\/strong> Bereits ab Montagabend sind die Parkm\u00f6glichkeiten an der Walpersdorfer Stra\u00dfe und Birkenstra\u00dfe stark eingeschr\u00e4nkt.<\/span><\/p><div class=\"fieldsattachment after_article\"><h3>Ab 13.00 Uhr kurzfristig gesperrt:<\/h3><ul style=\"list-style-type: disc;\"><li><span style=\"font-size: 12pt;\">Birkenstra\u00dfe<\/span><\/li><li><span style=\"font-size: 12pt;\">Hindenburgstra\u00dfe<\/span><\/li><li><span style=\"font-size: 12pt;\">Wittelsbacherstra\u00dfe<\/span><\/li><li><span style=\"font-size: 12pt;\">Z\u00f6llnertorstra\u00dfe<\/span><\/li><li><span style=\"font-size: 12pt;\">K\u00f6nigstra\u00dfe<\/span><\/li><li><span style=\"font-size: 12pt;\">Martin-Luther-Platz<\/span><\/li><li><span style=\"font-size: 12pt;\">Ludwigstra\u00dfe<\/span><\/li><li><span style=\"font-size: 12pt;\">S\u00fcdliche Ringstra\u00dfe<\/span><\/li><li><span style=\"font-size: 12pt;\">Eisentrautstra\u00dfe<\/span><\/li><\/ul><\/div><h3>Nach Beendigung des Faschingszuges:<\/h3><p><span style=\"font-size: 12pt;\">F\u00fcr die Aufl\u00f6sung des Zuges wird im Anschluss die Eisentrautstra\u00dfe zwischen Stadtparkstra\u00dfe und Bahnhofstra\u00dfe nach Beendigung des Zuges ab ca. 15.30 Uhr gesperrt. Die Zufahrt zum Parkplatz am Markgrafensaal ist nur \u00fcber die Ludwigstra\u00dfe m\u00f6glich.<\/span><\/p><div class=\"fieldsattachment after_article\"><h3>Auch \u00f6ffentlicher Nahverkehr betroffen<\/h3><p class=\"idgroup_7 group_container\"><span style=\"font-size: 12pt;\">Wegen des Faschingsumzugs und der damit verbundenen Aufbauarbeiten kann die Haltestelle Rathaus (Linie 661) am 5. M\u00e4rz ganzt\u00e4gig nicht angefahren werden. Ersatzhaltestelle ist hier die Ludwigstra\u00dfe. Dar\u00fcber hinaus gelten zwischen 13:00 Uhr und 17:30 Uhr folgende Umleitungen:<\/span><\/p><ul><li><span style=\"font-size: 12pt;\">Linie 661 in Richtung Krankenhaus\/O&#8217;Brien-Park\/Eichwasen: ab Bahnhof \u00fcber die Ersatzhaltestelle Staedlerstra\u00dfe (Abfahrtszeit wie &#8222;Rathaus&#8220;) zu Alte Linde und weiter wie gewohnt<\/span><\/li><li><span style=\"font-size: 12pt;\">in Richtung Bahnhof\/Igelsdorf: ab Alte Linde \u00fcber die Ersatzhaltestelle Neutorstr.\/Limbacher Str. (Abfahrtszeit wie &#8222;Spitalberg&#8220;) zu Bahnhof<\/span><\/li><li><span style=\"font-size: 12pt;\">Linie 662 in Richtung Katzwang: ab Bahnhof \u00fcber die Ersatzhaltestelle Staedlerstra\u00dfe (Abfahrtszeit wie &#8222;Neutorstra\u00dfe&#8220;) zu N\u00fcrnberger Stra\u00dfe und weiter wie gewohnt<\/span><\/li><li><span style=\"font-size: 12pt;\">in Gewerbepark West: ab N\u00fcrnberger Stra\u00dfe \u00fcber die Ersatzhaltestelle Limbacher Str.\/Neutorstr. (Abfahrtszeit wie &#8222;Neutorstra\u00dfe&#8220;) zu Bahnhof<\/span><\/li><li><span style=\"font-size: 12pt;\">Linie 663 in Richtung Unterreichenbach: f\u00e4hrt ab Bahnhof \u00fcber Parkbad, Stadtpark, Friedrich-Ebert-Stra\u00dfe zur Steinmarckstra\u00dfe und weiter wie gewohnt<\/span><\/li><li><span style=\"font-size: 12pt;\">Linie 664 in Richtung Obermainbach: ab Bahnhof \u00fcber Parkbad, Am Osang zu Forsthof und weiter wie gewohnt<\/span><\/li><li><span style=\"font-size: 12pt;\">in Richtung Limbach: ab Am Osang \u00fcber Parkbad zum Bahnhof und weiter wie gewohnt<\/span><\/li><\/ul><p><span style=\"font-size: 12pt;\">Betroffene Fahrg\u00e4ste werden gebeten, auch die Informationen in den Bussen und an den Haltestellen zu beachten. Informationen finden alle Betroffenen auch im Internet unter <a title=\"Link zur Seite www.schwabach-mobil.de\" href=\"https:\/\/www.schwabach-mobil.de\/\" target=\"_blank\" rel=\"noopener\">www.schwabach-mobil.de<\/a> sowie unter <a title=\"Link zur Seite www.vgn.de\/fahrplanaenderungen\/\" href=\"https:\/\/www.vgn.de\/fahrplanaenderungen\/\" target=\"_blank\" rel=\"noopener\">www.vgn.de\/fahrplanaenderungen\/<\/a>.<\/span><\/p><h3>Taxistand wird verlegt<\/h3><p><span style=\"font-size: 12pt;\">F\u00fcr die Dauer der Veranstaltung wird der Taxistand vom Martin-Luther-Platz in die Rathausgasse zwischen S\u00fcdliche Mauerstra\u00dfe und S\u00fcdliche Ringstra\u00dfe verlegt.<\/span><\/p><\/div><h3>Tiefgarage<\/h3><p><span style=\"font-size: 12pt;\">W\u00e4hrend des Faschingszuges ist die Zufahrt zur Tiefgarage nur \u00fcber die Rathausgasse m\u00f6glich. Auch f\u00fcr ausfahrende Fahrzeuge ist in der Zeit von ca. 13:30 Uhr bis ca. 17 Uhr mit Einschr\u00e4nkungen \/ Behinderungen zu rechnen.<\/span><\/p><h3>Weiterf\u00fchrende Links:<\/h3><p><span style=\"font-size: 12pt;\"><a href=\"https:\/\/www.schwabach-mobil.de\/news\/\" target=\"_blank\" rel=\"noopener\">Hier informiert\u00a0Schwabach-Mobil \u00fcber die Fahrplan\u00e4nderungen &#8230;<\/a><\/span><\/p><p>\u00a0<\/p>\t\t\t\t\t\t<\/div>\n\t\t\t\t<\/div>\n\t\t\t\t<div class=\"elementor-element elementor-element-21c3450 elementor-widget-divider--view-line elementor-widget elementor-widget-divider\" data-id=\"21c3450\" data-element_type=\"widget\" data-widget_type=\"divider.default\">\n\t\t\t\t<div class=\"elementor-widget-container\">\n\t\t\t\t\t<div class=\"elementor-divider\">\n\t\t\t<span class=\"elementor-divider-separator\">\n\t\t\t\t\t\t<\/span>\n\t\t<\/div>\n\t\t\t\t<\/div>\n\t\t\t\t<\/div>\n\t\t\t\t<div class=\"elementor-element elementor-element-f4c690c elementor-widget elementor-widget-google_maps\" data-id=\"f4c690c\" data-element_type=\"widget\" data-widget_type=\"google_maps.default\">\n\t\t\t\t<div class=\"elementor-widget-container\">\n\t\t\t\t\t<div class=\"elementor-custom-embed\">\n\t\t\t<iframe loading=\"lazy\"\n\t\t\t\t\tsrc=\"https:\/\/maps.google.com\/maps?q=K%C3%B6nigsplatz%201%2C%20Schwabach%2C%20Deutschland&#038;t=m&#038;z=17&#038;output=embed&#038;iwloc=near\"\n\t\t\t\t\ttitle=\"K\u00f6nigsplatz 1, Schwabach, Deutschland\"\n\t\t\t\t\taria-label=\"K\u00f6nigsplatz 1, Schwabach, Deutschland\"\n\t\t\t><\/iframe>\n\t\t<\/div>\n\t\t\t\t<\/div>\n\t\t\t\t<\/div>\n\t\t\t\t\t<\/div>\n\t\t<\/div>\n\t\t\t\t<div class=\"elementor-column elementor-col-50 elementor-top-column elementor-element elementor-element-3728c60\" data-id=\"3728c60\" data-element_type=\"column\">\n\t\t\t<div class=\"elementor-widget-wrap elementor-element-populated\">\n\t\t\t\t\t\t<div class=\"elementor-element elementor-element-a61f7a8 elementor-widget elementor-widget-heading\" data-id=\"a61f7a8\" data-element_type=\"widget\" data-widget_type=\"heading.default\">\n\t\t\t\t<div class=\"elementor-widget-container\">\n\t\t\t<h3 class=\"elementor-heading-title elementor-size-default\">Schnell vergleichen und sparen!<\/h3>\t\t<\/div>\n\t\t\t\t<\/div>\n\t\t\t\t<div class=\"elementor-element elementor-element-4612fda elementor-widget elementor-widget-wp-widget-advads_ad_widget\" data-id=\"4612fda\" data-element_type=\"widget\" data-widget_type=\"wp-widget-advads_ad_widget.default\">\n\t\t\t\t<div class=\"elementor-widget-container\">\n\t\t\t<div id=\"regio-3837510321\"><div class=\"regio-adlabel\">Werbung<\/div><!-- Beginn https:\/\/www.financeads.net\/-Code --><a href=\"https:\/\/www.financeads.net\/tc.php?t=36648C236142529B\" target=\"_blank\"><img decoding=\"async\" src=\"https:\/\/www.financeads.net\/tb.php?t=36648V236142529B&https=1\" alt=\"\" border=\"0\" width=\"300\" height=\"250\"><\/a><!-- Ende https:\/\/www.financeads.net\/-Code --><\/div>\t\t<\/div>\n\t\t\t\t<\/div>\n\t\t\t\t<div class=\"elementor-element elementor-element-c25b724 elementor-widget elementor-widget-wp-widget-advads_ad_widget\" data-id=\"c25b724\" data-element_type=\"widget\" data-widget_type=\"wp-widget-advads_ad_widget.default\">\n\t\t\t\t<div class=\"elementor-widget-container\">\n\t\t\t<div id=\"regio-2061518547\"><div class=\"regio-adlabel\">Werbung<\/div><!-- Beginn https:\/\/www.financeads.net\/-Code --><a href=\"https:\/\/www.financeads.net\/tc.php?t=36648C42614510B\" target=\"_blank\"><img decoding=\"async\" src=\"https:\/\/www.financeads.net\/tb.php?t=36648V42614510B&https=1\" alt=\"\" border=\"0\" width=\"200\" height=\"300\"><\/a><!-- Ende https:\/\/www.financeads.net\/-Code --><\/div>\t\t<\/div>\n\t\t\t\t<\/div>\n\t\t\t\t<div class=\"elementor-element elementor-element-d3b71dc elementor-widget elementor-widget-wp-widget-advads_ad_widget\" data-id=\"d3b71dc\" data-element_type=\"widget\" data-widget_type=\"wp-widget-advads_ad_widget.default\">\n\t\t\t\t<div class=\"elementor-widget-container\">\n\t\t\t<div id=\"regio-2001769059\"><div class=\"regio-adlabel\">Werbung<\/div><!-- Beginn https:\/\/www.financeads.net\/-Code --><a href=\"https:\/\/www.financeads.net\/tc.php?t=36648C205040072B\" target=\"_blank\"><img loading=\"lazy\" decoding=\"async\" src=\"https:\/\/www.financeads.net\/tb.php?t=36648V205040072B&https=1\" alt=\"\" border=\"0\" width=\"300\" height=\"250\"><\/a><!-- Ende https:\/\/www.financeads.net\/-Code --><\/div>\t\t<\/div>\n\t\t\t\t<\/div>\n\t\t\t\t<div class=\"elementor-element elementor-element-e7bed1f elementor-widget elementor-widget-wp-widget-advads_ad_widget\" data-id=\"e7bed1f\" data-element_type=\"widget\" data-widget_type=\"wp-widget-advads_ad_widget.default\">\n\t\t\t\t<div class=\"elementor-widget-container\">\n\t\t\t<div id=\"regio-3869518077\"><div class=\"regio-adlabel\">Werbung<\/div><!-- Beginn https:\/\/www.financeads.net\/-Code --><a href=\"https:\/\/www.financeads.net\/tc.php?t=36648C271460142B\" target=\"_blank\"><img loading=\"lazy\" decoding=\"async\" src=\"https:\/\/www.financeads.net\/tb.php?t=36648V271460142B&https=1\" alt=\"PETPROTECT_Hund&Katze_Banner\" border=\"0\" width=\"250\" height=\"250\"><\/a><!-- Ende https:\/\/www.financeads.net\/-Code --><\/div>\t\t<\/div>\n\t\t\t\t<\/div>\n\t\t\t\t\t<\/div>\n\t\t<\/div>\n\t\t\t\t\t<\/div>\n\t\t<\/section>\n\t\t\t\t<\/div>\n\t\t","protected":false},"excerpt":{"rendered":"<div class=\"mh-excerpt\"><p>Am Dienstag, den 5. M\u00e4rz 2019 ist wieder der Faschingszug in Schwabach unterwegs Schwabach &#8211; Wegen des \u201eSchwabacher Faschingszuges\u201c werden am Faschingsdienstag, den 05.03.2019, einige Stra\u00dfen in Schwabach n der Zeit zwischen 12.30 Uhr und <a class=\"mh-excerpt-more\" href=\"https:\/\/www.region-schwabach.de\/wordpress\/strassensperrungen-wegen-faschingszug-in-schwabach\/\" title=\"Stra\u00dfensperrungen wegen \u201eFaschingszug\u201c in Schwabach\">[&#8230;]<\/a><\/p>\n<\/div>","protected":false},"author":1,"featured_media":82221,"comment_status":"open","ping_status":"open","sticky":false,"template":"","format":"standard","meta":{"_cbd_carousel_blocks":"[]","footnotes":""},"categories":[16,61,14],"tags":[8177,941,398,2676,1307,2556,2675,2677,388,522,2679,2029,2028,523,8354,593,1480,67,19,3151,2136,8356,66,8357,544,2678,1625],"class_list":{"0":"post-82220","1":"post","2":"type-post","3":"status-publish","4":"format-standard","5":"has-post-thumbnail","7":"category-aktuell","8":"category-rathaus","9":"category-verkehrsinfos","10":"tag-05-03-2019","11":"tag-angerstrasse","12":"tag-bahnhofstrasse","13":"tag-birkenstrasse","14":"tag-eisentrautstrasse","15":"tag-faschingsdienstag","16":"tag-faschingsumzug","17":"tag-hindenburgstrasse","18":"tag-innenstadt","19":"tag-koenigsplatz","20":"tag-koenigstrasse","21":"tag-ludwigstrasse","22":"tag-markgrafensaal","23":"tag-martin-luther-platz","24":"tag-mehrere-sperrungen","25":"tag-parkplatz","26":"tag-rathaus","27":"tag-rathausgasse","28":"tag-schwabach","29":"tag-stadt-schwabach","30":"tag-stadtparkstrasse","31":"tag-stadtverkehr","32":"tag-suedliche-ringstrasse","33":"tag-taxistand","34":"tag-walpersdorfer-strasse","35":"tag-wittelsbacherstrasse","36":"tag-zoellnertorstrasse"},"_links":{"self":[{"href":"https:\/\/www.region-schwabach.de\/wordpress\/wp-json\/wp\/v2\/posts\/82220","targetHints":{"allow":["GET"]}}],"collection":[{"href":"https:\/\/www.region-schwabach.de\/wordpress\/wp-json\/wp\/v2\/posts"}],"about":[{"href":"https:\/\/www.region-schwabach.de\/wordpress\/wp-json\/wp\/v2\/types\/post"}],"author":[{"embeddable":true,"href":"https:\/\/www.region-schwabach.de\/wordpress\/wp-json\/wp\/v2\/users\/1"}],"replies":[{"embeddable":true,"href":"https:\/\/www.region-schwabach.de\/wordpress\/wp-json\/wp\/v2\/comments?post=82220"}],"version-history":[{"count":0,"href":"https:\/\/www.region-schwabach.de\/wordpress\/wp-json\/wp\/v2\/posts\/82220\/revisions"}],"wp:featuredmedia":[{"embeddable":true,"href":"https:\/\/www.region-schwabach.de\/wordpress\/wp-json\/wp\/v2\/media\/82221"}],"wp:attachment":[{"href":"https:\/\/www.region-schwabach.de\/wordpress\/wp-json\/wp\/v2\/media?parent=82220"}],"wp:term":[{"taxonomy":"category","embeddable":true,"href":"https:\/\/www.region-schwabach.de\/wordpress\/wp-json\/wp\/v2\/categories?post=82220"},{"taxonomy":"post_tag","embeddable":true,"href":"https:\/\/www.region-schwabach.de\/wordpress\/wp-json\/wp\/v2\/tags?post=82220"}],"curies":[{"name":"wp","href":"https:\/\/api.w.org\/{rel}","templated":true}]}}