{"id":82720,"date":"2019-04-02T16:38:46","date_gmt":"2019-04-02T14:38:46","guid":{"rendered":"http:\/\/www.region-schwabach.de\/wordpress\/?p=82720"},"modified":"2019-04-04T22:23:29","modified_gmt":"2019-04-04T20:23:29","slug":"sperrung-der-auffahrten-auf-die-a6-in-der-rother-strasse-ab-6-marz-2019","status":"publish","type":"post","link":"https:\/\/www.region-schwabach.de\/wordpress\/sperrung-der-auffahrten-auf-die-a6-in-der-rother-strasse-ab-6-marz-2019\/","title":{"rendered":"Sperrung der Auffahrten auf die A6 in der Rother Stra\u00dfe ab 6. M\u00e4rz 2019"},"content":{"rendered":"\t\t<div data-elementor-type=\"wp-post\" data-elementor-id=\"82720\" class=\"elementor elementor-82720 elementor-bc-flex-widget\">\n\t\t\t\t\t\t<section class=\"elementor-section elementor-top-section elementor-element elementor-element-1dzeyuh elementor-section-boxed elementor-section-height-default elementor-section-height-default\" data-id=\"1dzeyuh\" data-element_type=\"section\">\n\t\t\t\t\t\t<div class=\"elementor-container elementor-column-gap-default\">\n\t\t\t\t\t<div class=\"elementor-column elementor-col-50 elementor-top-column elementor-element elementor-element-aam59ft\" data-id=\"aam59ft\" data-element_type=\"column\">\n\t\t\t<div class=\"elementor-widget-wrap elementor-element-populated\">\n\t\t\t\t\t\t<div class=\"elementor-element elementor-element-1821d0c elementor-widget elementor-widget-wp-widget-advads_ad_widget\" data-id=\"1821d0c\" data-element_type=\"widget\" data-widget_type=\"wp-widget-advads_ad_widget.default\">\n\t\t\t\t<div class=\"elementor-widget-container\">\n\t\t\t<div id=\"regio-2330939540\"><div class=\"regio-adlabel\">Werbung<\/div><!-- Beginn https:\/\/www.financeads.net\/-Code --><a href=\"https:\/\/www.financeads.net\/tc.php?t=36648C19118058B\" target=\"_blank\"><img fetchpriority=\"high\" decoding=\"async\" src=\"https:\/\/www.financeads.net\/tb.php?t=36648V19118058B&https=1\" alt=\"\" border=\"0\" width=\"728\" height=\"90\"><\/a><!-- Ende https:\/\/www.financeads.net\/-Code --><\/div>\t\t<\/div>\n\t\t\t\t<\/div>\n\t\t\t\t<div class=\"elementor-element elementor-element-k9p1oyc elementor-widget elementor-widget-text-editor\" data-id=\"k9p1oyc\" data-element_type=\"widget\" data-widget_type=\"text-editor.default\">\n\t\t\t\t<div class=\"elementor-widget-container\">\n\t\t\t\t\t\t\t<h3>Anschlussstelle Schwabach-S\u00fcd, Rother Stra\u00dfe<br \/>Stadtausw\u00e4rts Sperrung der Auffahrten auf A6<\/h3><p><span style=\"font-size: 12pt;\">Schwabach &#8211; In der Rother Stra\u00dfe werden stadtausw\u00e4rts die Auffahrten auf die A6 in Richtung N\u00fcrnberg und Heilbronn aufgrund Umbaus die Anschlussstellen Schwabach-S\u00fcd vom 6. M\u00e4rz bis voraussichtlich 15. Mai gesperrt.<\/span><\/p><p><span style=\"font-size: 12pt;\">Die Umleitung erfolgt \u00fcber die U1 (Berliner Stra\u00dfe, Penzendorfer Hauptstra\u00dfe, <\/span><span style=\"font-size: 12pt;\">B2) zur Anschlussstelle \u201eRoth\u201c.<\/span><\/p><p><span style=\"font-size: 12pt;\">F\u00fcr die Dauer der Sperrung ist auch der Geh- und Radweg entlang der Rother<\/span><br \/><span style=\"font-size: 12pt;\">Stra\u00dfe im Br\u00fcckenbereich gesperrt.<\/span><\/p>\t\t\t\t\t\t<\/div>\n\t\t\t\t<\/div>\n\t\t\t\t<div class=\"elementor-element elementor-element-982dd46 elementor-widget-divider--view-line elementor-widget elementor-widget-divider\" data-id=\"982dd46\" data-element_type=\"widget\" data-widget_type=\"divider.default\">\n\t\t\t\t<div class=\"elementor-widget-container\">\n\t\t\t\t\t<div class=\"elementor-divider\">\n\t\t\t<span class=\"elementor-divider-separator\">\n\t\t\t\t\t\t<\/span>\n\t\t<\/div>\n\t\t\t\t<\/div>\n\t\t\t\t<\/div>\n\t\t\t\t<div class=\"elementor-element elementor-element-rf47wqh elementor-widget elementor-widget-google_maps\" data-id=\"rf47wqh\" data-element_type=\"widget\" data-widget_type=\"google_maps.default\">\n\t\t\t\t<div class=\"elementor-widget-container\">\n\t\t\t\t\t<div class=\"elementor-custom-embed\">\n\t\t\t<iframe loading=\"lazy\"\n\t\t\t\t\tsrc=\"https:\/\/maps.google.com\/maps?q=49.320961%2C%2011.044444&#038;t=m&#038;z=15&#038;output=embed&#038;iwloc=near\"\n\t\t\t\t\ttitle=\"49.320961, 11.044444\"\n\t\t\t\t\taria-label=\"49.320961, 11.044444\"\n\t\t\t><\/iframe>\n\t\t<\/div>\n\t\t\t\t<\/div>\n\t\t\t\t<\/div>\n\t\t\t\t\t<\/div>\n\t\t<\/div>\n\t\t\t\t<div class=\"elementor-column elementor-col-50 elementor-top-column elementor-element elementor-element-a7eb279\" data-id=\"a7eb279\" data-element_type=\"column\">\n\t\t\t<div class=\"elementor-widget-wrap elementor-element-populated\">\n\t\t\t\t\t\t<div class=\"elementor-element elementor-element-dc7b561 elementor-widget elementor-widget-heading\" data-id=\"dc7b561\" data-element_type=\"widget\" data-widget_type=\"heading.default\">\n\t\t\t\t<div class=\"elementor-widget-container\">\n\t\t\t<h3 class=\"elementor-heading-title elementor-size-default\">Schnell vergleichen und sparen!<\/h3>\t\t<\/div>\n\t\t\t\t<\/div>\n\t\t\t\t<div class=\"elementor-element elementor-element-533a625 elementor-widget elementor-widget-wp-widget-advads_ad_widget\" data-id=\"533a625\" data-element_type=\"widget\" data-widget_type=\"wp-widget-advads_ad_widget.default\">\n\t\t\t\t<div class=\"elementor-widget-container\">\n\t\t\t<div id=\"regio-164138550\"><div class=\"regio-adlabel\">Werbung<\/div><!-- Beginn https:\/\/www.financeads.net\/-Code --><a href=\"https:\/\/www.financeads.net\/tc.php?t=36648C236142529B\" target=\"_blank\"><img decoding=\"async\" src=\"https:\/\/www.financeads.net\/tb.php?t=36648V236142529B&https=1\" alt=\"\" border=\"0\" width=\"300\" height=\"250\"><\/a><!-- Ende https:\/\/www.financeads.net\/-Code --><\/div>\t\t<\/div>\n\t\t\t\t<\/div>\n\t\t\t\t<div class=\"elementor-element elementor-element-6e7ee3c elementor-widget elementor-widget-wp-widget-advads_ad_widget\" data-id=\"6e7ee3c\" data-element_type=\"widget\" data-widget_type=\"wp-widget-advads_ad_widget.default\">\n\t\t\t\t<div class=\"elementor-widget-container\">\n\t\t\t<div id=\"regio-1899729902\"><div class=\"regio-adlabel\">Werbung<\/div><!-- Beginn https:\/\/www.financeads.net\/-Code --><a href=\"https:\/\/www.financeads.net\/tc.php?t=36648C42614510B\" target=\"_blank\"><img decoding=\"async\" src=\"https:\/\/www.financeads.net\/tb.php?t=36648V42614510B&https=1\" alt=\"\" border=\"0\" width=\"200\" height=\"300\"><\/a><!-- Ende https:\/\/www.financeads.net\/-Code --><\/div>\t\t<\/div>\n\t\t\t\t<\/div>\n\t\t\t\t<div class=\"elementor-element elementor-element-6f0ee5e elementor-widget elementor-widget-wp-widget-advads_ad_widget\" data-id=\"6f0ee5e\" data-element_type=\"widget\" data-widget_type=\"wp-widget-advads_ad_widget.default\">\n\t\t\t\t<div class=\"elementor-widget-container\">\n\t\t\t<div id=\"regio-3619045440\"><div class=\"regio-adlabel\">Werbung<\/div><!-- Beginn https:\/\/www.financeads.net\/-Code --><a href=\"https:\/\/www.financeads.net\/tc.php?t=36648C205040072B\" target=\"_blank\"><img loading=\"lazy\" decoding=\"async\" src=\"https:\/\/www.financeads.net\/tb.php?t=36648V205040072B&https=1\" alt=\"\" border=\"0\" width=\"300\" height=\"250\"><\/a><!-- Ende https:\/\/www.financeads.net\/-Code --><\/div>\t\t<\/div>\n\t\t\t\t<\/div>\n\t\t\t\t<div class=\"elementor-element elementor-element-187cd45 elementor-widget elementor-widget-wp-widget-advads_ad_widget\" data-id=\"187cd45\" data-element_type=\"widget\" data-widget_type=\"wp-widget-advads_ad_widget.default\">\n\t\t\t\t<div class=\"elementor-widget-container\">\n\t\t\t<div id=\"regio-2207637657\"><div class=\"regio-adlabel\">Werbung<\/div><!-- Beginn https:\/\/www.financeads.net\/-Code --><a href=\"https:\/\/www.financeads.net\/tc.php?t=36648C271460142B\" target=\"_blank\"><img loading=\"lazy\" decoding=\"async\" src=\"https:\/\/www.financeads.net\/tb.php?t=36648V271460142B&https=1\" alt=\"PETPROTECT_Hund&Katze_Banner\" border=\"0\" width=\"250\" height=\"250\"><\/a><!-- Ende https:\/\/www.financeads.net\/-Code --><\/div>\t\t<\/div>\n\t\t\t\t<\/div>\n\t\t\t\t\t<\/div>\n\t\t<\/div>\n\t\t\t\t\t<\/div>\n\t\t<\/section>\n\t\t\t\t<\/div>\n\t\t","protected":false},"excerpt":{"rendered":"<div class=\"mh-excerpt\"><p>Anschlussstelle Schwabach-S\u00fcd, Rother Stra\u00dfeStadtausw\u00e4rts Sperrung der Auffahrten auf A6 Schwabach &#8211; In der Rother Stra\u00dfe werden stadtausw\u00e4rts die Auffahrten auf die A6 in Richtung N\u00fcrnberg und Heilbronn aufgrund Umbaus die Anschlussstellen Schwabach-S\u00fcd vom 6. M\u00e4rz <a class=\"mh-excerpt-more\" href=\"https:\/\/www.region-schwabach.de\/wordpress\/sperrung-der-auffahrten-auf-die-a6-in-der-rother-strasse-ab-6-marz-2019\/\" title=\"Sperrung der Auffahrten auf die A6 in der Rother Stra\u00dfe ab 6. M\u00e4rz 2019\">[&#8230;]<\/a><\/p>\n<\/div>","protected":false},"author":1,"featured_media":61080,"comment_status":"open","ping_status":"open","sticky":false,"template":"template-full.php","format":"standard","meta":{"_cbd_carousel_blocks":"[]","footnotes":""},"categories":[16,14],"tags":[8450,8775,8804,8740,8776,8637,8821,8783,8777,8807,8553,8554,8638,8822,8784,8823,8785,8824,8825,8786,8826,8827,8778,8811,8779,8787,8828,8780,8764,1457,4982,3906,429,1033,58,7479,35,425,170,19,276],"class_list":{"0":"post-82720","1":"post","2":"type-post","3":"status-publish","4":"format-standard","5":"has-post-thumbnail","7":"category-aktuell","8":"category-verkehrsinfos","9":"tag-03-04-2019","10":"tag-04-04-2019","11":"tag-05-04-2019","12":"tag-06-04-2019","13":"tag-07-04-2019","14":"tag-08-04-2019","15":"tag-09-04-2019","16":"tag-10-04-2019","17":"tag-11-04-2019","18":"tag-12-04-2019","19":"tag-13-04-2019","20":"tag-14-04-2019","21":"tag-15-04-2019","22":"tag-16-04-2019","23":"tag-17-04-2019","24":"tag-18-04-2019","25":"tag-19-04-2019","26":"tag-20-04-2019","27":"tag-21-04-2019","28":"tag-22-04-2019","29":"tag-23-04-2019","30":"tag-24-04-2019","31":"tag-25-04-2019","32":"tag-26-04-2019","33":"tag-27-04-2019","34":"tag-28-04-2019","35":"tag-29-04-2019","36":"tag-30-04-2019","37":"tag-6-maerz-bis-15-mai-2019","38":"tag-anschlussstelle-schwabach-sued","39":"tag-ausbau-a6","40":"tag-autobahn-a6","41":"tag-b2","42":"tag-berliner-strasse","43":"tag-geh-und-radweg","44":"tag-heilbronn","45":"tag-nuernberg","46":"tag-penzendorfer-hauptstrasse","47":"tag-rother-strasse","48":"tag-schwabach","49":"tag-sperrung"},"_links":{"self":[{"href":"https:\/\/www.region-schwabach.de\/wordpress\/wp-json\/wp\/v2\/posts\/82720","targetHints":{"allow":["GET"]}}],"collection":[{"href":"https:\/\/www.region-schwabach.de\/wordpress\/wp-json\/wp\/v2\/posts"}],"about":[{"href":"https:\/\/www.region-schwabach.de\/wordpress\/wp-json\/wp\/v2\/types\/post"}],"author":[{"embeddable":true,"href":"https:\/\/www.region-schwabach.de\/wordpress\/wp-json\/wp\/v2\/users\/1"}],"replies":[{"embeddable":true,"href":"https:\/\/www.region-schwabach.de\/wordpress\/wp-json\/wp\/v2\/comments?post=82720"}],"version-history":[{"count":0,"href":"https:\/\/www.region-schwabach.de\/wordpress\/wp-json\/wp\/v2\/posts\/82720\/revisions"}],"wp:featuredmedia":[{"embeddable":true,"href":"https:\/\/www.region-schwabach.de\/wordpress\/wp-json\/wp\/v2\/media\/61080"}],"wp:attachment":[{"href":"https:\/\/www.region-schwabach.de\/wordpress\/wp-json\/wp\/v2\/media?parent=82720"}],"wp:term":[{"taxonomy":"category","embeddable":true,"href":"https:\/\/www.region-schwabach.de\/wordpress\/wp-json\/wp\/v2\/categories?post=82720"},{"taxonomy":"post_tag","embeddable":true,"href":"https:\/\/www.region-schwabach.de\/wordpress\/wp-json\/wp\/v2\/tags?post=82720"}],"curies":[{"name":"wp","href":"https:\/\/api.w.org\/{rel}","templated":true}]}}