{"id":82738,"date":"2019-03-05T00:01:22","date_gmt":"2019-03-04T23:01:22","guid":{"rendered":"http:\/\/www.region-schwabach.de\/wordpress\/?p=82738"},"modified":"2019-03-04T23:56:52","modified_gmt":"2019-03-04T22:56:52","slug":"polizeibilanz-rund-um-den-allersberger-faschingszug","status":"publish","type":"post","link":"https:\/\/www.region-schwabach.de\/wordpress\/polizeibilanz-rund-um-den-allersberger-faschingszug\/","title":{"rendered":"Polizeibilanz rund um den Allersberger Faschingszug"},"content":{"rendered":"\t\t<div data-elementor-type=\"wp-post\" data-elementor-id=\"82738\" class=\"elementor elementor-82738 elementor-bc-flex-widget\">\n\t\t\t\t\t\t<section class=\"elementor-section elementor-top-section elementor-element elementor-element-1cuv9jr elementor-section-boxed elementor-section-height-default elementor-section-height-default\" data-id=\"1cuv9jr\" data-element_type=\"section\">\n\t\t\t\t\t\t<div class=\"elementor-container elementor-column-gap-default\">\n\t\t\t\t\t<div class=\"elementor-column elementor-col-50 elementor-top-column elementor-element elementor-element-q5zak7b\" data-id=\"q5zak7b\" data-element_type=\"column\">\n\t\t\t<div class=\"elementor-widget-wrap elementor-element-populated\">\n\t\t\t\t\t\t<div class=\"elementor-element elementor-element-f3e1a8e elementor-widget elementor-widget-wp-widget-advads_ad_widget\" data-id=\"f3e1a8e\" data-element_type=\"widget\" data-widget_type=\"wp-widget-advads_ad_widget.default\">\n\t\t\t\t<div class=\"elementor-widget-container\">\n\t\t\t<div id=\"regio-2716874420\"><div class=\"regio-adlabel\">Werbung<\/div><!-- Beginn https:\/\/www.financeads.net\/-Code --><a href=\"https:\/\/www.financeads.net\/tc.php?t=36648C19118058B\" target=\"_blank\"><img fetchpriority=\"high\" decoding=\"async\" src=\"https:\/\/www.financeads.net\/tb.php?t=36648V19118058B&https=1\" alt=\"\" border=\"0\" width=\"728\" height=\"90\"><\/a><!-- Ende https:\/\/www.financeads.net\/-Code --><\/div>\t\t<\/div>\n\t\t\t\t<\/div>\n\t\t\t\t<div class=\"elementor-element elementor-element-a4daeae elementor-widget elementor-widget-text-editor\" data-id=\"a4daeae\" data-element_type=\"widget\" data-widget_type=\"text-editor.default\">\n\t\t\t\t<div class=\"elementor-widget-container\">\n\t\t\t\t\t\t\t<h3>Bilanz zum Faschingszug in Allersberg<\/h3><p><span style=\"font-size: 12pt;\">Allersberg \u2013 Nur ein paar kleinere Eins\u00e4tze hatte die Polizei in Allersberg am Sonntag, den 03.03.2019, im Zusammenhang mit dem Faschingszug zu verzeichnen.<\/span><\/p><h3>Auseinandersetzung in der Freyst\u00e4dter Stra\u00dfe<\/h3><p><span style=\"font-size: 12pt;\">Am sp\u00e4ten Nachmittag gerieten in der Freyst\u00e4dter Stra\u00dfe ein 26-j\u00e4hriger PKW-Fahrer und eine Personengruppe zun\u00e4chst verbal aneinander, bevor der Streit eskalierte, und der Fahrer daraufhin einen ebenfalls 26 J\u00e4hrigen aus der Gruppe mit der Faust ins Gesicht schlug, und ihn anschlie\u00dfend noch mit dem Fu\u00df trat. Die Hintergr\u00fcnde des Streits sind noch Gegenstand der Ermittlungen.<\/span><\/p><h3>Bel\u00e4stigungen am Festplatz<\/h3><p><span style=\"font-size: 12pt;\">Am Festplatz wurde ein junger Mann auff\u00e4llig, der immer wieder Frauen bel\u00e4stigte, bevor er von einer Streife aufgegriffen werden konnte. Nach Ahfnahme der Personalien, einer entsprechenden Belehrung, und einem Platzverweis wurde der Betrunkene dann wieder entlassen.<\/span><\/p><h3>Alkoholisierter Jugendlicher am Busbahnhof sucht Streit\u00a0<\/h3><p><span style=\"font-size: 12pt;\">Am Busbahnhof suchte ein alkoholisierter 18 J\u00e4hriger aus N\u00fcrnberg immer wieder Streit, weshalb er schlie\u00dflich mit einem Platzverweis belegt wurde. Da er diesen aber ignorierte, und weiterhin Streit suchte, wurde er von der Polizei in Gewahrsam genommen, und zur Polizeiwache nach Hilpoltstein gebracht, wo er von seinem Vater dann abgeholt wurde.<\/span><\/p><h3>Diebstahl in der Giliardistra\u00dfe<\/h3><p><span style=\"font-size: 12pt;\">In der Giliardistra\u00dfe wurde einem Gast am Nachmittag die Geldb\u00f6rse entwendet, nachdem er diese kurz auf dem Tresen abgelegt hatte, um ein Foto zu machen. Diese kurze Unachtsamkeit nutzte ein Unbekannter, um die B\u00f6rse zu nehmen, und sich damit aus dem Staub zu machen.<\/span><\/p><h3>\u00c4rger in Gastst\u00e4tte in der Bahnhofstra\u00dfe<\/h3><p><span style=\"font-size: 12pt;\">In der Bahnhofstra\u00dfe schlie\u00dflich wurde ein Gast einer Gastst\u00e4tte ausf\u00e4llig, weshalb ihn der Wirt aus der Gastst\u00e4tte verwies, was der Mann jedoch ignorierte, bis ihn dann eine herbeigerufene Polizeistreife &#8211; nach Aufnahme der Personalien &#8211; aus der Gastst\u00e4tte begleitete.<\/span><\/p>\t\t\t\t\t\t<\/div>\n\t\t\t\t<\/div>\n\t\t\t\t<div class=\"elementor-element elementor-element-ace1283 elementor-widget-divider--view-line elementor-widget elementor-widget-divider\" data-id=\"ace1283\" data-element_type=\"widget\" data-widget_type=\"divider.default\">\n\t\t\t\t<div class=\"elementor-widget-container\">\n\t\t\t\t\t<div class=\"elementor-divider\">\n\t\t\t<span class=\"elementor-divider-separator\">\n\t\t\t\t\t\t<\/span>\n\t\t<\/div>\n\t\t\t\t<\/div>\n\t\t\t\t<\/div>\n\t\t\t\t<div class=\"elementor-element elementor-element-1l7zbzo elementor-widget elementor-widget-google_maps\" data-id=\"1l7zbzo\" data-element_type=\"widget\" data-widget_type=\"google_maps.default\">\n\t\t\t\t<div class=\"elementor-widget-container\">\n\t\t\t\t\t<div class=\"elementor-custom-embed\">\n\t\t\t<iframe loading=\"lazy\"\n\t\t\t\t\tsrc=\"https:\/\/maps.google.com\/maps?q=Allersberg%2C%20Deutschland&#038;t=m&#038;z=15&#038;output=embed&#038;iwloc=near\"\n\t\t\t\t\ttitle=\"Allersberg, Deutschland\"\n\t\t\t\t\taria-label=\"Allersberg, Deutschland\"\n\t\t\t><\/iframe>\n\t\t<\/div>\n\t\t\t\t<\/div>\n\t\t\t\t<\/div>\n\t\t\t\t\t<\/div>\n\t\t<\/div>\n\t\t\t\t<div class=\"elementor-column elementor-col-50 elementor-top-column elementor-element elementor-element-bca16a1\" data-id=\"bca16a1\" data-element_type=\"column\">\n\t\t\t<div class=\"elementor-widget-wrap elementor-element-populated\">\n\t\t\t\t\t\t<div class=\"elementor-element elementor-element-d99c01b elementor-widget elementor-widget-heading\" data-id=\"d99c01b\" data-element_type=\"widget\" data-widget_type=\"heading.default\">\n\t\t\t\t<div class=\"elementor-widget-container\">\n\t\t\t<h3 class=\"elementor-heading-title elementor-size-default\">Schnell vergleichen und sparen!<\/h3>\t\t<\/div>\n\t\t\t\t<\/div>\n\t\t\t\t<div class=\"elementor-element elementor-element-f8fcb73 elementor-widget elementor-widget-wp-widget-advads_ad_widget\" data-id=\"f8fcb73\" data-element_type=\"widget\" data-widget_type=\"wp-widget-advads_ad_widget.default\">\n\t\t\t\t<div class=\"elementor-widget-container\">\n\t\t\t<div id=\"regio-1075987698\"><div class=\"regio-adlabel\">Werbung<\/div><!-- Beginn https:\/\/www.financeads.net\/-Code --><a href=\"https:\/\/www.financeads.net\/tc.php?t=36648C236142529B\" target=\"_blank\"><img decoding=\"async\" src=\"https:\/\/www.financeads.net\/tb.php?t=36648V236142529B&https=1\" alt=\"\" border=\"0\" width=\"300\" height=\"250\"><\/a><!-- Ende https:\/\/www.financeads.net\/-Code --><\/div>\t\t<\/div>\n\t\t\t\t<\/div>\n\t\t\t\t<div class=\"elementor-element elementor-element-76d498a elementor-widget elementor-widget-wp-widget-advads_ad_widget\" data-id=\"76d498a\" data-element_type=\"widget\" data-widget_type=\"wp-widget-advads_ad_widget.default\">\n\t\t\t\t<div class=\"elementor-widget-container\">\n\t\t\t<div id=\"regio-2355387066\"><div class=\"regio-adlabel\">Werbung<\/div><!-- Beginn https:\/\/www.financeads.net\/-Code --><a href=\"https:\/\/www.financeads.net\/tc.php?t=36648C42614510B\" target=\"_blank\"><img decoding=\"async\" src=\"https:\/\/www.financeads.net\/tb.php?t=36648V42614510B&https=1\" alt=\"\" border=\"0\" width=\"200\" height=\"300\"><\/a><!-- Ende https:\/\/www.financeads.net\/-Code --><\/div>\t\t<\/div>\n\t\t\t\t<\/div>\n\t\t\t\t<div class=\"elementor-element elementor-element-22c1304 elementor-widget elementor-widget-wp-widget-advads_ad_widget\" data-id=\"22c1304\" data-element_type=\"widget\" data-widget_type=\"wp-widget-advads_ad_widget.default\">\n\t\t\t\t<div class=\"elementor-widget-container\">\n\t\t\t<div id=\"regio-3947137494\"><div class=\"regio-adlabel\">Werbung<\/div><!-- Beginn https:\/\/www.financeads.net\/-Code --><a href=\"https:\/\/www.financeads.net\/tc.php?t=36648C205040072B\" target=\"_blank\"><img loading=\"lazy\" decoding=\"async\" src=\"https:\/\/www.financeads.net\/tb.php?t=36648V205040072B&https=1\" alt=\"\" border=\"0\" width=\"300\" height=\"250\"><\/a><!-- Ende https:\/\/www.financeads.net\/-Code --><\/div>\t\t<\/div>\n\t\t\t\t<\/div>\n\t\t\t\t<div class=\"elementor-element elementor-element-a79da85 elementor-widget elementor-widget-wp-widget-advads_ad_widget\" data-id=\"a79da85\" data-element_type=\"widget\" data-widget_type=\"wp-widget-advads_ad_widget.default\">\n\t\t\t\t<div class=\"elementor-widget-container\">\n\t\t\t<div id=\"regio-3248299639\"><div class=\"regio-adlabel\">Werbung<\/div><!-- Beginn https:\/\/www.financeads.net\/-Code --><a href=\"https:\/\/www.financeads.net\/tc.php?t=36648C271460142B\" target=\"_blank\"><img loading=\"lazy\" decoding=\"async\" src=\"https:\/\/www.financeads.net\/tb.php?t=36648V271460142B&https=1\" alt=\"PETPROTECT_Hund&Katze_Banner\" border=\"0\" width=\"250\" height=\"250\"><\/a><!-- Ende https:\/\/www.financeads.net\/-Code --><\/div>\t\t<\/div>\n\t\t\t\t<\/div>\n\t\t\t\t\t<\/div>\n\t\t<\/div>\n\t\t\t\t\t<\/div>\n\t\t<\/section>\n\t\t\t\t<\/div>\n\t\t","protected":false},"excerpt":{"rendered":"<div class=\"mh-excerpt\"><p>Bilanz zum Faschingszug in Allersberg Allersberg \u2013 Nur ein paar kleinere Eins\u00e4tze hatte die Polizei in Allersberg am Sonntag, den 03.03.2019, im Zusammenhang mit dem Faschingszug zu verzeichnen. Auseinandersetzung in der Freyst\u00e4dter Stra\u00dfe Am sp\u00e4ten <a class=\"mh-excerpt-more\" href=\"https:\/\/www.region-schwabach.de\/wordpress\/polizeibilanz-rund-um-den-allersberger-faschingszug\/\" title=\"Polizeibilanz rund um den Allersberger Faschingszug\">[&#8230;]<\/a><\/p>\n<\/div>","protected":false},"author":1,"featured_media":82739,"comment_status":"open","ping_status":"open","sticky":false,"template":"","format":"standard","meta":{"_cbd_carousel_blocks":"[]","footnotes":""},"categories":[15],"tags":[8175,470,556,398,1916,725,945,30,2703,3930,1582,399,957,5064,6942,297,515,463,3167,981,7481,1919,646],"class_list":{"0":"post-82738","1":"post","2":"type-post","3":"status-publish","4":"format-standard","5":"has-post-thumbnail","7":"category-polizeimeldungen","8":"tag-03-03-2019","9":"tag-alkohol","10":"tag-allersberg","11":"tag-bahnhofstrasse","12":"tag-bar","13":"tag-belaestigung","14":"tag-beleidigung","15":"tag-diebstahl","16":"tag-faschingszug","17":"tag-festplatz","18":"tag-freystaedter-strasse","19":"tag-gaststaette","20":"tag-geldboerse","21":"tag-gewahrsam","22":"tag-gilardistrasse","23":"tag-hilpoltstein","24":"tag-koerperverletzung","25":"tag-pkw","26":"tag-platzverweis","27":"tag-polizei","28":"tag-polizei-hilpoltstein","29":"tag-schlag-ins-gesicht","30":"tag-streit"},"_links":{"self":[{"href":"https:\/\/www.region-schwabach.de\/wordpress\/wp-json\/wp\/v2\/posts\/82738","targetHints":{"allow":["GET"]}}],"collection":[{"href":"https:\/\/www.region-schwabach.de\/wordpress\/wp-json\/wp\/v2\/posts"}],"about":[{"href":"https:\/\/www.region-schwabach.de\/wordpress\/wp-json\/wp\/v2\/types\/post"}],"author":[{"embeddable":true,"href":"https:\/\/www.region-schwabach.de\/wordpress\/wp-json\/wp\/v2\/users\/1"}],"replies":[{"embeddable":true,"href":"https:\/\/www.region-schwabach.de\/wordpress\/wp-json\/wp\/v2\/comments?post=82738"}],"version-history":[{"count":0,"href":"https:\/\/www.region-schwabach.de\/wordpress\/wp-json\/wp\/v2\/posts\/82738\/revisions"}],"wp:featuredmedia":[{"embeddable":true,"href":"https:\/\/www.region-schwabach.de\/wordpress\/wp-json\/wp\/v2\/media\/82739"}],"wp:attachment":[{"href":"https:\/\/www.region-schwabach.de\/wordpress\/wp-json\/wp\/v2\/media?parent=82738"}],"wp:term":[{"taxonomy":"category","embeddable":true,"href":"https:\/\/www.region-schwabach.de\/wordpress\/wp-json\/wp\/v2\/categories?post=82738"},{"taxonomy":"post_tag","embeddable":true,"href":"https:\/\/www.region-schwabach.de\/wordpress\/wp-json\/wp\/v2\/tags?post=82738"}],"curies":[{"name":"wp","href":"https:\/\/api.w.org\/{rel}","templated":true}]}}