{"id":82951,"date":"2019-03-24T00:02:24","date_gmt":"2019-03-23T23:02:24","guid":{"rendered":"http:\/\/www.region-schwabach.de\/wordpress\/?p=82951"},"modified":"2019-03-23T23:50:25","modified_gmt":"2019-03-23T22:50:25","slug":"fasten-fur-das-klima-in-schwabach-und-in-der-region","status":"publish","type":"post","link":"https:\/\/www.region-schwabach.de\/wordpress\/fasten-fur-das-klima-in-schwabach-und-in-der-region\/","title":{"rendered":"Fasten f\u00fcr das Klima &#8211; in Schwabach und in der Region"},"content":{"rendered":"\t\t<div data-elementor-type=\"wp-post\" data-elementor-id=\"82951\" class=\"elementor elementor-82951 elementor-bc-flex-widget\">\n\t\t\t\t\t\t<section class=\"elementor-section elementor-top-section elementor-element elementor-element-678181b elementor-section-boxed elementor-section-height-default elementor-section-height-default\" data-id=\"678181b\" data-element_type=\"section\">\n\t\t\t\t\t\t<div class=\"elementor-container elementor-column-gap-default\">\n\t\t\t\t\t<div class=\"elementor-column elementor-col-50 elementor-top-column elementor-element elementor-element-6b34026\" data-id=\"6b34026\" data-element_type=\"column\">\n\t\t\t<div class=\"elementor-widget-wrap elementor-element-populated\">\n\t\t\t\t\t\t<div class=\"elementor-element elementor-element-162acd9 elementor-widget elementor-widget-wp-widget-advads_ad_widget\" data-id=\"162acd9\" data-element_type=\"widget\" data-widget_type=\"wp-widget-advads_ad_widget.default\">\n\t\t\t\t<div class=\"elementor-widget-container\">\n\t\t\t<div id=\"regio-2138803199\"><div class=\"regio-adlabel\">Werbung<\/div><!-- Beginn https:\/\/www.financeads.net\/-Code --><a href=\"https:\/\/www.financeads.net\/tc.php?t=36648C19118058B\" target=\"_blank\"><img fetchpriority=\"high\" decoding=\"async\" src=\"https:\/\/www.financeads.net\/tb.php?t=36648V19118058B&https=1\" alt=\"\" border=\"0\" width=\"728\" height=\"90\"><\/a><!-- Ende https:\/\/www.financeads.net\/-Code --><\/div>\t\t<\/div>\n\t\t\t\t<\/div>\n\t\t\t\t<div class=\"elementor-element elementor-element-443ab98 elementor-widget elementor-widget-text-editor\" data-id=\"443ab98\" data-element_type=\"widget\" data-widget_type=\"text-editor.default\">\n\t\t\t\t<div class=\"elementor-widget-container\">\n\t\t\t\t\t\t\t<h3>40 Tages-Challenges ab 6. M\u00e4rz<br \/>Klimafasten in der Region und in Schwabach<\/h3><p><span style=\"font-size: 12pt;\">Schwabach &#8211; 40 Fastentage \u2013 40 Herausforderungen: In der Fastenzeit vom 6. M\u00e4rz bis zum 20. April startet der Initiativkreis der Klimaschutzmanagerinnen und -manager eine neue Aktion zum CO2-Fasten. Dabei sind alle zum Mitmachen eingeladen. Es gibt es 40 verschiedene Tages-Challenges zur CO2-Einsparung, f\u00fcr jeden Tag der Fastenzeit eine. Jede beschreibt eine kleine klimasch\u00fctzende Herausforderung f\u00fcr den aktuellen Tag. Ob Verzicht auf das Auto, ob ressourcenfreundliche Ern\u00e4hrung oder plastikfreies Einkaufen \u2013 jeder Tag wird anders, und f\u00fcr jede und jeden ist etwas dabei.<\/span><\/p><h3>Dringlichkeit zu Handeln<\/h3><p><span style=\"font-size: 12pt;\">Die Erw\u00e4rmung der Erde geht schneller voran als bisher angenommen. Zwar haben die Unterzeichnerstaaten der Klimawandel-Rahmenkonvention ein Regelwerk mit Klimaschutzma\u00dfnahmen beschlossen, doch die Umsetzung geht nicht schnell genug vonstatten. Die Folgen der Erderw\u00e4rmung wie extreme Wetterereignisse werden zunehmend auch in der Metropolregion N\u00fcrnberg sp\u00fcrbar. Die CO2-Fasten Challenge zeigt, dass wir alle mit unserem Lebensstil dazu beitragen k\u00f6nnen, eine lebenswerte Zukunft zu gestalten \u2013 und dass es auch bereichernd sein kann, diese Herausforderung anzunehmen.<\/span><\/p><h3>#co2challenge<\/h3><p><span style=\"font-size: 12pt;\">Die Herausforderungen werden von den Klimaschutzmanagerinnen und Managern der Kommunen und Kirchen jeweils am Vorabend der jeweiligen Challenge auf die Internetseite <a href=\"http:\/\/www.co2fasten.wordpress.com\" target=\"_blank\" rel=\"noopener\">www.co2fasten.wordpress.com<\/a> gestellt. Hier kann auch auch kommentiert und Erfahrungen k\u00f6nnen ausgetauscht werden. Ziel ist es, so viele Tages-Herausforderungen wie m\u00f6glich zu meistern. Eine Checkliste hilft, den \u00dcberblick zu behalten.<\/span><\/p><p><span style=\"font-size: 12pt;\">Unter dem Hashtag #co2challenge kann die Aktion in den sozialen Medien verfolgt werden und die Teilnehmer k\u00f6nnen weitere Mitstreiter aus ihrem Bekannten- oder Freundeskreis zur Teilnahme motivieren.<\/span><\/p><h3>Klimaschutzmanagerin Jana Edlinger fordert Schwabacher\/Innen zur Teilnahme auf<\/h3><p><span style=\"font-size: 12pt;\">Aus Schwabach fordert Klimaschutzmanagerin Jana Edlinger die B\u00fcrgerinnen und B\u00fcrger zur Teilnahme auf. Zitat: \u201eEs geht gar nicht in erster Linie darum, 40 Tage lang enthaltsam zu leben, sondern sich inspirieren zu lassen, welche Klimaschutzma\u00dfnahmen machbar sind und auch langfristig im eigenen Alltag Einzug erhalten k\u00f6nnen. Ein bisschen Klimaschutz kann jeder. \u201c<\/span><\/p><h3>Die Initiatoren<\/h3><p><span style=\"font-size: 12pt;\">Die CO2-Fasten-Staffel ist ein Klimaschutzprojekt des Initiativkreises der Klimaschutzmanagerinnen und -manager in der Europ\u00e4ischen Metropolregion N\u00fcrnberg (EMN), der dem metropolitanen Forum Klimaschutz und nachhaltige Entwicklung angegliedert ist. Im Initiativkreis sind 25 Kommunen und Landkreise sowie eine Arbeitsgemeinschaft und kirchliche Umwelt- bzw. Klimaschutzbeauftragte vertreten.<\/span><\/p><h3>Der Initiativkreis hat folgende Ziele:<\/h3><ul style=\"list-style-type: disc;\"><li><span style=\"font-size: 12pt;\">Netzwerk f\u00fcr den konkurrenzfreien Ideen- und Erfahrungsaustausch zu<\/span><br \/><span style=\"font-size: 12pt;\">Projekten und zu Themen des Klimaschutzes<\/span><\/li><li><span style=\"font-size: 12pt;\">Entwicklung von Klimaschutz-Projektideen und Veranstaltungen<\/span><\/li><li><span style=\"font-size: 12pt;\">B\u00fcndelung der Kompetenz im Bereich Klimaschutzmanagement<\/span><\/li><li><span style=\"font-size: 12pt;\">Meinungsbildung und Ausarbeitung von politischen Stellungnahmen<\/span><\/li><\/ul><h3>Kontakt:<\/h3><ul style=\"list-style-type: disc;\"><li><span style=\"font-size: 12pt;\"><strong>Jana Edlinger<\/strong><\/span><br \/><span style=\"font-size: 12pt;\">Klimaschutzmanagerin<\/span><br \/><span style=\"font-size: 12pt;\">Stadt Schwabach<\/span><br \/><span style=\"font-size: 12pt;\">Umweltschutzamt<\/span><br \/><span style=\"font-size: 12pt;\">Albrecht-Achilles-Stra\u00dfe 6\/8<\/span><br \/><span style=\"font-size: 12pt;\">91126 Schwabach<\/span><br \/><span style=\"font-size: 12pt;\">Telefon: +49 9122 860-363<\/span><br \/><span style=\"font-size: 12pt;\">Fax: +49 9122 860-350<\/span><\/li><\/ul><h3>Weiterf\u00fchrende Links:<\/h3><p><a href=\"https:\/\/www.schwabach.de\/de\/stadtverwaltung\/referat-2-recht-soziales-und-umwelt\/87-umweltschutzamt\/56-umweltschutzamt.html\" target=\"_blank\" rel=\"noopener\"><span style=\"font-size: 12pt;\">Hier geht&#8217;s zur Homepage des Umweltschutzamtes &#8230;<\/span><\/a><\/p><p><span style=\"font-size: 12pt;\"><a href=\"https:\/\/co2fasten.wordpress.com\/mitmachen\/\" target=\"_blank\" rel=\"noopener\">Zur Homepage der Aktion &#8211; und weiteren Infos &#8211; geht es hier &#8230;<\/a><\/span><\/p>\t\t\t\t\t\t<\/div>\n\t\t\t\t<\/div>\n\t\t\t\t\t<\/div>\n\t\t<\/div>\n\t\t\t\t<div class=\"elementor-column elementor-col-50 elementor-top-column elementor-element elementor-element-7f63ca6\" data-id=\"7f63ca6\" data-element_type=\"column\">\n\t\t\t<div class=\"elementor-widget-wrap elementor-element-populated\">\n\t\t\t\t\t\t<div class=\"elementor-element elementor-element-e6f5bb8 elementor-widget elementor-widget-heading\" data-id=\"e6f5bb8\" data-element_type=\"widget\" data-widget_type=\"heading.default\">\n\t\t\t\t<div class=\"elementor-widget-container\">\n\t\t\t<h3 class=\"elementor-heading-title elementor-size-default\">Schnell vergleichen und sparen!<\/h3>\t\t<\/div>\n\t\t\t\t<\/div>\n\t\t\t\t<div class=\"elementor-element elementor-element-90110c1 elementor-widget elementor-widget-wp-widget-advads_ad_widget\" data-id=\"90110c1\" data-element_type=\"widget\" data-widget_type=\"wp-widget-advads_ad_widget.default\">\n\t\t\t\t<div class=\"elementor-widget-container\">\n\t\t\t<div id=\"regio-847796008\"><div class=\"regio-adlabel\">Werbung<\/div><!-- Beginn https:\/\/www.financeads.net\/-Code --><a href=\"https:\/\/www.financeads.net\/tc.php?t=36648C236142529B\" target=\"_blank\"><img decoding=\"async\" src=\"https:\/\/www.financeads.net\/tb.php?t=36648V236142529B&https=1\" alt=\"\" border=\"0\" width=\"300\" height=\"250\"><\/a><!-- Ende https:\/\/www.financeads.net\/-Code --><\/div>\t\t<\/div>\n\t\t\t\t<\/div>\n\t\t\t\t<div class=\"elementor-element elementor-element-5bee4c5 elementor-widget elementor-widget-wp-widget-advads_ad_widget\" data-id=\"5bee4c5\" data-element_type=\"widget\" data-widget_type=\"wp-widget-advads_ad_widget.default\">\n\t\t\t\t<div class=\"elementor-widget-container\">\n\t\t\t<div id=\"regio-3168046903\"><div class=\"regio-adlabel\">Werbung<\/div><!-- Beginn https:\/\/www.financeads.net\/-Code --><a href=\"https:\/\/www.financeads.net\/tc.php?t=36648C42614510B\" target=\"_blank\"><img decoding=\"async\" src=\"https:\/\/www.financeads.net\/tb.php?t=36648V42614510B&https=1\" alt=\"\" border=\"0\" width=\"200\" height=\"300\"><\/a><!-- Ende https:\/\/www.financeads.net\/-Code --><\/div>\t\t<\/div>\n\t\t\t\t<\/div>\n\t\t\t\t<div class=\"elementor-element elementor-element-6437f44 elementor-widget elementor-widget-wp-widget-advads_ad_widget\" data-id=\"6437f44\" data-element_type=\"widget\" data-widget_type=\"wp-widget-advads_ad_widget.default\">\n\t\t\t\t<div class=\"elementor-widget-container\">\n\t\t\t<div id=\"regio-96109547\"><div class=\"regio-adlabel\">Werbung<\/div><!-- Beginn https:\/\/www.financeads.net\/-Code --><a href=\"https:\/\/www.financeads.net\/tc.php?t=36648C205040072B\" target=\"_blank\"><img loading=\"lazy\" decoding=\"async\" src=\"https:\/\/www.financeads.net\/tb.php?t=36648V205040072B&https=1\" alt=\"\" border=\"0\" width=\"300\" height=\"250\"><\/a><!-- Ende https:\/\/www.financeads.net\/-Code --><\/div>\t\t<\/div>\n\t\t\t\t<\/div>\n\t\t\t\t<div class=\"elementor-element elementor-element-c1c7a5f elementor-widget elementor-widget-wp-widget-advads_ad_widget\" data-id=\"c1c7a5f\" data-element_type=\"widget\" data-widget_type=\"wp-widget-advads_ad_widget.default\">\n\t\t\t\t<div class=\"elementor-widget-container\">\n\t\t\t<div id=\"regio-4209260154\"><div class=\"regio-adlabel\">Werbung<\/div><!-- Beginn https:\/\/www.financeads.net\/-Code --><a href=\"https:\/\/www.financeads.net\/tc.php?t=36648C271460142B\" target=\"_blank\"><img loading=\"lazy\" decoding=\"async\" src=\"https:\/\/www.financeads.net\/tb.php?t=36648V271460142B&https=1\" alt=\"PETPROTECT_Hund&Katze_Banner\" border=\"0\" width=\"250\" height=\"250\"><\/a><!-- Ende https:\/\/www.financeads.net\/-Code --><\/div>\t\t<\/div>\n\t\t\t\t<\/div>\n\t\t\t\t\t<\/div>\n\t\t<\/div>\n\t\t\t\t\t<\/div>\n\t\t<\/section>\n\t\t\t\t<\/div>\n\t\t","protected":false},"excerpt":{"rendered":"<div class=\"mh-excerpt\"><p>40 Tages-Challenges ab 6. M\u00e4rzKlimafasten in der Region und in Schwabach Schwabach &#8211; 40 Fastentage \u2013 40 Herausforderungen: In der Fastenzeit vom 6. M\u00e4rz bis zum 20. April startet der Initiativkreis der Klimaschutzmanagerinnen und -manager <a class=\"mh-excerpt-more\" href=\"https:\/\/www.region-schwabach.de\/wordpress\/fasten-fur-das-klima-in-schwabach-und-in-der-region\/\" title=\"Fasten f\u00fcr das Klima &#8211; in Schwabach und in der Region\">[&#8230;]<\/a><\/p>\n<\/div>","protected":false},"author":1,"featured_media":82952,"comment_status":"open","ping_status":"open","sticky":false,"template":"","format":"standard","meta":{"_cbd_carousel_blocks":"[]","footnotes":""},"categories":[16,79,61,203,46,204],"tags":[8428,8425,8423,8066,8427,8424,8065,1480,19,3151,8426],"class_list":{"0":"post-82951","1":"post","2":"type-post","3":"status-publish","4":"format-standard","5":"has-post-thumbnail","7":"category-aktuell","8":"category-politik","9":"category-rathaus","10":"category-umwelt-nachrichten","11":"category-verbaende","12":"category-wettbewerb","13":"tag-co2challenge","14":"tag-40-fastentage-40-herausforderungen","15":"tag-6-maerz-bis-20-april-2019","16":"tag-april-2019","17":"tag-dringlichkeit-zu-handeln","18":"tag-klimafasten","19":"tag-maerz-2019","20":"tag-rathaus","21":"tag-schwabach","22":"tag-stadt-schwabach","23":"tag-tages-challenges-zur-co2-einsparung"},"_links":{"self":[{"href":"https:\/\/www.region-schwabach.de\/wordpress\/wp-json\/wp\/v2\/posts\/82951","targetHints":{"allow":["GET"]}}],"collection":[{"href":"https:\/\/www.region-schwabach.de\/wordpress\/wp-json\/wp\/v2\/posts"}],"about":[{"href":"https:\/\/www.region-schwabach.de\/wordpress\/wp-json\/wp\/v2\/types\/post"}],"author":[{"embeddable":true,"href":"https:\/\/www.region-schwabach.de\/wordpress\/wp-json\/wp\/v2\/users\/1"}],"replies":[{"embeddable":true,"href":"https:\/\/www.region-schwabach.de\/wordpress\/wp-json\/wp\/v2\/comments?post=82951"}],"version-history":[{"count":0,"href":"https:\/\/www.region-schwabach.de\/wordpress\/wp-json\/wp\/v2\/posts\/82951\/revisions"}],"wp:featuredmedia":[{"embeddable":true,"href":"https:\/\/www.region-schwabach.de\/wordpress\/wp-json\/wp\/v2\/media\/82952"}],"wp:attachment":[{"href":"https:\/\/www.region-schwabach.de\/wordpress\/wp-json\/wp\/v2\/media?parent=82951"}],"wp:term":[{"taxonomy":"category","embeddable":true,"href":"https:\/\/www.region-schwabach.de\/wordpress\/wp-json\/wp\/v2\/categories?post=82951"},{"taxonomy":"post_tag","embeddable":true,"href":"https:\/\/www.region-schwabach.de\/wordpress\/wp-json\/wp\/v2\/tags?post=82951"}],"curies":[{"name":"wp","href":"https:\/\/api.w.org\/{rel}","templated":true}]}}