{"id":8304,"date":"2017-08-12T14:09:09","date_gmt":"2017-08-12T12:09:09","guid":{"rendered":"http:\/\/www.region-schwabach.de\/wordpress\/?p=8304"},"modified":"2018-07-30T09:50:24","modified_gmt":"2018-07-30T07:50:24","slug":"gutenberg-steinmarck-und-schuetzenstrasse-vom-21-august-bis-8-september-gesperrt","status":"publish","type":"post","link":"https:\/\/www.region-schwabach.de\/wordpress\/gutenberg-steinmarck-und-schuetzenstrasse-vom-21-august-bis-8-september-gesperrt\/","title":{"rendered":"Gutenberg-, Steinmarck- und Sch\u00fctzenstra\u00dfe vom 21. August bis 8. September gesperrt"},"content":{"rendered":"\t\t<div data-elementor-type=\"wp-post\" data-elementor-id=\"8304\" class=\"elementor elementor-8304 elementor-bc-flex-widget\">\n\t\t\t\t\t\t<section class=\"elementor-section elementor-top-section elementor-element elementor-element-1dzeyuh elementor-section-boxed elementor-section-height-default elementor-section-height-default\" data-id=\"1dzeyuh\" data-element_type=\"section\">\n\t\t\t\t\t\t<div class=\"elementor-container elementor-column-gap-default\">\n\t\t\t\t\t<div class=\"elementor-column elementor-col-66 elementor-top-column elementor-element elementor-element-aam59ft\" data-id=\"aam59ft\" data-element_type=\"column\">\n\t\t\t<div class=\"elementor-widget-wrap elementor-element-populated\">\n\t\t\t\t\t\t<div class=\"elementor-element elementor-element-k9p1oyc elementor-widget elementor-widget-text-editor\" data-id=\"k9p1oyc\" data-element_type=\"widget\" data-widget_type=\"text-editor.default\">\n\t\t\t\t<div class=\"elementor-widget-container\">\n\t\t\t\t\t\t\t<h3>Sperrung\u00a0zwischen 21. August und 8. September n\u00f6tig<\/h3><p>In der Zeit von Montag, den 21.08.2017 bis Freitag, den 08.09.2017 kommt es zu einer abschnittsweisen Sperrung im Bereich der Gutenberg-, Steinmarck- und Sch\u00fctzenstra\u00dfe.<\/p><h3>Grund f\u00fcr die Sperrungen sind Stra\u00dfensanierungsarbeiten in diesem Bereich<\/h3><p>Die abschnittsweisen Sperrungen im Bereich der Gutenbergstra\u00dfe, Steinmarckstra\u00dfe und Sch\u00fctzenstra\u00dfe erfolgen aufgrund von Stra\u00dfensanierungsarbeiten.<\/p><h3>Umleitungen werden eingerichtet<\/h3><p>W\u00e4hrend der Sanierungsarbeiten in der Gutenberg- und Steinmarckstra\u00dfe ist die Befahrbarkeit als Einbahnstra\u00dfe in Richtung N\u00f6rdlinger Stra\u00dfe m\u00f6glich, w\u00e4hrend f\u00fcr die Gegenrichtung eine Umleitung \u00fcber die Wittelsbacher- und Reichswaisenhausstra\u00dfe eingerichtet wird.<\/p><p>Nach Abschluss der Arbeiten in der Steinmarckstra\u00dfe wird dann die Sch\u00fctzenstra\u00dfe in Fahrtrichtung Friedrich-Ebert-Stra\u00dfe gesperrt. Eine Umleitung wird \u00fcber die N\u00f6rdlinger Stra\u00dfe und Hindenburgstra\u00dfe eingerichtet, wobei der genaue Zeitraum noch nicht feststeht. Der Verkehr in die entgegengesetzte Richtung ist m\u00f6glich.<\/p><h3>Sperrungen beeinflussen auch den Linienverkehr<\/h3><p>Aufgrund der Sperrungen kommt es auch zu Umleitungen des Linienverkehrs in diesem Bereich. <a href=\"http:\/\/www.region-schwabach.de\/wordpress\/linien-663-umleitung-vom-21-august-bis-8-september-wegen-vollsperrung\/\" target=\"_blank\" rel=\"noopener\">N\u00e4here Informationen dazu finden Sie hier &#8230;<\/a><\/p>\t\t\t\t\t\t<\/div>\n\t\t\t\t<\/div>\n\t\t\t\t<div class=\"elementor-element elementor-element-rf47wqh elementor-widget elementor-widget-google_maps\" data-id=\"rf47wqh\" data-element_type=\"widget\" data-widget_type=\"google_maps.default\">\n\t\t\t\t<div class=\"elementor-widget-container\">\n\t\t\t\t\t<div class=\"elementor-custom-embed\">\n\t\t\t<iframe loading=\"lazy\"\n\t\t\t\t\tsrc=\"https:\/\/maps.google.com\/maps?q=49.323903%2C%2011.013993&#038;t=m&#038;z=17&#038;output=embed&#038;iwloc=near\"\n\t\t\t\t\ttitle=\"49.323903, 11.013993\"\n\t\t\t\t\taria-label=\"49.323903, 11.013993\"\n\t\t\t><\/iframe>\n\t\t<\/div>\n\t\t\t\t<\/div>\n\t\t\t\t<\/div>\n\t\t\t\t\t<\/div>\n\t\t<\/div>\n\t\t\t\t<div class=\"elementor-column elementor-col-33 elementor-top-column elementor-element elementor-element-uferl75\" data-id=\"uferl75\" data-element_type=\"column\">\n\t\t\t<div class=\"elementor-widget-wrap elementor-element-populated\">\n\t\t\t\t\t\t<div class=\"elementor-element elementor-element-xuttsc2 elementor-widget elementor-widget-image\" data-id=\"xuttsc2\" data-element_type=\"widget\" data-widget_type=\"image.default\">\n\t\t\t\t<div class=\"elementor-widget-container\">\n\t\t\t\t\t\t\t\t\t\t\t\t\t<img fetchpriority=\"high\" decoding=\"async\" width=\"300\" height=\"300\" src=\"https:\/\/www.region-schwabach.de\/wordpress\/wp-content\/uploads\/2017\/06\/werbung8-300x300.png\" class=\"attachment-medium size-medium wp-image-2484\" alt=\"\" srcset=\"https:\/\/www.region-schwabach.de\/wordpress\/wp-content\/uploads\/2017\/06\/werbung8-300x300.png 300w, https:\/\/www.region-schwabach.de\/wordpress\/wp-content\/uploads\/2017\/06\/werbung8-150x150.png 150w, https:\/\/www.region-schwabach.de\/wordpress\/wp-content\/uploads\/2017\/06\/werbung8-768x768.png 768w, https:\/\/www.region-schwabach.de\/wordpress\/wp-content\/uploads\/2017\/06\/werbung8-1024x1024.png 1024w, https:\/\/www.region-schwabach.de\/wordpress\/wp-content\/uploads\/2017\/06\/werbung8-600x600.png 600w, https:\/\/www.region-schwabach.de\/wordpress\/wp-content\/uploads\/2017\/06\/werbung8.png 1200w\" sizes=\"(max-width: 300px) 100vw, 300px\" \/>\t\t\t\t\t\t\t\t\t\t\t\t\t<\/div>\n\t\t\t\t<\/div>\n\t\t\t\t\t<\/div>\n\t\t<\/div>\n\t\t\t\t\t<\/div>\n\t\t<\/section>\n\t\t\t\t<\/div>\n\t\t","protected":false},"excerpt":{"rendered":"<div class=\"mh-excerpt\"><p>Sperrung\u00a0zwischen 21. August und 8. September n\u00f6tig In der Zeit von Montag, den 21.08.2017 bis Freitag, den 08.09.2017 kommt es zu einer abschnittsweisen Sperrung im Bereich der Gutenberg-, Steinmarck- und Sch\u00fctzenstra\u00dfe. Grund f\u00fcr die Sperrungen <a class=\"mh-excerpt-more\" href=\"https:\/\/www.region-schwabach.de\/wordpress\/gutenberg-steinmarck-und-schuetzenstrasse-vom-21-august-bis-8-september-gesperrt\/\" title=\"Gutenberg-, Steinmarck- und Sch\u00fctzenstra\u00dfe vom 21. August bis 8. September gesperrt\">[&#8230;]<\/a><\/p>\n<\/div>","protected":false},"author":1,"featured_media":14960,"comment_status":"open","ping_status":"open","sticky":false,"template":"template-full.php","format":"standard","meta":{"_cbd_carousel_blocks":"[]","footnotes":""},"categories":[16,14],"tags":[390,393,19,276,391,392],"class_list":{"0":"post-8304","1":"post","2":"type-post","3":"status-publish","4":"format-standard","5":"has-post-thumbnail","7":"category-aktuell","8":"category-verkehrsinfos","9":"tag-gutenbergstrasse","10":"tag-schuetzenstrasse","11":"tag-schwabach","12":"tag-sperrung","13":"tag-steinmarckstrasse","14":"tag-strassensanierungsarbeiten"},"_links":{"self":[{"href":"https:\/\/www.region-schwabach.de\/wordpress\/wp-json\/wp\/v2\/posts\/8304","targetHints":{"allow":["GET"]}}],"collection":[{"href":"https:\/\/www.region-schwabach.de\/wordpress\/wp-json\/wp\/v2\/posts"}],"about":[{"href":"https:\/\/www.region-schwabach.de\/wordpress\/wp-json\/wp\/v2\/types\/post"}],"author":[{"embeddable":true,"href":"https:\/\/www.region-schwabach.de\/wordpress\/wp-json\/wp\/v2\/users\/1"}],"replies":[{"embeddable":true,"href":"https:\/\/www.region-schwabach.de\/wordpress\/wp-json\/wp\/v2\/comments?post=8304"}],"version-history":[{"count":0,"href":"https:\/\/www.region-schwabach.de\/wordpress\/wp-json\/wp\/v2\/posts\/8304\/revisions"}],"wp:featuredmedia":[{"embeddable":true,"href":"https:\/\/www.region-schwabach.de\/wordpress\/wp-json\/wp\/v2\/media\/14960"}],"wp:attachment":[{"href":"https:\/\/www.region-schwabach.de\/wordpress\/wp-json\/wp\/v2\/media?parent=8304"}],"wp:term":[{"taxonomy":"category","embeddable":true,"href":"https:\/\/www.region-schwabach.de\/wordpress\/wp-json\/wp\/v2\/categories?post=8304"},{"taxonomy":"post_tag","embeddable":true,"href":"https:\/\/www.region-schwabach.de\/wordpress\/wp-json\/wp\/v2\/tags?post=8304"}],"curies":[{"name":"wp","href":"https:\/\/api.w.org\/{rel}","templated":true}]}}