{"id":84394,"date":"2019-03-13T00:01:51","date_gmt":"2019-03-12T23:01:51","guid":{"rendered":"http:\/\/www.region-schwabach.de\/wordpress\/?p=84394"},"modified":"2019-03-13T00:01:09","modified_gmt":"2019-03-12T23:01:09","slug":"erhebliche-verkehrsbehinderungen-nach-schwerem-verkehrsunfall-auf-der-a6","status":"publish","type":"post","link":"https:\/\/www.region-schwabach.de\/wordpress\/erhebliche-verkehrsbehinderungen-nach-schwerem-verkehrsunfall-auf-der-a6\/","title":{"rendered":"Erhebliche Verkehrsbehinderungen nach schwerem Verkehrsunfall auf der A6"},"content":{"rendered":"\t\t<div data-elementor-type=\"wp-post\" data-elementor-id=\"84394\" class=\"elementor elementor-84394\">\n\t\t\t\t\t\t<section class=\"elementor-section elementor-top-section elementor-element elementor-element-1cuv9jr elementor-section-boxed elementor-section-height-default elementor-section-height-default\" data-id=\"1cuv9jr\" data-element_type=\"section\">\n\t\t\t\t\t\t<div class=\"elementor-container elementor-column-gap-default\">\n\t\t\t\t\t<div class=\"elementor-column elementor-col-50 elementor-top-column elementor-element elementor-element-q5zak7b\" data-id=\"q5zak7b\" data-element_type=\"column\">\n\t\t\t<div class=\"elementor-widget-wrap elementor-element-populated\">\n\t\t\t\t\t\t<div class=\"elementor-element elementor-element-f3e1a8e elementor-widget elementor-widget-wp-widget-advads_ad_widget\" data-id=\"f3e1a8e\" data-element_type=\"widget\" data-widget_type=\"wp-widget-advads_ad_widget.default\">\n\t\t\t\t<div class=\"elementor-widget-container\">\n\t\t\t<div id=\"regio-1508910258\"><div class=\"regio-adlabel\">Werbung<\/div><!-- Beginn https:\/\/www.financeads.net\/-Code --><a href=\"https:\/\/www.financeads.net\/tc.php?t=36648C19118058B\" target=\"_blank\"><img fetchpriority=\"high\" decoding=\"async\" src=\"https:\/\/www.financeads.net\/tb.php?t=36648V19118058B&https=1\" alt=\"\" border=\"0\" width=\"728\" height=\"90\"><\/a><!-- Ende https:\/\/www.financeads.net\/-Code --><\/div>\t\t<\/div>\n\t\t\t\t<\/div>\n\t\t\t\t<div class=\"elementor-element elementor-element-a4daeae elementor-widget elementor-widget-text-editor\" data-id=\"a4daeae\" data-element_type=\"widget\" data-widget_type=\"text-editor.default\">\n\t\t\t\t<div class=\"elementor-widget-container\">\n\t\t\t\t\t\t\t<h3>Erhebliche Verkehrsbehinderungen nach schwerem Verkehrsunfall auf der A6<\/h3><p><span style=\"font-size: 12pt;\">Roth (ots) &#8211; Heute Vormittag (12.03.2019) ereignete sich auf der A6 zwischen dem Autobahnkreuz N\u00fcrnberg-S\u00fcd und der Anschlussstelle Roth ein schwerer Verkehrsunfall, an dem mehrere Lkw beteiligt waren. In Fahrtrichtung Heilbronn kommt es derzeit (Stand 12:30 Uhr) zu erheblichen Verkehrsbehinderungen.<\/span><\/p><p><span style=\"font-size: 12pt;\">Ein mit Quarzsand beladener Lkw fuhr gegen 10:00 Uhr nahezu ungebremst auf einen verkehrsbedingten R\u00fcckstau auf. Insgesamt schob er bei der Kollision vier weitere Lastwagen ineinander. Der Fahrer des auffahrenden Lkw wurde in seinem F\u00fchrerhaus eingeklemmt. Den Einsatzkr\u00e4ften der Feuerwehr gelang es erst nach \u00fcber einer Stunde Arbeit, den schwer verletzten Mann aus seinem Fahrzeug zu befreien. Er wurde anschlie\u00dfend umgehend in ein Krankenhaus gebracht.<\/span><\/p><p><span style=\"font-size: 12pt;\">Der Fahrer des vorausfahrenden Lkw erlitt ebenfalls schwere Verletzungen. Ein Rettungshubschrauber flog den Verletzten zur \u00e4rztlichen Versorgung in ein Krankenhaus. Zudem brachte der Rettungsdienst auch einen dritten Kraftfahrer zur medizinischen Versorgung in ein Krankenhaus. Nach derzeitigem Stand besteht f\u00fcr keinen der Unfallbeteiligten Lebensgefahr.<\/span><\/p><p><span style=\"font-size: 12pt;\">Die polizeiliche Unfallaufnahme erfolgt durch Beamte der Verkehrspolizei Feucht. Nach einer zun\u00e4chst vollst\u00e4ndigen Sperrung A6 in Fahrtrichtung Heilbronn, kann der Verkehr seit etwa 12:30 Uhr auf der linken Fahrspur an der Unfallstelle vorbeigeleitet werden.<\/span><\/p><p><span style=\"font-size: 12pt;\">Nach erster Sch\u00e4tzung der Einsatzkr\u00e4fte vor Ort werden die Bergung der verungl\u00fcckten Fahrzeuge sowie die Reinigung der Fahrbahn noch mehrere Stunden in Anspruch nehmen. Es muss weiterhin mit erheblichen Behinderungen in Fahrtrichtung Heilbronn gerechnet werden. Eine Umleitungsempfehlung f\u00fcr den betroffenen Bereich besteht.<\/span><\/p><p><strong><span style=\"font-size: 12pt;\">Michael Konrad<\/span><\/strong><\/p><p><span style=\"font-size: 12pt;\">Original-Content von: Polizeipr\u00e4sidium Mittelfranken<\/span><\/p>\t\t\t\t\t\t<\/div>\n\t\t\t\t<\/div>\n\t\t\t\t<div class=\"elementor-element elementor-element-ace1283 elementor-widget-divider--view-line elementor-widget elementor-widget-divider\" data-id=\"ace1283\" data-element_type=\"widget\" data-widget_type=\"divider.default\">\n\t\t\t\t<div class=\"elementor-widget-container\">\n\t\t\t\t\t<div class=\"elementor-divider\">\n\t\t\t<span class=\"elementor-divider-separator\">\n\t\t\t\t\t\t<\/span>\n\t\t<\/div>\n\t\t\t\t<\/div>\n\t\t\t\t<\/div>\n\t\t\t\t<div class=\"elementor-element elementor-element-1l7zbzo elementor-widget elementor-widget-google_maps\" data-id=\"1l7zbzo\" data-element_type=\"widget\" data-widget_type=\"google_maps.default\">\n\t\t\t\t<div class=\"elementor-widget-container\">\n\t\t\t\t\t<div class=\"elementor-custom-embed\">\n\t\t\t<iframe loading=\"lazy\"\n\t\t\t\t\tsrc=\"https:\/\/maps.google.com\/maps?q=49.349863%2C%2011.099467&#038;t=m&#038;z=12&#038;output=embed&#038;iwloc=near\"\n\t\t\t\t\ttitle=\"49.349863, 11.099467\"\n\t\t\t\t\taria-label=\"49.349863, 11.099467\"\n\t\t\t><\/iframe>\n\t\t<\/div>\n\t\t\t\t<\/div>\n\t\t\t\t<\/div>\n\t\t\t\t\t<\/div>\n\t\t<\/div>\n\t\t\t\t<div class=\"elementor-column elementor-col-50 elementor-top-column elementor-element elementor-element-bca16a1\" data-id=\"bca16a1\" data-element_type=\"column\">\n\t\t\t<div class=\"elementor-widget-wrap elementor-element-populated\">\n\t\t\t\t\t\t<div class=\"elementor-element elementor-element-d99c01b elementor-widget elementor-widget-heading\" data-id=\"d99c01b\" data-element_type=\"widget\" data-widget_type=\"heading.default\">\n\t\t\t\t<div class=\"elementor-widget-container\">\n\t\t\t<h3 class=\"elementor-heading-title elementor-size-default\">Schnell vergleichen und sparen!<\/h3>\t\t<\/div>\n\t\t\t\t<\/div>\n\t\t\t\t<div class=\"elementor-element elementor-element-f8fcb73 elementor-widget elementor-widget-wp-widget-advads_ad_widget\" data-id=\"f8fcb73\" data-element_type=\"widget\" data-widget_type=\"wp-widget-advads_ad_widget.default\">\n\t\t\t\t<div class=\"elementor-widget-container\">\n\t\t\t<div id=\"regio-3503019668\"><div class=\"regio-adlabel\">Werbung<\/div><!-- Beginn https:\/\/www.financeads.net\/-Code --><a href=\"https:\/\/www.financeads.net\/tc.php?t=36648C236142529B\" target=\"_blank\"><img decoding=\"async\" src=\"https:\/\/www.financeads.net\/tb.php?t=36648V236142529B&https=1\" alt=\"\" border=\"0\" width=\"300\" height=\"250\"><\/a><!-- Ende https:\/\/www.financeads.net\/-Code --><\/div>\t\t<\/div>\n\t\t\t\t<\/div>\n\t\t\t\t<div class=\"elementor-element elementor-element-76d498a elementor-widget elementor-widget-wp-widget-advads_ad_widget\" data-id=\"76d498a\" data-element_type=\"widget\" data-widget_type=\"wp-widget-advads_ad_widget.default\">\n\t\t\t\t<div class=\"elementor-widget-container\">\n\t\t\t<div id=\"regio-3037467920\"><div class=\"regio-adlabel\">Werbung<\/div><!-- Beginn https:\/\/www.financeads.net\/-Code --><a href=\"https:\/\/www.financeads.net\/tc.php?t=36648C42614510B\" target=\"_blank\"><img decoding=\"async\" src=\"https:\/\/www.financeads.net\/tb.php?t=36648V42614510B&https=1\" alt=\"\" border=\"0\" width=\"200\" height=\"300\"><\/a><!-- Ende https:\/\/www.financeads.net\/-Code --><\/div>\t\t<\/div>\n\t\t\t\t<\/div>\n\t\t\t\t<div class=\"elementor-element elementor-element-22c1304 elementor-widget elementor-widget-wp-widget-advads_ad_widget\" data-id=\"22c1304\" data-element_type=\"widget\" data-widget_type=\"wp-widget-advads_ad_widget.default\">\n\t\t\t\t<div class=\"elementor-widget-container\">\n\t\t\t<div id=\"regio-3923566204\"><div class=\"regio-adlabel\">Werbung<\/div><!-- Beginn https:\/\/www.financeads.net\/-Code --><a href=\"https:\/\/www.financeads.net\/tc.php?t=36648C205040072B\" target=\"_blank\"><img loading=\"lazy\" decoding=\"async\" src=\"https:\/\/www.financeads.net\/tb.php?t=36648V205040072B&https=1\" alt=\"\" border=\"0\" width=\"300\" height=\"250\"><\/a><!-- Ende https:\/\/www.financeads.net\/-Code --><\/div>\t\t<\/div>\n\t\t\t\t<\/div>\n\t\t\t\t<div class=\"elementor-element elementor-element-a79da85 elementor-widget elementor-widget-wp-widget-advads_ad_widget\" data-id=\"a79da85\" data-element_type=\"widget\" data-widget_type=\"wp-widget-advads_ad_widget.default\">\n\t\t\t\t<div class=\"elementor-widget-container\">\n\t\t\t<div id=\"regio-1206132115\"><div class=\"regio-adlabel\">Werbung<\/div><!-- Beginn https:\/\/www.financeads.net\/-Code --><a href=\"https:\/\/www.financeads.net\/tc.php?t=36648C271460142B\" target=\"_blank\"><img loading=\"lazy\" decoding=\"async\" src=\"https:\/\/www.financeads.net\/tb.php?t=36648V271460142B&https=1\" alt=\"PETPROTECT_Hund&Katze_Banner\" border=\"0\" width=\"250\" height=\"250\"><\/a><!-- Ende https:\/\/www.financeads.net\/-Code --><\/div>\t\t<\/div>\n\t\t\t\t<\/div>\n\t\t\t\t\t<\/div>\n\t\t<\/div>\n\t\t\t\t\t<\/div>\n\t\t<\/section>\n\t\t\t\t<\/div>\n\t\t","protected":false},"excerpt":{"rendered":"<div class=\"mh-excerpt\"><p>Erhebliche Verkehrsbehinderungen nach schwerem Verkehrsunfall auf der A6 Roth (ots) &#8211; Heute Vormittag (12.03.2019) ereignete sich auf der A6 zwischen dem Autobahnkreuz N\u00fcrnberg-S\u00fcd und der Anschlussstelle Roth ein schwerer Verkehrsunfall, an dem mehrere Lkw beteiligt <a class=\"mh-excerpt-more\" href=\"https:\/\/www.region-schwabach.de\/wordpress\/erhebliche-verkehrsbehinderungen-nach-schwerem-verkehrsunfall-auf-der-a6\/\" title=\"Erhebliche Verkehrsbehinderungen nach schwerem Verkehrsunfall auf der A6\">[&#8230;]<\/a><\/p>\n<\/div>","protected":false},"author":1,"featured_media":84396,"comment_status":"open","ping_status":"open","sticky":false,"template":"","format":"standard","meta":{"_cbd_carousel_blocks":"[]","footnotes":""},"categories":[15],"tags":[8506,3906,1906,8505,261,743,981,7469,8503,32,8504,401,8217,19,1327,334,7743],"class_list":{"0":"post-84394","1":"post","2":"type-post","3":"status-publish","4":"format-standard","5":"has-post-thumbnail","7":"category-polizeimeldungen","8":"tag-anschlussstelle-roth","9":"tag-autobahn-a6","10":"tag-fahrbahn","11":"tag-fuehrerhaus-eingeklemmt","12":"tag-lkw","13":"tag-nuernberg-sued","14":"tag-polizei","15":"tag-polizei-roth","16":"tag-quarzsand","17":"tag-roth","18":"tag-rueckstau","19":"tag-sachschaden","20":"tag-schaeden","21":"tag-schwabach","22":"tag-schwer-verletzt","23":"tag-unfall","24":"tag-verkehrsbehinderungen"},"_links":{"self":[{"href":"https:\/\/www.region-schwabach.de\/wordpress\/wp-json\/wp\/v2\/posts\/84394","targetHints":{"allow":["GET"]}}],"collection":[{"href":"https:\/\/www.region-schwabach.de\/wordpress\/wp-json\/wp\/v2\/posts"}],"about":[{"href":"https:\/\/www.region-schwabach.de\/wordpress\/wp-json\/wp\/v2\/types\/post"}],"author":[{"embeddable":true,"href":"https:\/\/www.region-schwabach.de\/wordpress\/wp-json\/wp\/v2\/users\/1"}],"replies":[{"embeddable":true,"href":"https:\/\/www.region-schwabach.de\/wordpress\/wp-json\/wp\/v2\/comments?post=84394"}],"version-history":[{"count":0,"href":"https:\/\/www.region-schwabach.de\/wordpress\/wp-json\/wp\/v2\/posts\/84394\/revisions"}],"wp:featuredmedia":[{"embeddable":true,"href":"https:\/\/www.region-schwabach.de\/wordpress\/wp-json\/wp\/v2\/media\/84396"}],"wp:attachment":[{"href":"https:\/\/www.region-schwabach.de\/wordpress\/wp-json\/wp\/v2\/media?parent=84394"}],"wp:term":[{"taxonomy":"category","embeddable":true,"href":"https:\/\/www.region-schwabach.de\/wordpress\/wp-json\/wp\/v2\/categories?post=84394"},{"taxonomy":"post_tag","embeddable":true,"href":"https:\/\/www.region-schwabach.de\/wordpress\/wp-json\/wp\/v2\/tags?post=84394"}],"curies":[{"name":"wp","href":"https:\/\/api.w.org\/{rel}","templated":true}]}}