{"id":86026,"date":"2019-03-21T00:04:27","date_gmt":"2019-03-20T23:04:27","guid":{"rendered":"http:\/\/www.region-schwabach.de\/wordpress\/?p=86026"},"modified":"2019-03-20T23:59:06","modified_gmt":"2019-03-20T22:59:06","slug":"jede-menge-arbeit-in-den-letzten-tagen-fur-die-beamten-der-pi-roth","status":"publish","type":"post","link":"https:\/\/www.region-schwabach.de\/wordpress\/jede-menge-arbeit-in-den-letzten-tagen-fur-die-beamten-der-pi-roth\/","title":{"rendered":"Jede Menge Arbeit in den letzten Tagen f\u00fcr die Beamten der PI Roth"},"content":{"rendered":"\t\t<div data-elementor-type=\"wp-post\" data-elementor-id=\"86026\" class=\"elementor elementor-86026\">\n\t\t\t\t\t\t<section class=\"elementor-section elementor-top-section elementor-element elementor-element-1cuv9jr elementor-section-boxed elementor-section-height-default elementor-section-height-default\" data-id=\"1cuv9jr\" data-element_type=\"section\">\n\t\t\t\t\t\t<div class=\"elementor-container elementor-column-gap-default\">\n\t\t\t\t\t<div class=\"elementor-column elementor-col-50 elementor-top-column elementor-element elementor-element-q5zak7b\" data-id=\"q5zak7b\" data-element_type=\"column\">\n\t\t\t<div class=\"elementor-widget-wrap elementor-element-populated\">\n\t\t\t\t\t\t<div class=\"elementor-element elementor-element-f3e1a8e elementor-widget elementor-widget-wp-widget-advads_ad_widget\" data-id=\"f3e1a8e\" data-element_type=\"widget\" data-widget_type=\"wp-widget-advads_ad_widget.default\">\n\t\t\t\t<div class=\"elementor-widget-container\">\n\t\t\t<div id=\"regio-2313614983\"><div class=\"regio-adlabel\">Werbung<\/div><!-- Beginn https:\/\/www.financeads.net\/-Code --><a href=\"https:\/\/www.financeads.net\/tc.php?t=36648C19118058B\" target=\"_blank\"><img fetchpriority=\"high\" decoding=\"async\" src=\"https:\/\/www.financeads.net\/tb.php?t=36648V19118058B&https=1\" alt=\"\" border=\"0\" width=\"728\" height=\"90\"><\/a><!-- Ende https:\/\/www.financeads.net\/-Code --><\/div>\t\t<\/div>\n\t\t\t\t<\/div>\n\t\t\t\t<div class=\"elementor-element elementor-element-a4daeae elementor-widget elementor-widget-text-editor\" data-id=\"a4daeae\" data-element_type=\"widget\" data-widget_type=\"text-editor.default\">\n\t\t\t\t<div class=\"elementor-widget-container\">\n\t\t\t\t\t\t\t<h3>PKW angefahren und gefl\u00fcchtet<\/h3><p><span style=\"font-size: 12pt;\">Roth &#8211; In der Zeit zwischen Sonntag, den 17.03.2019, und Montag, den 18.03.2019, wurde ein in der Georg-Mayer-Stra\u00dfe in Roth geparkter VW Golf von einem bislang Unbekannten angefahren und dabei an der Sto\u00dfstange besch\u00e4digt, bevor sich der Unfallverursacher dann unerlaubt vom Unfallort entfernte.<\/span><\/p><h3>Ampelanlage besch\u00e4digt<\/h3><p><span style=\"font-size: 12pt;\">Georgensgm\u00fcnd &#8211; Bereits am Freitag, den 15.03.2019, wurde zwischen 08.30 Uhr und 16.30 Uhr nun schon zum wiederholten Male die Ampelanlage an der Kreuzung Am Bruckespan \/ Marktplatz offensichtlich von einem LKW angefahren und dabei ein Sachschaden in H\u00f6he von ca. 800 Euro verursacht.<\/span><\/p><h3>Opel angefahren<\/h3><p><span style=\"font-size: 12pt;\">Roth &#8211; In der Zeit zwischen Samstag, den 16.03.19, und Montagmittag, den 18.03.2019, hat ein bisher Unbekannter einen in der Virchowstra\u00dfe in Roth geparkten Opel Signum am vorderen Sto\u00dff\u00e4nger besch\u00e4digt, und dabei einen Schaden von ca. 500 Euro hinterlassen.<\/span><\/p><h3>Spielger\u00e4te besch\u00e4digt<\/h3><p><span style=\"font-size: 12pt;\">Schwanstetten &#8211; Ein 14-j\u00e4hriger Jugendlicher aus Rednitzhembach hat am vergangenen Wochenende mit einer S\u00e4ge auf dem Kinderspielplatz in der Erlengasse in Schwand verschiedene Spielger\u00e4te besch\u00e4digt und dabei einen Schaden von mindestens 1.000 Euro verursacht.<\/span><\/p><h3>Fahrrad demoliert<\/h3><p><span style=\"font-size: 12pt;\">Georgensgm\u00fcnd &#8211; Am Freitag, den 15.03.2019, hat ein bislang unbekannter T\u00e4ter ein an einem Fahrradst\u00e4nder in derWiesenstra\u00dfe in Georgensgm\u00fcnd abgestelltes Fahrrad mutwillig besch\u00e4digt, indem er das Vorderlicht zerschlug und ausserdem ein Verbindungsst\u00fcck des Klapprahmens entwendete und so einen Schaden von ca. 100 Euro angerichtet.<\/span><\/p><h3>Gartenleuchte besch\u00e4digt<\/h3><p><span style=\"font-size: 12pt;\">Roth &#8211; Bereits Anfang M\u00e4rz hat jemand in der Unteren Glasschleife in Pfaffenhofen eine Gartenleuchte von einem Zaun abgebrochen und entwendet und dabei das Stromkabel der Leuchte durchtrennt, wodurch ein Schaden in H\u00f6he von ca. 60 Euro entstanden ist.<\/span><\/p><h3>Werkzeugcontainer aufgebrochen<\/h3><p><span style=\"font-size: 12pt;\">R\u00f6ttenbach \/ Georgensgm\u00fcnd &#8211; In der Nacht von Dienstag, den 19.03.2019, auf Mittwoch, den 20.03.2019, haben bisher Unbekannte Am Handelszentrum in R\u00f6ttenbach und im Breitenloher Weg in Georgensgm\u00fcnd die jeweils auf dem Au\u00dfengel\u00e4nde stehende Werkzeugcontainer aufgebrochen, indem sie die Vorh\u00e4ngeschlosser mit einem Bolzenschneider \u201eknackten\u201d. W\u00e4hrend in Georgensgm\u00fcnd nichts entwendet wurde, erbeuteten die Einbrecher in R\u00f6ttenbach 300 m Starkstromkabel im Wert von ca. 4.000 Euro.<\/span><\/p><h3>Stra\u00dfenlaterne angefahren<\/h3><p><span style=\"font-size: 12pt;\">Georgensgm\u00fcnd &#8211; Am Mittwochvormittag, den 19.03.2019, beobachtete ein Zeuge einen Peugeot-Fahrer auf dem Parkplatz eines Einkaufsmarktes in der Pleinfelder Stra\u00dfe in Georgensgm\u00fcnd dabei, wie er einen Laternenmasten anfuhr und sich danach unerlaubt vom Unfallort entfernte. Mit Hilfe des vom Zeugen notierten Kennzeichens konnte der Fahrer des Peugeot &#8211; gegen den ein Strafverfahren wegen Unfallflucht eingeleitet wurde &#8211; jedoch schnell ermittelt werden.<\/span><\/p><h3>Fahren unter Drogeneinwirkung<\/h3><p><span style=\"font-size: 12pt;\">B\u00fcchenbach &#8211; Am Dienstagvormittag, den 19.03.2019, wurden w\u00e4hrend einer allgemeinen Verkehrskontrolle gegen 09.50 Uhr bei einem 20-j\u00e4hrigen PKW-Fahrer drogentypische Merkmale festgestellt. Ein deshalb durchgef\u00fchrter Drogentest verlief positiv auf Cannabis, weshalb dem jungen Mann die Weiterfahrt untersagt und eine Blutentnahme veranlasst wurde.<\/span><\/p><h3>Polizei bittet um Mithilfe<\/h3><p><span style=\"font-size: 12pt;\">Personen, die verd\u00e4chtige Beobachtungen in einem der geschilderten F\u00e4lle gemacht haben, werden gebeten, diese der Polizei in Roth unter der Rufnummer 09171-9744-0 mitzuteilen.<\/span><\/p>\t\t\t\t\t\t<\/div>\n\t\t\t\t<\/div>\n\t\t\t\t<div class=\"elementor-element elementor-element-ace1283 elementor-widget-divider--view-line elementor-widget elementor-widget-divider\" data-id=\"ace1283\" data-element_type=\"widget\" data-widget_type=\"divider.default\">\n\t\t\t\t<div class=\"elementor-widget-container\">\n\t\t\t\t\t<div class=\"elementor-divider\">\n\t\t\t<span class=\"elementor-divider-separator\">\n\t\t\t\t\t\t<\/span>\n\t\t<\/div>\n\t\t\t\t<\/div>\n\t\t\t\t<\/div>\n\t\t\t\t<div class=\"elementor-element elementor-element-1l7zbzo elementor-widget elementor-widget-google_maps\" data-id=\"1l7zbzo\" data-element_type=\"widget\" data-widget_type=\"google_maps.default\">\n\t\t\t\t<div class=\"elementor-widget-container\">\n\t\t\t\t\t<div class=\"elementor-custom-embed\">\n\t\t\t<iframe loading=\"lazy\"\n\t\t\t\t\tsrc=\"https:\/\/maps.google.com\/maps?q=Roth%2C%20Deutschland&#038;t=m&#038;z=11&#038;output=embed&#038;iwloc=near\"\n\t\t\t\t\ttitle=\"Roth, Deutschland\"\n\t\t\t\t\taria-label=\"Roth, Deutschland\"\n\t\t\t><\/iframe>\n\t\t<\/div>\n\t\t\t\t<\/div>\n\t\t\t\t<\/div>\n\t\t\t\t\t<\/div>\n\t\t<\/div>\n\t\t\t\t<div class=\"elementor-column elementor-col-50 elementor-top-column elementor-element elementor-element-bca16a1\" data-id=\"bca16a1\" data-element_type=\"column\">\n\t\t\t<div class=\"elementor-widget-wrap elementor-element-populated\">\n\t\t\t\t\t\t<div class=\"elementor-element elementor-element-d99c01b elementor-widget elementor-widget-heading\" data-id=\"d99c01b\" data-element_type=\"widget\" data-widget_type=\"heading.default\">\n\t\t\t\t<div class=\"elementor-widget-container\">\n\t\t\t<h3 class=\"elementor-heading-title elementor-size-default\">Schnell vergleichen und sparen!<\/h3>\t\t<\/div>\n\t\t\t\t<\/div>\n\t\t\t\t<div class=\"elementor-element elementor-element-f8fcb73 elementor-widget elementor-widget-wp-widget-advads_ad_widget\" data-id=\"f8fcb73\" data-element_type=\"widget\" data-widget_type=\"wp-widget-advads_ad_widget.default\">\n\t\t\t\t<div class=\"elementor-widget-container\">\n\t\t\t<div id=\"regio-3221871875\"><div class=\"regio-adlabel\">Werbung<\/div><!-- Beginn https:\/\/www.financeads.net\/-Code --><a href=\"https:\/\/www.financeads.net\/tc.php?t=36648C236142529B\" target=\"_blank\"><img decoding=\"async\" src=\"https:\/\/www.financeads.net\/tb.php?t=36648V236142529B&https=1\" alt=\"\" border=\"0\" width=\"300\" height=\"250\"><\/a><!-- Ende https:\/\/www.financeads.net\/-Code --><\/div>\t\t<\/div>\n\t\t\t\t<\/div>\n\t\t\t\t<div class=\"elementor-element elementor-element-76d498a elementor-widget elementor-widget-wp-widget-advads_ad_widget\" data-id=\"76d498a\" data-element_type=\"widget\" data-widget_type=\"wp-widget-advads_ad_widget.default\">\n\t\t\t\t<div class=\"elementor-widget-container\">\n\t\t\t<div id=\"regio-1294130600\"><div class=\"regio-adlabel\">Werbung<\/div><!-- Beginn https:\/\/www.financeads.net\/-Code --><a href=\"https:\/\/www.financeads.net\/tc.php?t=36648C42614510B\" target=\"_blank\"><img decoding=\"async\" src=\"https:\/\/www.financeads.net\/tb.php?t=36648V42614510B&https=1\" alt=\"\" border=\"0\" width=\"200\" height=\"300\"><\/a><!-- Ende https:\/\/www.financeads.net\/-Code --><\/div>\t\t<\/div>\n\t\t\t\t<\/div>\n\t\t\t\t<div class=\"elementor-element elementor-element-22c1304 elementor-widget elementor-widget-wp-widget-advads_ad_widget\" data-id=\"22c1304\" data-element_type=\"widget\" data-widget_type=\"wp-widget-advads_ad_widget.default\">\n\t\t\t\t<div class=\"elementor-widget-container\">\n\t\t\t<div id=\"regio-1979928059\"><div class=\"regio-adlabel\">Werbung<\/div><!-- Beginn https:\/\/www.financeads.net\/-Code --><a href=\"https:\/\/www.financeads.net\/tc.php?t=36648C205040072B\" target=\"_blank\"><img loading=\"lazy\" decoding=\"async\" src=\"https:\/\/www.financeads.net\/tb.php?t=36648V205040072B&https=1\" alt=\"\" border=\"0\" width=\"300\" height=\"250\"><\/a><!-- Ende https:\/\/www.financeads.net\/-Code --><\/div>\t\t<\/div>\n\t\t\t\t<\/div>\n\t\t\t\t<div class=\"elementor-element elementor-element-a79da85 elementor-widget elementor-widget-wp-widget-advads_ad_widget\" data-id=\"a79da85\" data-element_type=\"widget\" data-widget_type=\"wp-widget-advads_ad_widget.default\">\n\t\t\t\t<div class=\"elementor-widget-container\">\n\t\t\t<div id=\"regio-2899276231\"><div class=\"regio-adlabel\">Werbung<\/div><!-- Beginn https:\/\/www.financeads.net\/-Code --><a href=\"https:\/\/www.financeads.net\/tc.php?t=36648C271460142B\" target=\"_blank\"><img loading=\"lazy\" decoding=\"async\" src=\"https:\/\/www.financeads.net\/tb.php?t=36648V271460142B&https=1\" alt=\"PETPROTECT_Hund&Katze_Banner\" border=\"0\" width=\"250\" height=\"250\"><\/a><!-- Ende https:\/\/www.financeads.net\/-Code --><\/div>\t\t<\/div>\n\t\t\t\t<\/div>\n\t\t\t\t\t<\/div>\n\t\t<\/div>\n\t\t\t\t\t<\/div>\n\t\t<\/section>\n\t\t\t\t<\/div>\n\t\t","protected":false},"excerpt":{"rendered":"<div class=\"mh-excerpt\"><p>PKW angefahren und gefl\u00fcchtet Roth &#8211; In der Zeit zwischen Sonntag, den 17.03.2019, und Montag, den 18.03.2019, wurde ein in der Georg-Mayer-Stra\u00dfe in Roth geparkter VW Golf von einem bislang Unbekannten angefahren und dabei an <a class=\"mh-excerpt-more\" href=\"https:\/\/www.region-schwabach.de\/wordpress\/jede-menge-arbeit-in-den-letzten-tagen-fur-die-beamten-der-pi-roth\/\" title=\"Jede Menge Arbeit in den letzten Tagen f\u00fcr die Beamten der PI Roth\">[&#8230;]<\/a><\/p>\n<\/div>","protected":false},"author":1,"featured_media":86027,"comment_status":"open","ping_status":"open","sticky":false,"template":"","format":"standard","meta":{"_cbd_carousel_blocks":"[]","footnotes":""},"categories":[15],"tags":[7700,7998,8301,8302,8303,8304,1794,8522,492,701,454,643,8619,527,694,463,981,7469,32,815,401,713,1691,430,8618,2634,334,457,1658],"class_list":{"0":"post-86026","1":"post","2":"type-post","3":"status-publish","4":"format-standard","5":"has-post-thumbnail","7":"category-polizeimeldungen","8":"tag-15-03-2019","9":"tag-16-03-2019","10":"tag-17-03-2019","11":"tag-18-03-2019","12":"tag-19-03-2019","13":"tag-20-03-2019","14":"tag-ampelanlage","15":"tag-anfang-maerz","16":"tag-buechenbach","17":"tag-drogen","18":"tag-fahrerflucht","19":"tag-fahrrad","20":"tag-gartenleuchte","21":"tag-georgensgmuend","22":"tag-pfaffenhofen","23":"tag-pkw","24":"tag-polizei","25":"tag-polizei-roth","26":"tag-roth","27":"tag-roettenbach","28":"tag-sachschaden","29":"tag-schaden","30":"tag-schwand","31":"tag-schwanstetten","32":"tag-spielgeraete","33":"tag-strassenlaterne","34":"tag-unfall","35":"tag-unfallflucht","36":"tag-werkzeugcontainer"},"_links":{"self":[{"href":"https:\/\/www.region-schwabach.de\/wordpress\/wp-json\/wp\/v2\/posts\/86026","targetHints":{"allow":["GET"]}}],"collection":[{"href":"https:\/\/www.region-schwabach.de\/wordpress\/wp-json\/wp\/v2\/posts"}],"about":[{"href":"https:\/\/www.region-schwabach.de\/wordpress\/wp-json\/wp\/v2\/types\/post"}],"author":[{"embeddable":true,"href":"https:\/\/www.region-schwabach.de\/wordpress\/wp-json\/wp\/v2\/users\/1"}],"replies":[{"embeddable":true,"href":"https:\/\/www.region-schwabach.de\/wordpress\/wp-json\/wp\/v2\/comments?post=86026"}],"version-history":[{"count":0,"href":"https:\/\/www.region-schwabach.de\/wordpress\/wp-json\/wp\/v2\/posts\/86026\/revisions"}],"wp:featuredmedia":[{"embeddable":true,"href":"https:\/\/www.region-schwabach.de\/wordpress\/wp-json\/wp\/v2\/media\/86027"}],"wp:attachment":[{"href":"https:\/\/www.region-schwabach.de\/wordpress\/wp-json\/wp\/v2\/media?parent=86026"}],"wp:term":[{"taxonomy":"category","embeddable":true,"href":"https:\/\/www.region-schwabach.de\/wordpress\/wp-json\/wp\/v2\/categories?post=86026"},{"taxonomy":"post_tag","embeddable":true,"href":"https:\/\/www.region-schwabach.de\/wordpress\/wp-json\/wp\/v2\/tags?post=86026"}],"curies":[{"name":"wp","href":"https:\/\/api.w.org\/{rel}","templated":true}]}}