{"id":86967,"date":"2019-03-29T00:01:51","date_gmt":"2019-03-28T23:01:51","guid":{"rendered":"http:\/\/www.region-schwabach.de\/wordpress\/?p=86967"},"modified":"2019-03-29T00:01:17","modified_gmt":"2019-03-28T23:01:17","slug":"spatenstich-fur-gefordertes-wohnbauprojekt-in-der-kreuzwegstrasse","status":"publish","type":"post","link":"https:\/\/www.region-schwabach.de\/wordpress\/spatenstich-fur-gefordertes-wohnbauprojekt-in-der-kreuzwegstrasse\/","title":{"rendered":"Spatenstich f\u00fcr gef\u00f6rdertes Wohnbauprojekt in der Kreuzwegstra\u00dfe"},"content":{"rendered":"\t\t<div data-elementor-type=\"wp-post\" data-elementor-id=\"86967\" class=\"elementor elementor-86967\">\n\t\t\t\t\t\t<section class=\"elementor-section elementor-top-section elementor-element elementor-element-678181b elementor-section-boxed elementor-section-height-default elementor-section-height-default\" data-id=\"678181b\" data-element_type=\"section\">\n\t\t\t\t\t\t<div class=\"elementor-container elementor-column-gap-default\">\n\t\t\t\t\t<div class=\"elementor-column elementor-col-66 elementor-top-column elementor-element elementor-element-6b34026\" data-id=\"6b34026\" data-element_type=\"column\">\n\t\t\t<div class=\"elementor-widget-wrap elementor-element-populated\">\n\t\t\t\t\t\t<div class=\"elementor-element elementor-element-443ab98 elementor-widget elementor-widget-text-editor\" data-id=\"443ab98\" data-element_type=\"widget\" data-widget_type=\"text-editor.default\">\n\t\t\t\t<div class=\"elementor-widget-container\">\n\t\t\t\t\t\t\t<h3>25 gef\u00f6rderte Wohnungen entstehen<br \/>Spatenstich in der Kreuzwegstra\u00dfe<\/h3><p><span style=\"font-size: 12pt;\">Schwabach &#8211;\u00a0Premiere f\u00fcr die Stadt Schwabach: Erstmals ist die Kommune Bauherr eines Projekts im gef\u00f6rderten Wohnungsbau. Mit dem Spatenstich ist der Startschuss f\u00fcr den Bau der insgesamt 25 Wohnungen an der Kreuzwegstra\u00dfe erfolgt. M\u00f6glich wird dies durch ein neues F\u00f6rderprogramm des Freistaats, das Kommunen als Bauherren finanziell unterst\u00fctzt. \u201eMit der GEWOBAU haben wir einen zuverl\u00e4ssigen Partner. Sowohl bei der Betreuung und Abwicklung des Bauvorhabens als auch sp\u00e4ter als Verwalter\u201c, sagte Stadtk\u00e4mmerer Sascha Spahic am Rande des Spatenstichs. Die Stadt werde \u00fcber 5 Millionen in das Projekt investieren.<\/span><\/p><h3>Bedarf an gef\u00f6rderten und damit bezahlbaren Wohnungen ist hoch<\/h3><p><span style=\"font-size: 12pt;\">Der Bedarf an gef\u00f6rderten und damit bezahlbaren Wohnungen ist in Schwabach ebenso wie in ganz Bayern unver\u00e4ndert hoch. Die Stadt Schwabach hat daher dieses Projekt als eines der gr\u00f6\u00dften in kommunaler Tr\u00e4gerschaft in Mittelfranken gestartet. Die Wohnungen entstehen in unmittelbarer Nachbarschaft eines neuen Geb\u00e4udes mit 34 gef\u00f6rderten Wohnungen, das die GEWOBAU im Fr\u00fchjahr 2018 als generationen\u00fcbergreifendes Projekt unter dem Motto \u201eMiteinander Wohnen\u201c fertig gestellt hatte. Die GEWOBAU wird auch der Verwalter der Wohnungen sein und steht damit f\u00fcr Fragen zur sp\u00e4teren Vermietung zur Verf\u00fcgung.<\/span><\/p><p><span style=\"font-size: 12pt;\"><strong>Foto (Stadt Schwabach, von links):<\/strong> Gerd Ehemann (gesch\u00e4ftsf\u00fchrender Gesellschafter Engelhard Architekten, Schwabach), Stadtk\u00e4mmerer Sascha Spahic, Oberb\u00fcrgermeister Matthias Th\u00fcrauf, Daniela Bock (Landschaftsarchitektin Grosser-Seeger &amp; Partner), Harald Bergmann<\/span><\/p><h3>Weiterf\u00fchrende Links:<\/h3><p><span style=\"font-size: 12pt;\"><a href=\"https:\/\/www.gewobau-schwabach.de\/\" target=\"_blank\" rel=\"noopener\">Die Homepage der GEWOBAU Schwabach ist hier zu finden &#8230;<\/a><\/span><\/p>\t\t\t\t\t\t<\/div>\n\t\t\t\t<\/div>\n\t\t\t\t<div class=\"elementor-element elementor-element-0c834d7 elementor-widget-divider--view-line elementor-widget elementor-widget-divider\" data-id=\"0c834d7\" data-element_type=\"widget\" data-widget_type=\"divider.default\">\n\t\t\t\t<div class=\"elementor-widget-container\">\n\t\t\t\t\t<div class=\"elementor-divider\">\n\t\t\t<span class=\"elementor-divider-separator\">\n\t\t\t\t\t\t<\/span>\n\t\t<\/div>\n\t\t\t\t<\/div>\n\t\t\t\t<\/div>\n\t\t\t\t<div class=\"elementor-element elementor-element-d08c758 elementor-widget elementor-widget-google_maps\" data-id=\"d08c758\" data-element_type=\"widget\" data-widget_type=\"google_maps.default\">\n\t\t\t\t<div class=\"elementor-widget-container\">\n\t\t\t\t\t<div class=\"elementor-custom-embed\">\n\t\t\t<iframe loading=\"lazy\"\n\t\t\t\t\tsrc=\"https:\/\/maps.google.com\/maps?q=Kreuzwegstra%C3%9Fe%2C%20Schwabach%2C%20Deutschland&#038;t=m&#038;z=17&#038;output=embed&#038;iwloc=near\"\n\t\t\t\t\ttitle=\"Kreuzwegstra\u00dfe, Schwabach, Deutschland\"\n\t\t\t\t\taria-label=\"Kreuzwegstra\u00dfe, Schwabach, Deutschland\"\n\t\t\t><\/iframe>\n\t\t<\/div>\n\t\t\t\t<\/div>\n\t\t\t\t<\/div>\n\t\t\t\t\t<\/div>\n\t\t<\/div>\n\t\t\t\t<div class=\"elementor-column elementor-col-33 elementor-top-column elementor-element elementor-element-f645137\" data-id=\"f645137\" data-element_type=\"column\">\n\t\t\t<div class=\"elementor-widget-wrap elementor-element-populated\">\n\t\t\t\t\t\t<div class=\"elementor-element elementor-element-25043c1 elementor-widget elementor-widget-image\" data-id=\"25043c1\" data-element_type=\"widget\" data-widget_type=\"image.default\">\n\t\t\t\t<div class=\"elementor-widget-container\">\n\t\t\t\t\t\t\t\t\t\t\t\t\t<img fetchpriority=\"high\" decoding=\"async\" width=\"300\" height=\"300\" src=\"https:\/\/www.region-schwabach.de\/wordpress\/wp-content\/uploads\/2018\/04\/werbung1-300x300.png\" class=\"attachment-medium size-medium wp-image-35382\" alt=\"\" srcset=\"https:\/\/www.region-schwabach.de\/wordpress\/wp-content\/uploads\/2018\/04\/werbung1-300x300.png 300w, https:\/\/www.region-schwabach.de\/wordpress\/wp-content\/uploads\/2018\/04\/werbung1-150x150.png 150w, https:\/\/www.region-schwabach.de\/wordpress\/wp-content\/uploads\/2018\/04\/werbung1-768x768.png 768w, https:\/\/www.region-schwabach.de\/wordpress\/wp-content\/uploads\/2018\/04\/werbung1-1024x1024.png 1024w, https:\/\/www.region-schwabach.de\/wordpress\/wp-content\/uploads\/2018\/04\/werbung1.png 1200w\" sizes=\"(max-width: 300px) 100vw, 300px\" \/>\t\t\t\t\t\t\t\t\t\t\t\t\t<\/div>\n\t\t\t\t<\/div>\n\t\t\t\t\t<\/div>\n\t\t<\/div>\n\t\t\t\t\t<\/div>\n\t\t<\/section>\n\t\t\t\t<\/div>\n\t\t","protected":false},"excerpt":{"rendered":"<div class=\"mh-excerpt\"><p>25 gef\u00f6rderte Wohnungen entstehenSpatenstich in der Kreuzwegstra\u00dfe Schwabach &#8211;\u00a0Premiere f\u00fcr die Stadt Schwabach: Erstmals ist die Kommune Bauherr eines Projekts im gef\u00f6rderten Wohnungsbau. Mit dem Spatenstich ist der Startschuss f\u00fcr den Bau der insgesamt 25 <a class=\"mh-excerpt-more\" href=\"https:\/\/www.region-schwabach.de\/wordpress\/spatenstich-fur-gefordertes-wohnbauprojekt-in-der-kreuzwegstrasse\/\" title=\"Spatenstich f\u00fcr gef\u00f6rdertes Wohnbauprojekt in der Kreuzwegstra\u00dfe\">[&#8230;]<\/a><\/p>\n<\/div>","protected":false},"author":1,"featured_media":86968,"comment_status":"open","ping_status":"open","sticky":false,"template":"","format":"standard","meta":{"_cbd_carousel_blocks":"[]","footnotes":""},"categories":[16,1,79,61,231,46],"tags":[8306,8705,8703,8702,3482,8704,4310,1480,19,51,4482],"class_list":{"0":"post-86967","1":"post","2":"type-post","3":"status-publish","4":"format-standard","5":"has-post-thumbnail","7":"category-aktuell","8":"category-allgemein","9":"category-politik","10":"category-rathaus","11":"category-veranstaltungsnews","12":"category-verbaende","13":"tag-25-03-2019","14":"tag-bauherr","15":"tag-foerderprogramm","16":"tag-gefoerdertes-wohnbauprojekt","17":"tag-gewobau","18":"tag-kommune","19":"tag-kreuzwegstrasse","20":"tag-rathaus","21":"tag-schwabach","22":"tag-spatenstich","23":"tag-wohnungen"},"_links":{"self":[{"href":"https:\/\/www.region-schwabach.de\/wordpress\/wp-json\/wp\/v2\/posts\/86967","targetHints":{"allow":["GET"]}}],"collection":[{"href":"https:\/\/www.region-schwabach.de\/wordpress\/wp-json\/wp\/v2\/posts"}],"about":[{"href":"https:\/\/www.region-schwabach.de\/wordpress\/wp-json\/wp\/v2\/types\/post"}],"author":[{"embeddable":true,"href":"https:\/\/www.region-schwabach.de\/wordpress\/wp-json\/wp\/v2\/users\/1"}],"replies":[{"embeddable":true,"href":"https:\/\/www.region-schwabach.de\/wordpress\/wp-json\/wp\/v2\/comments?post=86967"}],"version-history":[{"count":0,"href":"https:\/\/www.region-schwabach.de\/wordpress\/wp-json\/wp\/v2\/posts\/86967\/revisions"}],"wp:featuredmedia":[{"embeddable":true,"href":"https:\/\/www.region-schwabach.de\/wordpress\/wp-json\/wp\/v2\/media\/86968"}],"wp:attachment":[{"href":"https:\/\/www.region-schwabach.de\/wordpress\/wp-json\/wp\/v2\/media?parent=86967"}],"wp:term":[{"taxonomy":"category","embeddable":true,"href":"https:\/\/www.region-schwabach.de\/wordpress\/wp-json\/wp\/v2\/categories?post=86967"},{"taxonomy":"post_tag","embeddable":true,"href":"https:\/\/www.region-schwabach.de\/wordpress\/wp-json\/wp\/v2\/tags?post=86967"}],"curies":[{"name":"wp","href":"https:\/\/api.w.org\/{rel}","templated":true}]}}