{"id":87540,"date":"2019-04-30T00:02:25","date_gmt":"2019-04-29T22:02:25","guid":{"rendered":"http:\/\/www.region-schwabach.de\/wordpress\/?p=87540"},"modified":"2019-04-29T23:58:18","modified_gmt":"2019-04-29T21:58:18","slug":"wanderungen-des-frankischen-albvereins-schwabach-e-v-marz-2019-2","status":"publish","type":"post","link":"https:\/\/www.region-schwabach.de\/wordpress\/wanderungen-des-frankischen-albvereins-schwabach-e-v-marz-2019-2\/","title":{"rendered":"Wanderungen des Fr\u00e4nkischen Albvereins Schwabach e.V. &#8211; April 2019"},"content":{"rendered":"\t\t<div data-elementor-type=\"wp-post\" data-elementor-id=\"87540\" class=\"elementor elementor-87540\">\n\t\t\t\t\t\t<section class=\"elementor-section elementor-top-section elementor-element elementor-element-e04de7f elementor-section-boxed elementor-section-height-default elementor-section-height-default\" data-id=\"e04de7f\" data-element_type=\"section\">\n\t\t\t\t\t\t<div class=\"elementor-container elementor-column-gap-default\">\n\t\t\t\t\t<div class=\"elementor-column elementor-col-50 elementor-top-column elementor-element elementor-element-0e30e33\" data-id=\"0e30e33\" data-element_type=\"column\">\n\t\t\t<div class=\"elementor-widget-wrap elementor-element-populated\">\n\t\t\t\t\t\t<div class=\"elementor-element elementor-element-a6dceac elementor-widget elementor-widget-wp-widget-advads_ad_widget\" data-id=\"a6dceac\" data-element_type=\"widget\" data-widget_type=\"wp-widget-advads_ad_widget.default\">\n\t\t\t\t<div class=\"elementor-widget-container\">\n\t\t\t<div id=\"regio-619949508\"><div class=\"regio-adlabel\">Werbung<\/div><!-- Beginn https:\/\/www.financeads.net\/-Code --><a href=\"https:\/\/www.financeads.net\/tc.php?t=36648C19118058B\" target=\"_blank\"><img fetchpriority=\"high\" decoding=\"async\" src=\"https:\/\/www.financeads.net\/tb.php?t=36648V19118058B&https=1\" alt=\"\" border=\"0\" width=\"728\" height=\"90\"><\/a><!-- Ende https:\/\/www.financeads.net\/-Code --><\/div>\t\t<\/div>\n\t\t\t\t<\/div>\n\t\t\t\t<div class=\"elementor-element elementor-element-1a21863 elementor-widget elementor-widget-heading\" data-id=\"1a21863\" data-element_type=\"widget\" data-widget_type=\"heading.default\">\n\t\t\t\t<div class=\"elementor-widget-container\">\n\t\t\t<h3 class=\"elementor-heading-title elementor-size-default\">Wanderungen des Fr\u00e4nkischen Albvereins Schwabach e.V. \u2013 Februar 2019<\/h3>\t\t<\/div>\n\t\t\t\t<\/div>\n\t\t\t\t<div class=\"elementor-element elementor-element-1331cc3 elementor-widget elementor-widget-text-editor\" data-id=\"1331cc3\" data-element_type=\"widget\" data-widget_type=\"text-editor.default\">\n\t\t\t\t<div class=\"elementor-widget-container\">\n\t\t\t\t\t\t\t<table style=\"border-collapse: collapse; width: 100%;\" border=\"1\"><tbody><tr><td style=\"width: 18.1323%; text-align: center;\"><span style=\"font-size: 12pt;\"><strong>Tag<\/strong><\/span><\/td><td style=\"width: 19.3048%; text-align: center;\"><span style=\"font-size: 12pt;\"><strong>Datum<\/strong><\/span><\/td><td style=\"width: 18.1325%; text-align: center;\"><span style=\"font-size: 12pt;\"><strong>Uhrzeit<\/strong><\/span><\/td><td style=\"width: 44.4304%; text-align: center;\"><span style=\"font-size: 12pt;\"><strong>Wanderung<\/strong><\/span><\/td><\/tr><tr><td style=\"width: 18.1323%;\">\u00a0<\/td><td style=\"width: 19.3048%;\">\u00a0<\/td><td style=\"width: 18.1325%;\">\u00a0<\/td><td style=\"width: 44.4304%;\">\u00a0<\/td><\/tr><tr><td style=\"width: 18.1323%; text-align: center;\"><span style=\"font-size: 12pt;\">Donnerstag<\/span><\/td><td style=\"width: 19.3048%; text-align: center;\"><span style=\"font-size: 12pt;\">04.04.2019<\/span><\/td><td style=\"width: 18.1325%; text-align: center;\"><span style=\"font-size: 12pt;\">08.20 Uhr<\/span><\/td><td style=\"width: 44.4304%;\"><strong><span style=\"font-size: 12pt;\">\u201eFr\u00fchjahrs-Wanderung zu den Christrosen in Hohenstadt\u201c<\/span><\/strong><\/td><\/tr><tr><td style=\"width: 18.1323%; text-align: center;\"><span style=\"font-size: 12pt;\">Sonntag<\/span><\/td><td style=\"width: 19.3048%; text-align: center;\"><span style=\"font-size: 12pt;\">07.04.2019<\/span><\/td><td style=\"width: 18.1325%; text-align: center;\"><span style=\"font-size: 12pt;\">08.25 Uhr<\/span><\/td><td style=\"width: 44.4304%;\"><span style=\"font-size: 12pt;\">\u201e<strong>Zum letzten Karpfen<\/strong>\u201c<\/span><\/td><\/tr><tr><td style=\"width: 18.1323%; text-align: center;\"><span style=\"font-size: 12pt;\">Donnerstag<\/span><\/td><td style=\"width: 19.3048%; text-align: center;\"><span style=\"font-size: 12pt;\">11.04.2019<\/span><\/td><td style=\"width: 18.1325%; text-align: center;\"><span style=\"font-size: 12pt;\">08.00 Uhr<\/span><\/td><td style=\"width: 44.4304%;\"><span style=\"font-size: 12pt;\"><strong>\u201eIm Spalter H\u00fcgelland\u201c<\/strong><\/span><\/td><\/tr><tr><td style=\"width: 18.1323%; text-align: center;\"><span style=\"font-size: 12pt;\">Samstag<\/span><\/td><td style=\"width: 19.3048%; text-align: center;\"><span style=\"font-size: 12pt;\">13.04.2019<\/span><\/td><td style=\"width: 18.1325%; text-align: center;\"><span style=\"font-size: 12pt;\">05.25 Uhr<\/span><\/td><td style=\"width: 44.4304%;\"><span style=\"font-size: 12pt;\"><strong>\u201eGipfeltour\u201c<\/strong><\/span><\/td><\/tr><tr><td style=\"width: 18.1323%; text-align: center;\"><span style=\"font-size: 12pt;\">Sonntag<\/span><\/td><td style=\"width: 19.3048%; text-align: center;\"><span style=\"font-size: 12pt;\">14.04.2019<\/span><\/td><td style=\"width: 18.1325%; text-align: center;\"><span style=\"font-size: 12pt;\">08.10 Uhr<\/span><\/td><td style=\"width: 44.4304%;\"><span style=\"font-size: 12pt;\"><strong>\u201eEine h\u00fcgelige Tour zu s\u00fc\u00dfen Windbeuteln\u201c<\/strong><\/span><\/td><\/tr><tr><td style=\"width: 18.1323%; text-align: center;\"><span style=\"font-size: 12pt;\">Donnerstag<\/span><\/td><td style=\"width: 19.3048%; text-align: center;\"><span style=\"font-size: 12pt;\">25.04.2019<\/span><\/td><td style=\"width: 18.1325%; text-align: center;\"><span style=\"font-size: 12pt;\">10.05 Uhr<\/span><\/td><td style=\"width: 44.4304%;\"><span style=\"font-size: 12pt;\"><strong>\u201eZu den Steinbr\u00fcchen\u00a0 am Glasersberg\u201c<\/strong><\/span><\/td><\/tr><tr><td style=\"width: 18.1323%; text-align: center;\"><span style=\"font-size: 12pt;\">Samstag<\/span><\/td><td style=\"width: 19.3048%; text-align: center;\"><span style=\"font-size: 12pt;\">27.04.2019<\/span><\/td><td style=\"width: 18.1325%; text-align: center;\"><span style=\"font-size: 12pt;\">07.55 Uhr<\/span><\/td><td style=\"width: 44.4304%;\"><span style=\"font-size: 12pt;\"><strong>\u201eZur j\u00e4hrlichen Kirschbl\u00fctenrunde am Westlichen Albrand\u201c<\/strong><\/span><\/td><\/tr><tr><td style=\"width: 18.1323%; text-align: center;\"><span style=\"font-size: 12pt;\">Dienstag<\/span><\/td><td style=\"width: 19.3048%; text-align: center;\"><span style=\"font-size: 12pt;\">30.04.2019<\/span><\/td><td style=\"width: 18.1325%; text-align: center;\"><span style=\"font-size: 12pt;\">18.00 Uhr<\/span><\/td><td style=\"width: 44.4304%;\"><span style=\"font-size: 12pt;\"><strong>\u201e<b>Wander Treff: F\u00fcr \u201eWander \u2013 Interessierte\u201c<\/b>\u201c<\/strong><\/span><\/td><\/tr><\/tbody><\/table><h3>Infos:<\/h3><ul style=\"list-style-type: disc;\"><li><span style=\"font-size: 12pt;\">Treffpunkt ist zum angegebenen Zeitpunkt jeweils am Schwabacher Bahnhof<\/span><\/li><\/ul><h3><span style=\"font-size: 12pt;\">Weiterf\u00fchrende Links:<\/span><\/h3><p><span style=\"font-size: 12pt;\"><a href=\"https:\/\/www.fav-schwabach.de\/Wandern\/index.php\/#STRATP_cm4all_com_widgets_EventCalendar_1970305\" target=\"_blank\" rel=\"noopener\">Homepage des Fr\u00e4nkischen Albvereins Schwabach e.V. &#8230;<\/a><\/span><\/p>\t\t\t\t\t\t<\/div>\n\t\t\t\t<\/div>\n\t\t\t\t<div class=\"elementor-element elementor-element-9c4562b elementor-widget-divider--view-line elementor-widget elementor-widget-divider\" data-id=\"9c4562b\" data-element_type=\"widget\" data-widget_type=\"divider.default\">\n\t\t\t\t<div class=\"elementor-widget-container\">\n\t\t\t\t\t<div class=\"elementor-divider\">\n\t\t\t<span class=\"elementor-divider-separator\">\n\t\t\t\t\t\t<\/span>\n\t\t<\/div>\n\t\t\t\t<\/div>\n\t\t\t\t<\/div>\n\t\t\t\t<div class=\"elementor-element elementor-element-86e1f80 elementor-widget elementor-widget-google_maps\" data-id=\"86e1f80\" data-element_type=\"widget\" data-widget_type=\"google_maps.default\">\n\t\t\t\t<div class=\"elementor-widget-container\">\n\t\t\t\t\t<div class=\"elementor-custom-embed\">\n\t\t\t<iframe loading=\"lazy\"\n\t\t\t\t\tsrc=\"https:\/\/maps.google.com\/maps?q=49.326160%2C%2011.034864&#038;t=m&#038;z=17&#038;output=embed&#038;iwloc=near\"\n\t\t\t\t\ttitle=\"49.326160, 11.034864\"\n\t\t\t\t\taria-label=\"49.326160, 11.034864\"\n\t\t\t><\/iframe>\n\t\t<\/div>\n\t\t\t\t<\/div>\n\t\t\t\t<\/div>\n\t\t\t\t\t<\/div>\n\t\t<\/div>\n\t\t\t\t<div class=\"elementor-column elementor-col-50 elementor-top-column elementor-element elementor-element-71fd63c\" data-id=\"71fd63c\" data-element_type=\"column\">\n\t\t\t<div class=\"elementor-widget-wrap elementor-element-populated\">\n\t\t\t\t\t\t<div class=\"elementor-element elementor-element-aacb5b3 elementor-widget elementor-widget-heading\" data-id=\"aacb5b3\" data-element_type=\"widget\" data-widget_type=\"heading.default\">\n\t\t\t\t<div class=\"elementor-widget-container\">\n\t\t\t<h3 class=\"elementor-heading-title elementor-size-default\">Schnell vergleichen und sparen!<\/h3>\t\t<\/div>\n\t\t\t\t<\/div>\n\t\t\t\t<div class=\"elementor-element elementor-element-1515c99 elementor-widget elementor-widget-wp-widget-advads_ad_widget\" data-id=\"1515c99\" data-element_type=\"widget\" data-widget_type=\"wp-widget-advads_ad_widget.default\">\n\t\t\t\t<div class=\"elementor-widget-container\">\n\t\t\t<div id=\"regio-850440368\"><div class=\"regio-adlabel\">Werbung<\/div><!-- Beginn https:\/\/www.financeads.net\/-Code --><a href=\"https:\/\/www.financeads.net\/tc.php?t=36648C236142529B\" target=\"_blank\"><img decoding=\"async\" src=\"https:\/\/www.financeads.net\/tb.php?t=36648V236142529B&https=1\" alt=\"\" border=\"0\" width=\"300\" height=\"250\"><\/a><!-- Ende https:\/\/www.financeads.net\/-Code --><\/div>\t\t<\/div>\n\t\t\t\t<\/div>\n\t\t\t\t<div class=\"elementor-element elementor-element-d5d2ead elementor-widget elementor-widget-wp-widget-advads_ad_widget\" data-id=\"d5d2ead\" data-element_type=\"widget\" data-widget_type=\"wp-widget-advads_ad_widget.default\">\n\t\t\t\t<div class=\"elementor-widget-container\">\n\t\t\t<div id=\"regio-1251063114\"><div class=\"regio-adlabel\">Werbung<\/div><!-- Beginn https:\/\/www.financeads.net\/-Code --><a href=\"https:\/\/www.financeads.net\/tc.php?t=36648C42614510B\" target=\"_blank\"><img decoding=\"async\" src=\"https:\/\/www.financeads.net\/tb.php?t=36648V42614510B&https=1\" alt=\"\" border=\"0\" width=\"200\" height=\"300\"><\/a><!-- Ende https:\/\/www.financeads.net\/-Code --><\/div>\t\t<\/div>\n\t\t\t\t<\/div>\n\t\t\t\t<div class=\"elementor-element elementor-element-009c9db elementor-widget elementor-widget-wp-widget-advads_ad_widget\" data-id=\"009c9db\" data-element_type=\"widget\" data-widget_type=\"wp-widget-advads_ad_widget.default\">\n\t\t\t\t<div class=\"elementor-widget-container\">\n\t\t\t<div id=\"regio-2824267822\"><div class=\"regio-adlabel\">Werbung<\/div><!-- Beginn https:\/\/www.financeads.net\/-Code --><a href=\"https:\/\/www.financeads.net\/tc.php?t=36648C205040072B\" target=\"_blank\"><img loading=\"lazy\" decoding=\"async\" src=\"https:\/\/www.financeads.net\/tb.php?t=36648V205040072B&https=1\" alt=\"\" border=\"0\" width=\"300\" height=\"250\"><\/a><!-- Ende https:\/\/www.financeads.net\/-Code --><\/div>\t\t<\/div>\n\t\t\t\t<\/div>\n\t\t\t\t<div class=\"elementor-element elementor-element-72225a7 elementor-widget elementor-widget-wp-widget-advads_ad_widget\" data-id=\"72225a7\" data-element_type=\"widget\" data-widget_type=\"wp-widget-advads_ad_widget.default\">\n\t\t\t\t<div class=\"elementor-widget-container\">\n\t\t\t<div id=\"regio-1404156316\"><div class=\"regio-adlabel\">Werbung<\/div><!-- Beginn https:\/\/www.financeads.net\/-Code --><a href=\"https:\/\/www.financeads.net\/tc.php?t=36648C271460142B\" target=\"_blank\"><img loading=\"lazy\" decoding=\"async\" src=\"https:\/\/www.financeads.net\/tb.php?t=36648V271460142B&https=1\" alt=\"PETPROTECT_Hund&Katze_Banner\" border=\"0\" width=\"250\" height=\"250\"><\/a><!-- Ende https:\/\/www.financeads.net\/-Code --><\/div>\t\t<\/div>\n\t\t\t\t<\/div>\n\t\t\t\t\t<\/div>\n\t\t<\/div>\n\t\t\t\t\t<\/div>\n\t\t<\/section>\n\t\t\t\t<\/div>\n\t\t","protected":false},"excerpt":{"rendered":"<div class=\"mh-excerpt\"><p>Wanderungen des Fr\u00e4nkischen Albvereins Schwabach e.V. \u2013 Februar 2019 Tag Datum Uhrzeit Wanderung \u00a0 \u00a0 \u00a0 \u00a0 Donnerstag 04.04.2019 08.20 Uhr \u201eFr\u00fchjahrs-Wanderung zu den Christrosen in Hohenstadt\u201c Sonntag 07.04.2019 08.25 Uhr \u201eZum letzten Karpfen\u201c Donnerstag <a class=\"mh-excerpt-more\" href=\"https:\/\/www.region-schwabach.de\/wordpress\/wanderungen-des-frankischen-albvereins-schwabach-e-v-marz-2019-2\/\" title=\"Wanderungen des Fr\u00e4nkischen Albvereins Schwabach e.V. &#8211; April 2019\">[&#8230;]<\/a><\/p>\n<\/div>","protected":false},"author":1,"featured_media":58809,"comment_status":"open","ping_status":"open","sticky":false,"template":"","format":"standard","meta":{"_cbd_carousel_blocks":"[]","footnotes":""},"categories":[16,287,231,140],"tags":[8775,8776,8777,8553,8554,8778,8779,8780,8066,274,6239,6182,6241,19,6240,8326,6238],"class_list":{"0":"post-87540","1":"post","2":"type-post","3":"status-publish","4":"format-standard","5":"has-post-thumbnail","7":"category-aktuell","8":"category-jugend-und-familie","9":"category-veranstaltungsnews","10":"category-vereine","11":"tag-04-04-2019","12":"tag-07-04-2019","13":"tag-11-04-2019","14":"tag-13-04-2019","15":"tag-14-04-2019","16":"tag-25-04-2019","17":"tag-27-04-2019","18":"tag-30-04-2019","19":"tag-april-2019","20":"tag-bahnhof","21":"tag-fraenkischer-albverein-schwabach-e-v","22":"tag-gasthof-goldener-stern","23":"tag-probewanderung","24":"tag-schwabach","25":"tag-tageswanderung","26":"tag-wander-treff","27":"tag-wanderungen"},"_links":{"self":[{"href":"https:\/\/www.region-schwabach.de\/wordpress\/wp-json\/wp\/v2\/posts\/87540","targetHints":{"allow":["GET"]}}],"collection":[{"href":"https:\/\/www.region-schwabach.de\/wordpress\/wp-json\/wp\/v2\/posts"}],"about":[{"href":"https:\/\/www.region-schwabach.de\/wordpress\/wp-json\/wp\/v2\/types\/post"}],"author":[{"embeddable":true,"href":"https:\/\/www.region-schwabach.de\/wordpress\/wp-json\/wp\/v2\/users\/1"}],"replies":[{"embeddable":true,"href":"https:\/\/www.region-schwabach.de\/wordpress\/wp-json\/wp\/v2\/comments?post=87540"}],"version-history":[{"count":0,"href":"https:\/\/www.region-schwabach.de\/wordpress\/wp-json\/wp\/v2\/posts\/87540\/revisions"}],"wp:featuredmedia":[{"embeddable":true,"href":"https:\/\/www.region-schwabach.de\/wordpress\/wp-json\/wp\/v2\/media\/58809"}],"wp:attachment":[{"href":"https:\/\/www.region-schwabach.de\/wordpress\/wp-json\/wp\/v2\/media?parent=87540"}],"wp:term":[{"taxonomy":"category","embeddable":true,"href":"https:\/\/www.region-schwabach.de\/wordpress\/wp-json\/wp\/v2\/categories?post=87540"},{"taxonomy":"post_tag","embeddable":true,"href":"https:\/\/www.region-schwabach.de\/wordpress\/wp-json\/wp\/v2\/tags?post=87540"}],"curies":[{"name":"wp","href":"https:\/\/api.w.org\/{rel}","templated":true}]}}