{"id":88359,"date":"2019-04-09T00:04:22","date_gmt":"2019-04-08T22:04:22","guid":{"rendered":"http:\/\/www.region-schwabach.de\/wordpress\/?p=88359"},"modified":"2019-04-08T23:50:01","modified_gmt":"2019-04-08T21:50:01","slug":"baum-des-jahres-in-der-brunst-gepflanzt","status":"publish","type":"post","link":"https:\/\/www.region-schwabach.de\/wordpress\/baum-des-jahres-in-der-brunst-gepflanzt\/","title":{"rendered":"Baum des Jahres in der Br\u00fcnst gepflanzt"},"content":{"rendered":"\t\t<div data-elementor-type=\"wp-post\" data-elementor-id=\"88359\" class=\"elementor elementor-88359\">\n\t\t\t\t\t\t<section class=\"elementor-section elementor-top-section elementor-element elementor-element-678181b elementor-section-boxed elementor-section-height-default elementor-section-height-default\" data-id=\"678181b\" data-element_type=\"section\">\n\t\t\t\t\t\t<div class=\"elementor-container elementor-column-gap-default\">\n\t\t\t\t\t<div class=\"elementor-column elementor-col-50 elementor-top-column elementor-element elementor-element-6b34026\" data-id=\"6b34026\" data-element_type=\"column\">\n\t\t\t<div class=\"elementor-widget-wrap elementor-element-populated\">\n\t\t\t\t\t\t<div class=\"elementor-element elementor-element-b89d9d5 elementor-widget elementor-widget-wp-widget-advads_ad_widget\" data-id=\"b89d9d5\" data-element_type=\"widget\" data-widget_type=\"wp-widget-advads_ad_widget.default\">\n\t\t\t\t<div class=\"elementor-widget-container\">\n\t\t\t<div id=\"regio-2277137432\"><div class=\"regio-adlabel\">Werbung<\/div><!-- Beginn https:\/\/www.financeads.net\/-Code --><a href=\"https:\/\/www.financeads.net\/tc.php?t=36648C19118058B\" target=\"_blank\"><img fetchpriority=\"high\" decoding=\"async\" src=\"https:\/\/www.financeads.net\/tb.php?t=36648V19118058B&https=1\" alt=\"\" border=\"0\" width=\"728\" height=\"90\"><\/a><!-- Ende https:\/\/www.financeads.net\/-Code --><\/div>\t\t<\/div>\n\t\t\t\t<\/div>\n\t\t\t\t<div class=\"elementor-element elementor-element-443ab98 elementor-widget elementor-widget-text-editor\" data-id=\"443ab98\" data-element_type=\"widget\" data-widget_type=\"text-editor.default\">\n\t\t\t\t<div class=\"elementor-widget-container\">\n\t\t\t\t\t\t\t<h3>Baum des Jahres 2019 ist die Flatterbl\u00fcme<br \/>Baum des Jahres in der Br\u00fcnst gepflanzt<\/h3><p><span style=\"font-size: 12pt;\">Schwabach &#8211; Seit vielen Jahren wird in Schwabach der \u201eBaum des Jahres\u201c gepflanzt &#8211; zum dritten Mal nun im st\u00e4dtischen Waldst\u00fcck \u201eBr\u00fcnst\u201c. Die Wahl der Stiftung \u201eBaum des Jahres\u201c viel heuer auf die Flatterulme. Damit wird eine Baumart ins Licht der \u00d6ffentlichkeit ger\u00fcckt, die den meisten Menschen unbekannt ist, aber vielseitiges Potenzial besitzt. Im Gegensatz zu den anderen heimischen Ulmenarten ist sie kaum vom Ulmensterben, einer Pilzerkrankung, betroffen.<\/span><\/p><p><span style=\"font-size: 12pt;\">\u201eIn Schwabach, wie in Bayern allgemein, ist der Baum nur selten zu finden\u201c, erkl\u00e4rt Andreas Barthel vom Landschaftspflegeverband Schwabach, der gemeinsam mit der Stadt Schwabach zur der Pflanzung einl\u00e4dt. \u201eNur am Rand des Rednitztals bei Penzendorf stehen einige \u00e4ltere Exemplare. Trotzdem k\u00f6nnen die Schwabacher eine m\u00e4chtige alte Flatterulme besichtigen, ohne in den Wald zu gehen. Denn auf der W\u00f6hrwiese in der Schwabacher Altstadt steht mit vier Metern Stammumfang der zweitgr\u00f6\u00dfte Baum dieser Art in Bayern.\u201c<\/span><\/p><p><span style=\"font-size: 12pt;\">Von Natur aus kommen Flatterulmen in Au- und Feuchtw\u00e4ldern vor. Sie k\u00f6nnen eine Gr\u00f6\u00dfe von 30 bis 40 Metern und einen Stammumfang von bis zu 10 Metern erreichen. Das Holz von Ulme oder wie sie auch genannt wird, R\u00fcster, findet vor allem bei hochwertigen M\u00f6beln und als Furnier Verwendung. In j\u00fcngerer Zeit findet der Baum daher auch in der Forstwirtschaft Interesse und wird auf feuchten Standorten gepflanzt.<\/span><\/p><h3>Weiterf\u00fchrende Links:<\/h3><p><span style=\"font-size: 12pt;\"><a href=\"http:\/\/www.baum-des-jahres.de\" target=\"_blank\" rel=\"noopener\">Weitere Informationen zum Baum des Jahres finden sich im Internet unter &#8230;<\/a><\/span><\/p><p><span style=\"font-size: 12pt;\">Foto (von links): Stadtf\u00f6rster Thomas Knotz, B\u00fcrgermeister Dr. Roland Oeser, Stadtwerke-Gesch\u00e4ftsf\u00fchrer Winfried Klinger, Andreas Barthel (Landschaftspflegeverband Schwabach), Karin Holluba-Rau (Stadtrat), Stadtbaurat Ricus Kerckhoff, Dr. Gerhard Brunner (Stadtrat) und Stadtk\u00e4mmerer Sascha Spahic pflanzen eine Flatterulme in der Br\u00fcnst.<\/span><\/p>\t\t\t\t\t\t<\/div>\n\t\t\t\t<\/div>\n\t\t\t\t<div class=\"elementor-element elementor-element-d36d24f elementor-widget elementor-widget-image\" data-id=\"d36d24f\" data-element_type=\"widget\" data-widget_type=\"image.default\">\n\t\t\t\t<div class=\"elementor-widget-container\">\n\t\t\t\t\t\t\t\t\t\t<figure class=\"wp-caption\">\n\t\t\t\t\t\t\t\t\t\t\t<a href=\"http:\/\/www.region-schwabach.de\/wordpress\/wp-content\/uploads\/2019\/04\/flatterulme-e1554310520259.jpg\" data-elementor-open-lightbox=\"yes\" data-elementor-lightbox-title=\"flatterulme\" data-e-action-hash=\"#elementor-action%3Aaction%3Dlightbox%26settings%3DeyJpZCI6ODc3NDQsInVybCI6Imh0dHBzOlwvXC93d3cucmVnaW9uLXNjaHdhYmFjaC5kZVwvd29yZHByZXNzXC93cC1jb250ZW50XC91cGxvYWRzXC8yMDE5XC8wNFwvZmxhdHRlcnVsbWUtZTE1NTQzMTA1MjAyNTkuanBnIn0%3D\">\n\t\t\t\t\t\t\t<img decoding=\"async\" width=\"960\" height=\"640\" src=\"https:\/\/www.region-schwabach.de\/wordpress\/wp-content\/uploads\/2019\/04\/flatterulme-e1554310520259.jpg\" class=\"attachment-full size-full wp-image-87744\" alt=\"\" \/>\t\t\t\t\t\t\t\t<\/a>\n\t\t\t\t\t\t\t\t\t\t\t<figcaption class=\"widget-image-caption wp-caption-text\">Flatterulme<\/figcaption>\n\t\t\t\t\t\t\t\t\t\t<\/figure>\n\t\t\t\t\t\t\t<\/div>\n\t\t\t\t<\/div>\n\t\t\t\t\t<\/div>\n\t\t<\/div>\n\t\t\t\t<div class=\"elementor-column elementor-col-50 elementor-top-column elementor-element elementor-element-a143cb4\" data-id=\"a143cb4\" data-element_type=\"column\">\n\t\t\t<div class=\"elementor-widget-wrap elementor-element-populated\">\n\t\t\t\t\t\t<div class=\"elementor-element elementor-element-2d35bda elementor-widget elementor-widget-heading\" data-id=\"2d35bda\" data-element_type=\"widget\" data-widget_type=\"heading.default\">\n\t\t\t\t<div class=\"elementor-widget-container\">\n\t\t\t<h3 class=\"elementor-heading-title elementor-size-default\">Schnell vergleichen und sparen!<\/h3>\t\t<\/div>\n\t\t\t\t<\/div>\n\t\t\t\t<div class=\"elementor-element elementor-element-55fbffb elementor-widget elementor-widget-wp-widget-advads_ad_widget\" data-id=\"55fbffb\" data-element_type=\"widget\" data-widget_type=\"wp-widget-advads_ad_widget.default\">\n\t\t\t\t<div class=\"elementor-widget-container\">\n\t\t\t<div id=\"regio-2740786126\"><div class=\"regio-adlabel\">Werbung<\/div><!-- Beginn https:\/\/www.financeads.net\/-Code --><a href=\"https:\/\/www.financeads.net\/tc.php?t=36648C236142529B\" target=\"_blank\"><img decoding=\"async\" src=\"https:\/\/www.financeads.net\/tb.php?t=36648V236142529B&https=1\" alt=\"\" border=\"0\" width=\"300\" height=\"250\"><\/a><!-- Ende https:\/\/www.financeads.net\/-Code --><\/div>\t\t<\/div>\n\t\t\t\t<\/div>\n\t\t\t\t<div class=\"elementor-element elementor-element-8bcf0fe elementor-widget elementor-widget-wp-widget-advads_ad_widget\" data-id=\"8bcf0fe\" data-element_type=\"widget\" data-widget_type=\"wp-widget-advads_ad_widget.default\">\n\t\t\t\t<div class=\"elementor-widget-container\">\n\t\t\t<div id=\"regio-2247362548\"><div class=\"regio-adlabel\">Werbung<\/div><!-- Beginn https:\/\/www.financeads.net\/-Code --><a href=\"https:\/\/www.financeads.net\/tc.php?t=36648C42614510B\" target=\"_blank\"><img loading=\"lazy\" decoding=\"async\" src=\"https:\/\/www.financeads.net\/tb.php?t=36648V42614510B&https=1\" alt=\"\" border=\"0\" width=\"200\" height=\"300\"><\/a><!-- Ende https:\/\/www.financeads.net\/-Code --><\/div>\t\t<\/div>\n\t\t\t\t<\/div>\n\t\t\t\t<div class=\"elementor-element elementor-element-1ec01be elementor-widget elementor-widget-wp-widget-advads_ad_widget\" data-id=\"1ec01be\" data-element_type=\"widget\" data-widget_type=\"wp-widget-advads_ad_widget.default\">\n\t\t\t\t<div class=\"elementor-widget-container\">\n\t\t\t<div id=\"regio-2595102369\"><div class=\"regio-adlabel\">Werbung<\/div><!-- Beginn https:\/\/www.financeads.net\/-Code --><a href=\"https:\/\/www.financeads.net\/tc.php?t=36648C205040072B\" target=\"_blank\"><img loading=\"lazy\" decoding=\"async\" src=\"https:\/\/www.financeads.net\/tb.php?t=36648V205040072B&https=1\" alt=\"\" border=\"0\" width=\"300\" height=\"250\"><\/a><!-- Ende https:\/\/www.financeads.net\/-Code --><\/div>\t\t<\/div>\n\t\t\t\t<\/div>\n\t\t\t\t<div class=\"elementor-element elementor-element-0981a95 elementor-widget elementor-widget-wp-widget-advads_ad_widget\" data-id=\"0981a95\" data-element_type=\"widget\" data-widget_type=\"wp-widget-advads_ad_widget.default\">\n\t\t\t\t<div class=\"elementor-widget-container\">\n\t\t\t<div id=\"regio-3568678402\"><div class=\"regio-adlabel\">Werbung<\/div><!-- Beginn https:\/\/www.financeads.net\/-Code --><a href=\"https:\/\/www.financeads.net\/tc.php?t=36648C271460142B\" target=\"_blank\"><img loading=\"lazy\" decoding=\"async\" src=\"https:\/\/www.financeads.net\/tb.php?t=36648V271460142B&https=1\" alt=\"PETPROTECT_Hund&Katze_Banner\" border=\"0\" width=\"250\" height=\"250\"><\/a><!-- Ende https:\/\/www.financeads.net\/-Code --><\/div>\t\t<\/div>\n\t\t\t\t<\/div>\n\t\t\t\t\t<\/div>\n\t\t<\/div>\n\t\t\t\t\t<\/div>\n\t\t<\/section>\n\t\t\t\t<\/div>\n\t\t","protected":false},"excerpt":{"rendered":"<div class=\"mh-excerpt\"><p>Baum des Jahres 2019 ist die Flatterbl\u00fcmeBaum des Jahres in der Br\u00fcnst gepflanzt Schwabach &#8211; Seit vielen Jahren wird in Schwabach der \u201eBaum des Jahres\u201c gepflanzt &#8211; zum dritten Mal nun im st\u00e4dtischen Waldst\u00fcck \u201eBr\u00fcnst\u201c. <a class=\"mh-excerpt-more\" href=\"https:\/\/www.region-schwabach.de\/wordpress\/baum-des-jahres-in-der-brunst-gepflanzt\/\" title=\"Baum des Jahres in der Br\u00fcnst gepflanzt\">[&#8230;]<\/a><\/p>\n<\/div>","protected":false},"author":1,"featured_media":88360,"comment_status":"open","ping_status":"open","sticky":false,"template":"","format":"standard","meta":{"_cbd_carousel_blocks":"[]","footnotes":""},"categories":[16,1,287,61,203],"tags":[8775,4347,4351,4348,4352,8815,4350,1480,19],"class_list":{"0":"post-88359","1":"post","2":"type-post","3":"status-publish","4":"format-standard","5":"has-post-thumbnail","7":"category-aktuell","8":"category-allgemein","9":"category-jugend-und-familie","10":"category-rathaus","11":"category-umwelt-nachrichten","12":"tag-04-04-2019","13":"tag-baum-des-jahres","14":"tag-baumlehrpfad","15":"tag-bruenst","16":"tag-erholungswald","17":"tag-flatterulme","18":"tag-informationstafel","19":"tag-rathaus","20":"tag-schwabach"},"_links":{"self":[{"href":"https:\/\/www.region-schwabach.de\/wordpress\/wp-json\/wp\/v2\/posts\/88359","targetHints":{"allow":["GET"]}}],"collection":[{"href":"https:\/\/www.region-schwabach.de\/wordpress\/wp-json\/wp\/v2\/posts"}],"about":[{"href":"https:\/\/www.region-schwabach.de\/wordpress\/wp-json\/wp\/v2\/types\/post"}],"author":[{"embeddable":true,"href":"https:\/\/www.region-schwabach.de\/wordpress\/wp-json\/wp\/v2\/users\/1"}],"replies":[{"embeddable":true,"href":"https:\/\/www.region-schwabach.de\/wordpress\/wp-json\/wp\/v2\/comments?post=88359"}],"version-history":[{"count":0,"href":"https:\/\/www.region-schwabach.de\/wordpress\/wp-json\/wp\/v2\/posts\/88359\/revisions"}],"wp:featuredmedia":[{"embeddable":true,"href":"https:\/\/www.region-schwabach.de\/wordpress\/wp-json\/wp\/v2\/media\/88360"}],"wp:attachment":[{"href":"https:\/\/www.region-schwabach.de\/wordpress\/wp-json\/wp\/v2\/media?parent=88359"}],"wp:term":[{"taxonomy":"category","embeddable":true,"href":"https:\/\/www.region-schwabach.de\/wordpress\/wp-json\/wp\/v2\/categories?post=88359"},{"taxonomy":"post_tag","embeddable":true,"href":"https:\/\/www.region-schwabach.de\/wordpress\/wp-json\/wp\/v2\/tags?post=88359"}],"curies":[{"name":"wp","href":"https:\/\/api.w.org\/{rel}","templated":true}]}}