{"id":89036,"date":"2019-04-18T00:05:49","date_gmt":"2019-04-17T22:05:49","guid":{"rendered":"http:\/\/www.region-schwabach.de\/wordpress\/?p=89036"},"modified":"2019-04-17T22:58:08","modified_gmt":"2019-04-17T20:58:08","slug":"anderung-der-mullabfuhr-termine-an-ostern","status":"publish","type":"post","link":"https:\/\/www.region-schwabach.de\/wordpress\/anderung-der-mullabfuhr-termine-an-ostern\/","title":{"rendered":"\u00c4nderung der M\u00fcllabfuhr-Termine an Ostern"},"content":{"rendered":"\t\t<div data-elementor-type=\"wp-post\" data-elementor-id=\"89036\" class=\"elementor elementor-89036\">\n\t\t\t\t\t\t<section class=\"elementor-section elementor-top-section elementor-element elementor-element-tlus4ia elementor-section-boxed elementor-section-height-default elementor-section-height-default\" data-id=\"tlus4ia\" data-element_type=\"section\">\n\t\t\t\t\t\t<div class=\"elementor-container elementor-column-gap-default\">\n\t\t\t\t\t<div class=\"elementor-column elementor-col-50 elementor-top-column elementor-element elementor-element-sphcucl\" data-id=\"sphcucl\" data-element_type=\"column\">\n\t\t\t<div class=\"elementor-widget-wrap elementor-element-populated\">\n\t\t\t\t\t\t<div class=\"elementor-element elementor-element-ed80198 elementor-widget elementor-widget-wp-widget-advads_ad_widget\" data-id=\"ed80198\" data-element_type=\"widget\" data-widget_type=\"wp-widget-advads_ad_widget.default\">\n\t\t\t\t<div class=\"elementor-widget-container\">\n\t\t\t<div id=\"regio-2300511780\"><div class=\"regio-adlabel\">Werbung<\/div><!-- Beginn https:\/\/www.financeads.net\/-Code --><a href=\"https:\/\/www.financeads.net\/tc.php?t=36648C19118058B\" target=\"_blank\"><img fetchpriority=\"high\" decoding=\"async\" src=\"https:\/\/www.financeads.net\/tb.php?t=36648V19118058B&https=1\" alt=\"\" border=\"0\" width=\"728\" height=\"90\"><\/a><!-- Ende https:\/\/www.financeads.net\/-Code --><\/div>\t\t<\/div>\n\t\t\t\t<\/div>\n\t\t\t\t<div class=\"elementor-element elementor-element-4f2h2af elementor-widget elementor-widget-text-editor\" data-id=\"4f2h2af\" data-element_type=\"widget\" data-widget_type=\"text-editor.default\">\n\t\t\t\t<div class=\"elementor-widget-container\">\n\t\t\t\t\t\t\t<h3>\u00c4nderung bei M\u00fcllabfuhrterminen<\/h3><p><span style=\"font-size: 12pt;\">Wegen der Feiertage an Ostern kommt es vereinzelt zu \u00c4nderungen bei den M\u00fcllabfuhrterminen f\u00fcr Restm\u00fcll, Bioabfall und Gelber Sack.<\/span><\/p><h3>Folgende neue\u00a0Termine ergeben sich:<\/h3><h3 style=\"text-align: center;\"><span style=\"color: #76acac;\">Karfreitag<\/span><\/h3><table style=\"height: 105px;\"><tbody><tr style=\"height: 21px;\"><td style=\"height: 21px; width: 200px;\"><span style=\"font-size: 12pt;\"><strong>Urspr\u00fcnglicher Termin<\/strong><\/span><\/td><td style=\"height: 21px; width: 84px;\"><span style=\"font-size: 12pt;\"><strong>Beh\u00e4lter<\/strong><\/span><\/td><td style=\"height: 21px; width: 161px;\"><span style=\"font-size: 12pt;\"><strong>Neuer Abholtermin<\/strong><\/span><\/td><\/tr><tr style=\"height: 21px;\"><td style=\"height: 21px; width: 200px;\">\u00a0<\/td><td style=\"height: 21px; width: 84px;\">\u00a0<\/td><td style=\"height: 21px; width: 161px;\">\u00a0<\/td><\/tr><tr style=\"height: 21px;\"><td style=\"vertical-align: middle; height: 63px; width: 200px;\" rowspan=\"3\"><strong><span style=\"font-size: 12pt;\">Karfreitag<br \/>Freitag, 19. April<\/span><\/strong><\/td><td style=\"height: 21px; width: 84px;\"><span style=\"font-size: 12pt;\">Bioabfall<\/span><\/td><td style=\"height: 21px; width: 161px;\"><span style=\"font-size: 12pt;\">Donnerstag<br \/>18. April<\/span><\/td><\/tr><tr style=\"height: 21px;\"><td style=\"height: 21px; width: 84px;\"><span style=\"font-size: 12pt;\">Gelber Sack<\/span><\/td><td style=\"height: 21px; width: 161px;\"><span style=\"font-size: 12pt;\">Samstag<br \/>13. April<\/span><\/td><\/tr><tr style=\"height: 21px;\"><td style=\"height: 21px; width: 84px;\"><span style=\"font-size: 12pt;\">Restm\u00fcll<\/span><\/td><td style=\"height: 21px; width: 161px;\">&#8212;<\/td><\/tr><\/tbody><\/table><h3 style=\"text-align: center;\"><span style=\"color: #76acac;\">Ostermontag<\/span><\/h3><table style=\"height: 105px;\"><tbody><tr style=\"height: 21px;\"><td style=\"height: 21px; width: 200px;\"><span style=\"font-size: 12pt;\"><strong>Urspr\u00fcnglicher Termin<\/strong><\/span><\/td><td style=\"height: 21px; width: 84px;\"><span style=\"font-size: 12pt;\"><strong>Beh\u00e4lter<\/strong><\/span><\/td><td style=\"height: 21px; width: 161px;\"><span style=\"font-size: 12pt;\"><strong>Neuer Abholtermin<\/strong><\/span><\/td><\/tr><tr style=\"height: 21px;\"><td style=\"height: 21px; width: 200px;\">\u00a0<\/td><td style=\"height: 21px; width: 84px;\">\u00a0<\/td><td style=\"height: 21px; width: 161px;\">\u00a0<\/td><\/tr><tr style=\"height: 21px;\"><td style=\"vertical-align: middle; height: 63px; width: 200px;\" rowspan=\"3\"><strong><span style=\"font-size: 12pt;\">Ostermontag<br \/>Montag, 22. April<\/span><\/strong><\/td><td style=\"height: 21px; width: 84px;\"><span style=\"font-size: 12pt;\">Bioabfall<\/span><\/td><td style=\"height: 21px; width: 161px;\"><span style=\"font-size: 12pt;\">Mittwoch<br \/>24. April<\/span><\/td><\/tr><tr style=\"height: 21px;\"><td style=\"height: 21px; width: 84px;\"><span style=\"font-size: 12pt;\">Gelber Sack<\/span><\/td><td style=\"height: 21px; width: 161px;\"><span style=\"font-size: 12pt;\">Samstag<br \/>27. April<\/span><\/td><\/tr><tr style=\"height: 21px;\"><td style=\"height: 21px; width: 84px;\"><span style=\"font-size: 12pt;\">Restm\u00fcll<\/span><\/td><td style=\"height: 21px; width: 161px;\"><span style=\"font-size: 12pt;\">Dienstag<br \/>23. April<\/span><\/td><\/tr><\/tbody><\/table><h3><strong>Tonnen m\u00fcssen ab 6.30 Uhr bereitstehen<\/strong><\/h3><p><span style=\"font-size: 12pt;\">Die Abfallbeh\u00e4lter m\u00fcssen &#8211; wie immer &#8211; am Abfuhrtag ab 6:30 Uhr fr\u00fch bereitstehen.\u00a0<\/span><\/p><p><span style=\"font-size: 12pt;\"><strong>Ansonsten gilt:<\/strong> Der Deckel muss geschlossen sein, \u00fcberf\u00fcllte Tonnen k\u00f6nnen nicht geleert werden.<\/span><\/p>\t\t\t\t\t\t<\/div>\n\t\t\t\t<\/div>\n\t\t\t\t<section class=\"elementor-section elementor-inner-section elementor-element elementor-element-55b0720 elementor-section-boxed elementor-section-height-default elementor-section-height-default\" data-id=\"55b0720\" data-element_type=\"section\">\n\t\t\t\t\t\t<div class=\"elementor-container elementor-column-gap-default\">\n\t\t\t\t\t<div class=\"elementor-column elementor-col-100 elementor-inner-column elementor-element elementor-element-1c8615d\" data-id=\"1c8615d\" data-element_type=\"column\">\n\t\t\t<div class=\"elementor-widget-wrap elementor-element-populated\">\n\t\t\t\t\t\t<div class=\"elementor-element elementor-element-0c13468 elementor-widget elementor-widget-html\" data-id=\"0c13468\" data-element_type=\"widget\" data-widget_type=\"html.default\">\n\t\t\t\t<div class=\"elementor-widget-container\">\n\t\t\t<iframe style=\"width:120px;height:240px;\" marginwidth=\"0\" marginheight=\"0\" scrolling=\"no\" frameborder=\"0\" src=\"\/\/ws-eu.amazon-adsystem.com\/widgets\/q?ServiceVersion=20070822&OneJS=1&Operation=GetAdHtml&MarketPlace=DE&source=ac&ref=qf_sp_asin_til&ad_type=product_link&tracking_id=hlde-21&marketplace=amazon&region=DE&placement=B06XJVX7QP&asins=B06XJVX7QP&linkId=77888f6f1c29ec8fcb8dbdddea5aa595&show_border=true&link_opens_in_new_window=true&price_color=333333&title_color=0066c0&bg_color=ffffff\"><\/iframe>\n<iframe style=\"width:120px;height:240px;\" marginwidth=\"0\" marginheight=\"0\" scrolling=\"no\" frameborder=\"0\" src=\"\/\/ws-eu.amazon-adsystem.com\/widgets\/q?ServiceVersion=20070822&OneJS=1&Operation=GetAdHtml&MarketPlace=DE&source=ac&ref=qf_sp_asin_til&ad_type=product_link&tracking_id=hlde-21&marketplace=amazon&region=DE&placement=B01I1TSZU8&asins=B01I1TSZU8&linkId=fdf10215da9b1779a81c4f8f9c4d131d&show_border=true&link_opens_in_new_window=true&price_color=333333&title_color=0066c0&bg_color=ffffff\"><\/iframe>\n<iframe style=\"width:120px;height:240px;\" marginwidth=\"0\" marginheight=\"0\" scrolling=\"no\" frameborder=\"0\" src=\"\/\/ws-eu.amazon-adsystem.com\/widgets\/q?ServiceVersion=20070822&OneJS=1&Operation=GetAdHtml&MarketPlace=DE&source=ac&ref=qf_sp_asin_til&ad_type=product_link&tracking_id=hlde-21&marketplace=amazon&region=DE&placement=B014PI4NZK&asins=B014PI4NZK&linkId=74e4968ff5852ef1befbf7609204bded&show_border=true&link_opens_in_new_window=true&price_color=333333&title_color=0066c0&bg_color=ffffff\"><\/iframe>\n<iframe style=\"width:120px;height:240px;\" marginwidth=\"0\" marginheight=\"0\" scrolling=\"no\" frameborder=\"0\" src=\"\/\/ws-eu.amazon-adsystem.com\/widgets\/q?ServiceVersion=20070822&OneJS=1&Operation=GetAdHtml&MarketPlace=DE&source=ac&ref=qf_sp_asin_til&ad_type=product_link&tracking_id=hlde-21&marketplace=amazon&region=DE&placement=B00KOKP8M6&asins=B00KOKP8M6&linkId=e08370493178e77891616a1f3900fbee&show_border=true&link_opens_in_new_window=true&price_color=333333&title_color=0066c0&bg_color=ffffff\"><\/iframe>\t\t<\/div>\n\t\t\t\t<\/div>\n\t\t\t\t\t<\/div>\n\t\t<\/div>\n\t\t\t\t\t<\/div>\n\t\t<\/section>\n\t\t\t\t\t<\/div>\n\t\t<\/div>\n\t\t\t\t<div class=\"elementor-column elementor-col-50 elementor-top-column elementor-element elementor-element-fd42cda\" data-id=\"fd42cda\" data-element_type=\"column\">\n\t\t\t<div class=\"elementor-widget-wrap elementor-element-populated\">\n\t\t\t\t\t\t<div class=\"elementor-element elementor-element-8c2165e elementor-widget elementor-widget-heading\" data-id=\"8c2165e\" data-element_type=\"widget\" data-widget_type=\"heading.default\">\n\t\t\t\t<div class=\"elementor-widget-container\">\n\t\t\t<h3 class=\"elementor-heading-title elementor-size-default\">Schnell vergleichen und sparen!<\/h3>\t\t<\/div>\n\t\t\t\t<\/div>\n\t\t\t\t<div class=\"elementor-element elementor-element-c9bb497 elementor-widget elementor-widget-wp-widget-advads_ad_widget\" data-id=\"c9bb497\" data-element_type=\"widget\" data-widget_type=\"wp-widget-advads_ad_widget.default\">\n\t\t\t\t<div class=\"elementor-widget-container\">\n\t\t\t<div id=\"regio-1314164668\"><div class=\"regio-adlabel\">Werbung<\/div><!-- Beginn https:\/\/www.financeads.net\/-Code --><a href=\"https:\/\/www.financeads.net\/tc.php?t=36648C236142529B\" target=\"_blank\"><img decoding=\"async\" src=\"https:\/\/www.financeads.net\/tb.php?t=36648V236142529B&https=1\" alt=\"\" border=\"0\" width=\"300\" height=\"250\"><\/a><!-- Ende https:\/\/www.financeads.net\/-Code --><\/div>\t\t<\/div>\n\t\t\t\t<\/div>\n\t\t\t\t<div class=\"elementor-element elementor-element-a6b345c elementor-widget elementor-widget-wp-widget-advads_ad_widget\" data-id=\"a6b345c\" data-element_type=\"widget\" data-widget_type=\"wp-widget-advads_ad_widget.default\">\n\t\t\t\t<div class=\"elementor-widget-container\">\n\t\t\t<div id=\"regio-2005141819\"><div class=\"regio-adlabel\">Werbung<\/div><!-- Beginn https:\/\/www.financeads.net\/-Code --><a href=\"https:\/\/www.financeads.net\/tc.php?t=36648C42614510B\" target=\"_blank\"><img decoding=\"async\" src=\"https:\/\/www.financeads.net\/tb.php?t=36648V42614510B&https=1\" alt=\"\" border=\"0\" width=\"200\" height=\"300\"><\/a><!-- Ende https:\/\/www.financeads.net\/-Code --><\/div>\t\t<\/div>\n\t\t\t\t<\/div>\n\t\t\t\t<div class=\"elementor-element elementor-element-fa02259 elementor-widget elementor-widget-wp-widget-advads_ad_widget\" data-id=\"fa02259\" data-element_type=\"widget\" data-widget_type=\"wp-widget-advads_ad_widget.default\">\n\t\t\t\t<div class=\"elementor-widget-container\">\n\t\t\t<div id=\"regio-3796958948\"><div class=\"regio-adlabel\">Werbung<\/div><!-- Beginn https:\/\/www.financeads.net\/-Code --><a href=\"https:\/\/www.financeads.net\/tc.php?t=36648C205040072B\" target=\"_blank\"><img loading=\"lazy\" decoding=\"async\" src=\"https:\/\/www.financeads.net\/tb.php?t=36648V205040072B&https=1\" alt=\"\" border=\"0\" width=\"300\" height=\"250\"><\/a><!-- Ende https:\/\/www.financeads.net\/-Code --><\/div>\t\t<\/div>\n\t\t\t\t<\/div>\n\t\t\t\t<div class=\"elementor-element elementor-element-00c1087 elementor-widget elementor-widget-wp-widget-advads_ad_widget\" data-id=\"00c1087\" data-element_type=\"widget\" data-widget_type=\"wp-widget-advads_ad_widget.default\">\n\t\t\t\t<div class=\"elementor-widget-container\">\n\t\t\t<div id=\"regio-2208382507\"><div class=\"regio-adlabel\">Werbung<\/div><!-- Beginn https:\/\/www.financeads.net\/-Code --><a href=\"https:\/\/www.financeads.net\/tc.php?t=36648C271460142B\" target=\"_blank\"><img loading=\"lazy\" decoding=\"async\" src=\"https:\/\/www.financeads.net\/tb.php?t=36648V271460142B&https=1\" alt=\"PETPROTECT_Hund&Katze_Banner\" border=\"0\" width=\"250\" height=\"250\"><\/a><!-- Ende https:\/\/www.financeads.net\/-Code --><\/div>\t\t<\/div>\n\t\t\t\t<\/div>\n\t\t\t\t\t<\/div>\n\t\t<\/div>\n\t\t\t\t\t<\/div>\n\t\t<\/section>\n\t\t\t\t<\/div>\n\t\t","protected":false},"excerpt":{"rendered":"<div class=\"mh-excerpt\"><p>\u00c4nderung bei M\u00fcllabfuhrterminen Wegen der Feiertage an Ostern kommt es vereinzelt zu \u00c4nderungen bei den M\u00fcllabfuhrterminen f\u00fcr Restm\u00fcll, Bioabfall und Gelber Sack. Folgende neue\u00a0Termine ergeben sich: Karfreitag Urspr\u00fcnglicher Termin Beh\u00e4lter Neuer Abholtermin \u00a0 \u00a0 \u00a0 <a class=\"mh-excerpt-more\" href=\"https:\/\/www.region-schwabach.de\/wordpress\/anderung-der-mullabfuhr-termine-an-ostern\/\" title=\"\u00c4nderung der M\u00fcllabfuhr-Termine an Ostern\">[&#8230;]<\/a><\/p>\n<\/div>","protected":false},"author":1,"featured_media":58673,"comment_status":"open","ping_status":"open","sticky":false,"template":"","format":"standard","meta":{"_cbd_carousel_blocks":"[]","footnotes":""},"categories":[16,13,4306,61,118,203],"tags":[8977,1210,1209,1089,1207,2051,3186,1480,1208,19,3151,6195],"class_list":{"0":"post-89036","1":"post","2":"type-post","3":"status-publish","4":"format-standard","5":"has-post-thumbnail","7":"category-aktuell","8":"category-nachrichten","9":"category-ratgeber","10":"category-rathaus","11":"category-umwelt","12":"category-umwelt-nachrichten","13":"tag-13-bis-27-april-2019","14":"tag-aenderung-abholtermine","15":"tag-bioabfall","16":"tag-gelber-sack","17":"tag-muellabfuhr","18":"tag-neujahr","19":"tag-ostern","20":"tag-rathaus","21":"tag-restmuell","22":"tag-schwabach","23":"tag-stadt-schwabach","24":"tag-tag-der-deutschen-einheit"},"_links":{"self":[{"href":"https:\/\/www.region-schwabach.de\/wordpress\/wp-json\/wp\/v2\/posts\/89036","targetHints":{"allow":["GET"]}}],"collection":[{"href":"https:\/\/www.region-schwabach.de\/wordpress\/wp-json\/wp\/v2\/posts"}],"about":[{"href":"https:\/\/www.region-schwabach.de\/wordpress\/wp-json\/wp\/v2\/types\/post"}],"author":[{"embeddable":true,"href":"https:\/\/www.region-schwabach.de\/wordpress\/wp-json\/wp\/v2\/users\/1"}],"replies":[{"embeddable":true,"href":"https:\/\/www.region-schwabach.de\/wordpress\/wp-json\/wp\/v2\/comments?post=89036"}],"version-history":[{"count":0,"href":"https:\/\/www.region-schwabach.de\/wordpress\/wp-json\/wp\/v2\/posts\/89036\/revisions"}],"wp:featuredmedia":[{"embeddable":true,"href":"https:\/\/www.region-schwabach.de\/wordpress\/wp-json\/wp\/v2\/media\/58673"}],"wp:attachment":[{"href":"https:\/\/www.region-schwabach.de\/wordpress\/wp-json\/wp\/v2\/media?parent=89036"}],"wp:term":[{"taxonomy":"category","embeddable":true,"href":"https:\/\/www.region-schwabach.de\/wordpress\/wp-json\/wp\/v2\/categories?post=89036"},{"taxonomy":"post_tag","embeddable":true,"href":"https:\/\/www.region-schwabach.de\/wordpress\/wp-json\/wp\/v2\/tags?post=89036"}],"curies":[{"name":"wp","href":"https:\/\/api.w.org\/{rel}","templated":true}]}}