{"id":89039,"date":"2019-04-16T00:02:24","date_gmt":"2019-04-15T22:02:24","guid":{"rendered":"http:\/\/www.region-schwabach.de\/wordpress\/?p=89039"},"modified":"2019-04-15T23:48:48","modified_gmt":"2019-04-15T21:48:48","slug":"das-kinderprogramm-pick-fruhjahr-2019-ist-da","status":"publish","type":"post","link":"https:\/\/www.region-schwabach.de\/wordpress\/das-kinderprogramm-pick-fruhjahr-2019-ist-da\/","title":{"rendered":"Das Kinderprogramm PICK Fr\u00fchjahr 2019 ist da"},"content":{"rendered":"\t\t<div data-elementor-type=\"wp-post\" data-elementor-id=\"89039\" class=\"elementor elementor-89039\">\n\t\t\t\t\t\t<section class=\"elementor-section elementor-top-section elementor-element elementor-element-678181b elementor-section-boxed elementor-section-height-default elementor-section-height-default\" data-id=\"678181b\" data-element_type=\"section\">\n\t\t\t\t\t\t<div class=\"elementor-container elementor-column-gap-default\">\n\t\t\t\t\t<div class=\"elementor-column elementor-col-50 elementor-top-column elementor-element elementor-element-6b34026\" data-id=\"6b34026\" data-element_type=\"column\">\n\t\t\t<div class=\"elementor-widget-wrap elementor-element-populated\">\n\t\t\t\t\t\t<div class=\"elementor-element elementor-element-c5b3045 elementor-widget elementor-widget-wp-widget-advads_ad_widget\" data-id=\"c5b3045\" data-element_type=\"widget\" data-widget_type=\"wp-widget-advads_ad_widget.default\">\n\t\t\t\t<div class=\"elementor-widget-container\">\n\t\t\t<div id=\"regio-3865930796\"><div class=\"regio-adlabel\">Werbung<\/div><!-- Beginn https:\/\/www.financeads.net\/-Code --><a href=\"https:\/\/www.financeads.net\/tc.php?t=36648C19118058B\" target=\"_blank\"><img fetchpriority=\"high\" decoding=\"async\" src=\"https:\/\/www.financeads.net\/tb.php?t=36648V19118058B&https=1\" alt=\"\" border=\"0\" width=\"728\" height=\"90\"><\/a><!-- Ende https:\/\/www.financeads.net\/-Code --><\/div>\t\t<\/div>\n\t\t\t\t<\/div>\n\t\t\t\t<div class=\"elementor-element elementor-element-443ab98 elementor-widget elementor-widget-text-editor\" data-id=\"443ab98\" data-element_type=\"widget\" data-widget_type=\"text-editor.default\">\n\t\t\t\t<div class=\"elementor-widget-container\">\n\t\t\t\t\t\t\t<h3>Anmeldung bei Kommunaler Jugendarbeit<br \/>Das Kinderprogramm PICK Fr\u00fchjahr 2019 ist da<\/h3><p><span style=\"font-size: 12pt;\">Schwabach &#8211; Auch in diesem Jahr h\u00e4lt die Kommunale Jugendarbeit wieder kunterbunte Kursangebote f\u00fcr das Fr\u00fchjahr im PICK-Programm bereit. Darunter beispielsweise f\u00fcr die Feinschmecker einen kulinarischen Ausflug nach China oder Spanien. Die Abenteurer k\u00f6nnen sich auf einen Ausflug in den Playmobil-Funpark sowie ins Planetarium freuen.\u00a0<\/span><span style=\"font-size: 12pt;\">K\u00fcnstler kommen beim N\u00e4hen von Schmuseeulen sowie beim Gestalten von Uhren und Regenmachern auf ihre Kosten.<\/span><\/p><p><span style=\"font-size: 12pt;\">Weitere Informationen sind auf dieser Homepage zu finden <a href=\"http:\/\/www.schwabach.de\/pick-fruehjahr2019\" target=\"_blank\" rel=\"noopener\">www.schwabach.de\/pick-fruehjahr2019<\/a>. Anmeldungen f\u00fcr die Fr\u00fchjahrskurse sind zu den \u00d6ffnungszeiten im B\u00fcro der Kommunalen Jugendarbeit, N\u00f6rdliche Ringstra\u00dfe 2 a-c, Zimmer 1.19 m\u00f6glich.<\/span><\/p><p><span style=\"font-size: 12pt;\">Wer sich erkundigen m\u00f6chte, ob gew\u00fcnschte Kurse noch frei sind, kann zuvor unter Telefon 09122 860-368 anrufen. Die \u00d6ffnungszeiten sind: montags und dienstags von 8 bis 12 Uhr, dienstags und donnerstags von 14 bis 16 Uhr, mittwochs und freitags geschlossen.<\/span><\/p><h3>Weiterf\u00fchrende Links:<\/h3><p><span style=\"font-size: 12pt;\"><a dir=\"ltr\" title=\"Hier finden Sie das PICK Fr\u00fchjahrsprogramm 2018 als PDF- Datei\" href=\"https:\/\/www.schwabach.de\/images\/referate\/referat_2\/Kommunale_Jugendarbeit\/Pick\/Homepage_PICK_Fr%C3%BChjahr_Freizeiten_2019.pdf\" target=\"_blank\" rel=\"noopener\">PICK Ferienprogramm 2019<\/a><\/span><\/p>\t\t\t\t\t\t<\/div>\n\t\t\t\t<\/div>\n\t\t\t\t\t<\/div>\n\t\t<\/div>\n\t\t\t\t<div class=\"elementor-column elementor-col-50 elementor-top-column elementor-element elementor-element-6c28471\" data-id=\"6c28471\" data-element_type=\"column\">\n\t\t\t<div class=\"elementor-widget-wrap elementor-element-populated\">\n\t\t\t\t\t\t<div class=\"elementor-element elementor-element-df2e417 elementor-widget elementor-widget-heading\" data-id=\"df2e417\" data-element_type=\"widget\" data-widget_type=\"heading.default\">\n\t\t\t\t<div class=\"elementor-widget-container\">\n\t\t\t<h3 class=\"elementor-heading-title elementor-size-default\">Schnell vergleichen und sparen!<\/h3>\t\t<\/div>\n\t\t\t\t<\/div>\n\t\t\t\t<div class=\"elementor-element elementor-element-3245410 elementor-widget elementor-widget-wp-widget-advads_ad_widget\" data-id=\"3245410\" data-element_type=\"widget\" data-widget_type=\"wp-widget-advads_ad_widget.default\">\n\t\t\t\t<div class=\"elementor-widget-container\">\n\t\t\t<div id=\"regio-861399649\"><div class=\"regio-adlabel\">Werbung<\/div><!-- Beginn https:\/\/www.financeads.net\/-Code --><a href=\"https:\/\/www.financeads.net\/tc.php?t=36648C236142529B\" target=\"_blank\"><img decoding=\"async\" src=\"https:\/\/www.financeads.net\/tb.php?t=36648V236142529B&https=1\" alt=\"\" border=\"0\" width=\"300\" height=\"250\"><\/a><!-- Ende https:\/\/www.financeads.net\/-Code --><\/div>\t\t<\/div>\n\t\t\t\t<\/div>\n\t\t\t\t<div class=\"elementor-element elementor-element-52ae677 elementor-widget elementor-widget-wp-widget-advads_ad_widget\" data-id=\"52ae677\" data-element_type=\"widget\" data-widget_type=\"wp-widget-advads_ad_widget.default\">\n\t\t\t\t<div class=\"elementor-widget-container\">\n\t\t\t<div id=\"regio-588309431\"><div class=\"regio-adlabel\">Werbung<\/div><!-- Beginn https:\/\/www.financeads.net\/-Code --><a href=\"https:\/\/www.financeads.net\/tc.php?t=36648C42614510B\" target=\"_blank\"><img decoding=\"async\" src=\"https:\/\/www.financeads.net\/tb.php?t=36648V42614510B&https=1\" alt=\"\" border=\"0\" width=\"200\" height=\"300\"><\/a><!-- Ende https:\/\/www.financeads.net\/-Code --><\/div>\t\t<\/div>\n\t\t\t\t<\/div>\n\t\t\t\t<div class=\"elementor-element elementor-element-a685197 elementor-widget elementor-widget-wp-widget-advads_ad_widget\" data-id=\"a685197\" data-element_type=\"widget\" data-widget_type=\"wp-widget-advads_ad_widget.default\">\n\t\t\t\t<div class=\"elementor-widget-container\">\n\t\t\t<div id=\"regio-3853363220\"><div class=\"regio-adlabel\">Werbung<\/div><!-- Beginn https:\/\/www.financeads.net\/-Code --><a href=\"https:\/\/www.financeads.net\/tc.php?t=36648C205040072B\" target=\"_blank\"><img loading=\"lazy\" decoding=\"async\" src=\"https:\/\/www.financeads.net\/tb.php?t=36648V205040072B&https=1\" alt=\"\" border=\"0\" width=\"300\" height=\"250\"><\/a><!-- Ende https:\/\/www.financeads.net\/-Code --><\/div>\t\t<\/div>\n\t\t\t\t<\/div>\n\t\t\t\t<div class=\"elementor-element elementor-element-4c76a9b elementor-widget elementor-widget-wp-widget-advads_ad_widget\" data-id=\"4c76a9b\" data-element_type=\"widget\" data-widget_type=\"wp-widget-advads_ad_widget.default\">\n\t\t\t\t<div class=\"elementor-widget-container\">\n\t\t\t<div id=\"regio-2035970128\"><div class=\"regio-adlabel\">Werbung<\/div><!-- Beginn https:\/\/www.financeads.net\/-Code --><a href=\"https:\/\/www.financeads.net\/tc.php?t=36648C271460142B\" target=\"_blank\"><img loading=\"lazy\" decoding=\"async\" src=\"https:\/\/www.financeads.net\/tb.php?t=36648V271460142B&https=1\" alt=\"PETPROTECT_Hund&Katze_Banner\" border=\"0\" width=\"250\" height=\"250\"><\/a><!-- Ende https:\/\/www.financeads.net\/-Code --><\/div>\t\t<\/div>\n\t\t\t\t<\/div>\n\t\t\t\t\t<\/div>\n\t\t<\/div>\n\t\t\t\t\t<\/div>\n\t\t<\/section>\n\t\t\t\t<\/div>\n\t\t","protected":false},"excerpt":{"rendered":"<div class=\"mh-excerpt\"><p>Anmeldung bei Kommunaler JugendarbeitDas Kinderprogramm PICK Fr\u00fchjahr 2019 ist da Schwabach &#8211; Auch in diesem Jahr h\u00e4lt die Kommunale Jugendarbeit wieder kunterbunte Kursangebote f\u00fcr das Fr\u00fchjahr im PICK-Programm bereit. Darunter beispielsweise f\u00fcr die Feinschmecker einen <a class=\"mh-excerpt-more\" href=\"https:\/\/www.region-schwabach.de\/wordpress\/das-kinderprogramm-pick-fruhjahr-2019-ist-da\/\" title=\"Das Kinderprogramm PICK Fr\u00fchjahr 2019 ist da\">[&#8230;]<\/a><\/p>\n<\/div>","protected":false},"author":1,"featured_media":89040,"comment_status":"open","ping_status":"open","sticky":false,"template":"","format":"standard","meta":{"_cbd_carousel_blocks":"[]","footnotes":""},"categories":[16,287,61,203,46],"tags":[4249,4247,4250,3555,4245,1480,19,5325,4251],"class_list":{"0":"post-89039","1":"post","2":"type-post","3":"status-publish","4":"format-standard","5":"has-post-thumbnail","7":"category-aktuell","8":"category-jugend-und-familie","9":"category-rathaus","10":"category-umwelt-nachrichten","11":"category-verbaende","12":"tag-ausfluege","13":"tag-kommunale-jugendarbeit","14":"tag-kreativangebote","15":"tag-pfingstferien","16":"tag-pick","17":"tag-rathaus","18":"tag-schwabach","19":"tag-sommerferienprogramm","20":"tag-sportliche-aktivitaeten"},"_links":{"self":[{"href":"https:\/\/www.region-schwabach.de\/wordpress\/wp-json\/wp\/v2\/posts\/89039","targetHints":{"allow":["GET"]}}],"collection":[{"href":"https:\/\/www.region-schwabach.de\/wordpress\/wp-json\/wp\/v2\/posts"}],"about":[{"href":"https:\/\/www.region-schwabach.de\/wordpress\/wp-json\/wp\/v2\/types\/post"}],"author":[{"embeddable":true,"href":"https:\/\/www.region-schwabach.de\/wordpress\/wp-json\/wp\/v2\/users\/1"}],"replies":[{"embeddable":true,"href":"https:\/\/www.region-schwabach.de\/wordpress\/wp-json\/wp\/v2\/comments?post=89039"}],"version-history":[{"count":0,"href":"https:\/\/www.region-schwabach.de\/wordpress\/wp-json\/wp\/v2\/posts\/89039\/revisions"}],"wp:featuredmedia":[{"embeddable":true,"href":"https:\/\/www.region-schwabach.de\/wordpress\/wp-json\/wp\/v2\/media\/89040"}],"wp:attachment":[{"href":"https:\/\/www.region-schwabach.de\/wordpress\/wp-json\/wp\/v2\/media?parent=89039"}],"wp:term":[{"taxonomy":"category","embeddable":true,"href":"https:\/\/www.region-schwabach.de\/wordpress\/wp-json\/wp\/v2\/categories?post=89039"},{"taxonomy":"post_tag","embeddable":true,"href":"https:\/\/www.region-schwabach.de\/wordpress\/wp-json\/wp\/v2\/tags?post=89039"}],"curies":[{"name":"wp","href":"https:\/\/api.w.org\/{rel}","templated":true}]}}