{"id":89043,"date":"2019-04-16T00:03:16","date_gmt":"2019-04-15T22:03:16","guid":{"rendered":"http:\/\/www.region-schwabach.de\/wordpress\/?p=89043"},"modified":"2019-04-15T23:49:34","modified_gmt":"2019-04-15T21:49:34","slug":"karten-fur-diverse-veranstaltungen-der-stadt-schwabach-im-vorverkauf","status":"publish","type":"post","link":"https:\/\/www.region-schwabach.de\/wordpress\/karten-fur-diverse-veranstaltungen-der-stadt-schwabach-im-vorverkauf\/","title":{"rendered":"Karten f\u00fcr diverse Veranstaltungen der Stadt Schwabach im Vorverkauf"},"content":{"rendered":"\t\t<div data-elementor-type=\"wp-post\" data-elementor-id=\"89043\" class=\"elementor elementor-89043\">\n\t\t\t\t\t\t<section class=\"elementor-section elementor-top-section elementor-element elementor-element-678181b elementor-section-boxed elementor-section-height-default elementor-section-height-default\" data-id=\"678181b\" data-element_type=\"section\">\n\t\t\t\t\t\t<div class=\"elementor-container elementor-column-gap-default\">\n\t\t\t\t\t<div class=\"elementor-column elementor-col-50 elementor-top-column elementor-element elementor-element-6b34026\" data-id=\"6b34026\" data-element_type=\"column\">\n\t\t\t<div class=\"elementor-widget-wrap elementor-element-populated\">\n\t\t\t\t\t\t<div class=\"elementor-element elementor-element-ae8d959 elementor-widget elementor-widget-wp-widget-advads_ad_widget\" data-id=\"ae8d959\" data-element_type=\"widget\" data-widget_type=\"wp-widget-advads_ad_widget.default\">\n\t\t\t\t<div class=\"elementor-widget-container\">\n\t\t\t<div id=\"regio-3366203416\"><div class=\"regio-adlabel\">Werbung<\/div><!-- Beginn https:\/\/www.financeads.net\/-Code --><a href=\"https:\/\/www.financeads.net\/tc.php?t=36648C19118058B\" target=\"_blank\"><img fetchpriority=\"high\" decoding=\"async\" src=\"https:\/\/www.financeads.net\/tb.php?t=36648V19118058B&https=1\" alt=\"\" border=\"0\" width=\"728\" height=\"90\"><\/a><!-- Ende https:\/\/www.financeads.net\/-Code --><\/div>\t\t<\/div>\n\t\t\t\t<\/div>\n\t\t\t\t<div class=\"elementor-element elementor-element-443ab98 elementor-widget elementor-widget-text-editor\" data-id=\"443ab98\" data-element_type=\"widget\" data-widget_type=\"text-editor.default\">\n\t\t\t\t<div class=\"elementor-widget-container\">\n\t\t\t\t\t\t\t<h3>F\u00fcr figuren.theater.festival, \u201eFr\u00e4nkischer Sommer\u201c und Ritmos Latinos:<br \/>Festival-Karten ab sofort im Vorverkauf<\/h3><p><span style=\"font-size: 12pt;\">Schwabach &#8211; F\u00fcr gleich drei Kultur-Festivals in Schwabach gilt es, sich bald Karten zu sichern: Zwischen dem 25. Mai und dem 4. Juni werden verschiedene Auff\u00fchrungen und eine Installation des figuren.theater.festivals in Schwabach zu sehen sein, Karten daf\u00fcr gibt es ab dem 13. April im B\u00fcrgerb\u00fcro im Rathaus.<\/span><\/p><p><span style=\"font-size: 12pt;\">Es ist f\u00fcr alle etwas dabei: ein Kinder-Maltheater, \u201eMacbeth f\u00fcr Anf\u00e4nger\u201c, eine Videoproduktion f\u00fcr Jugendliche, eine Lovestory und eine Theater- Installation auf dem K\u00f6nigsplatz. Alle Infos gibt es unter <a href=\"http:\/\/www.figurentheaterfestival.de\" target=\"_blank\" rel=\"noopener\">www.figurentheaterfestival.de<\/a>.<\/span><\/p><h3>Fr\u00e4nkischer Sommer<\/h3><p><span style=\"font-size: 12pt;\">Die renommierte Musikreihe \u201eFr\u00e4nkischer Sommer\u201c gastiert am 26. Mai in der Schwabacher Stadtkirche. Zu h\u00f6ren sind die Sopranistinnen Nuria Rial und Heidi Elisabeth Meier sowie der Tenor J\u00f6rg D\u00fcrm\u00fcller mit Michi Gaiggs hoch angesehenem L\u2018Orfeo Barockorchester und dem Kammerchor der Universit\u00e4t Erlangen-N\u00fcrnberg unter der Leitung des Intendanten Julian Christoph T\u00f6lle. Informationen und Karten unter www.fraenkischer-sommer.de, auf <a href=\"http:\/\/www.schwabach.de\/kulturportal\" target=\"_blank\" rel=\"noopener\">www.schwabach.de\/kulturportal<\/a> sowie an allen bekannten Vorverkaufsstellen.<\/span><\/p><h3>\u201eRitmos Latinos\u201c<\/h3><p><span style=\"font-size: 12pt;\">Im Juni gibt es wieder \u201eRitmos Latinos\u201c im Apothekersgarten. Das Festival startet am Freitag, 21. Juni, mit Kl\u00e4ngen aus ganz Brasilien von Z\u00e9lia Fonseca und Band (20 Uhr). Am Samstag gastieren Conexi\u00f3n Cubana, eine der besten Son-Cubano Gruppen, die Kuba zu bieten hat (20 Uhr). Den Abschluss macht die siebenk\u00f6pfige Formation Taxxi Tango XXI am Sonntag, 23. Juni, 17 Uhr. Sie bringen die Atmosph\u00e4re einer argentinischen \u201eMilonga\u201c nach Schwabach.<\/span><\/p><h3>Infos:<\/h3><p><span style=\"font-size: 12pt;\">Karten f\u00fcr alle Konzerte gibt es ab sofort ebenfalls im B\u00fcrgerb\u00fcro im Rathaus (Telefon 09122 860-0) und bei <a href=\"http:\/\/reservix.de\" target=\"_blank\" rel=\"noopener\">reservix.de<\/a><\/span><\/p><p><span style=\"font-size: 12pt;\"><strong>Foto (Christine Sch\u00f6n):<\/strong> Bereits im Jubil\u00e4umsjahr 2017 gastierte der \u201eFr\u00e4nkische Sommer\u201c in Schwabach.<\/span><\/p>\t\t\t\t\t\t<\/div>\n\t\t\t\t<\/div>\n\t\t\t\t<div class=\"elementor-element elementor-element-0c834d7 elementor-widget-divider--view-line elementor-widget elementor-widget-divider\" data-id=\"0c834d7\" data-element_type=\"widget\" data-widget_type=\"divider.default\">\n\t\t\t\t<div class=\"elementor-widget-container\">\n\t\t\t\t\t<div class=\"elementor-divider\">\n\t\t\t<span class=\"elementor-divider-separator\">\n\t\t\t\t\t\t<\/span>\n\t\t<\/div>\n\t\t\t\t<\/div>\n\t\t\t\t<\/div>\n\t\t\t\t<div class=\"elementor-element elementor-element-325f51f elementor-widget elementor-widget-google_maps\" data-id=\"325f51f\" data-element_type=\"widget\" data-widget_type=\"google_maps.default\">\n\t\t\t\t<div class=\"elementor-widget-container\">\n\t\t\t\t\t<div class=\"elementor-custom-embed\">\n\t\t\t<iframe loading=\"lazy\"\n\t\t\t\t\tsrc=\"https:\/\/maps.google.com\/maps?q=K%C3%B6nigsplatz1%2C%20Schwabach%2C%20Deutschland&#038;t=m&#038;z=17&#038;output=embed&#038;iwloc=near\"\n\t\t\t\t\ttitle=\"K\u00f6nigsplatz1, Schwabach, Deutschland\"\n\t\t\t\t\taria-label=\"K\u00f6nigsplatz1, Schwabach, Deutschland\"\n\t\t\t><\/iframe>\n\t\t<\/div>\n\t\t\t\t<\/div>\n\t\t\t\t<\/div>\n\t\t\t\t\t<\/div>\n\t\t<\/div>\n\t\t\t\t<div class=\"elementor-column elementor-col-50 elementor-top-column elementor-element elementor-element-34ab3cd\" data-id=\"34ab3cd\" data-element_type=\"column\">\n\t\t\t<div class=\"elementor-widget-wrap elementor-element-populated\">\n\t\t\t\t\t\t<div class=\"elementor-element elementor-element-a8c5ecd elementor-widget elementor-widget-heading\" data-id=\"a8c5ecd\" data-element_type=\"widget\" data-widget_type=\"heading.default\">\n\t\t\t\t<div class=\"elementor-widget-container\">\n\t\t\t<h3 class=\"elementor-heading-title elementor-size-default\">Schnell vergleichen und sparen!<\/h3>\t\t<\/div>\n\t\t\t\t<\/div>\n\t\t\t\t<div class=\"elementor-element elementor-element-54a5539 elementor-widget elementor-widget-wp-widget-advads_ad_widget\" data-id=\"54a5539\" data-element_type=\"widget\" data-widget_type=\"wp-widget-advads_ad_widget.default\">\n\t\t\t\t<div class=\"elementor-widget-container\">\n\t\t\t<div id=\"regio-202681675\"><div class=\"regio-adlabel\">Werbung<\/div><!-- Beginn https:\/\/www.financeads.net\/-Code --><a href=\"https:\/\/www.financeads.net\/tc.php?t=36648C236142529B\" target=\"_blank\"><img decoding=\"async\" src=\"https:\/\/www.financeads.net\/tb.php?t=36648V236142529B&https=1\" alt=\"\" border=\"0\" width=\"300\" height=\"250\"><\/a><!-- Ende https:\/\/www.financeads.net\/-Code --><\/div>\t\t<\/div>\n\t\t\t\t<\/div>\n\t\t\t\t<div class=\"elementor-element elementor-element-a66ed6b elementor-widget elementor-widget-wp-widget-advads_ad_widget\" data-id=\"a66ed6b\" data-element_type=\"widget\" data-widget_type=\"wp-widget-advads_ad_widget.default\">\n\t\t\t\t<div class=\"elementor-widget-container\">\n\t\t\t<div id=\"regio-1740600031\"><div class=\"regio-adlabel\">Werbung<\/div><!-- Beginn https:\/\/www.financeads.net\/-Code --><a href=\"https:\/\/www.financeads.net\/tc.php?t=36648C42614510B\" target=\"_blank\"><img decoding=\"async\" src=\"https:\/\/www.financeads.net\/tb.php?t=36648V42614510B&https=1\" alt=\"\" border=\"0\" width=\"200\" height=\"300\"><\/a><!-- Ende https:\/\/www.financeads.net\/-Code --><\/div>\t\t<\/div>\n\t\t\t\t<\/div>\n\t\t\t\t<div class=\"elementor-element elementor-element-5c3cd3b elementor-widget elementor-widget-wp-widget-advads_ad_widget\" data-id=\"5c3cd3b\" data-element_type=\"widget\" data-widget_type=\"wp-widget-advads_ad_widget.default\">\n\t\t\t\t<div class=\"elementor-widget-container\">\n\t\t\t<div id=\"regio-929930772\"><div class=\"regio-adlabel\">Werbung<\/div><!-- Beginn https:\/\/www.financeads.net\/-Code --><a href=\"https:\/\/www.financeads.net\/tc.php?t=36648C205040072B\" target=\"_blank\"><img loading=\"lazy\" decoding=\"async\" src=\"https:\/\/www.financeads.net\/tb.php?t=36648V205040072B&https=1\" alt=\"\" border=\"0\" width=\"300\" height=\"250\"><\/a><!-- Ende https:\/\/www.financeads.net\/-Code --><\/div>\t\t<\/div>\n\t\t\t\t<\/div>\n\t\t\t\t<div class=\"elementor-element elementor-element-985f83f elementor-widget elementor-widget-wp-widget-advads_ad_widget\" data-id=\"985f83f\" data-element_type=\"widget\" data-widget_type=\"wp-widget-advads_ad_widget.default\">\n\t\t\t\t<div class=\"elementor-widget-container\">\n\t\t\t<div id=\"regio-3504916837\"><div class=\"regio-adlabel\">Werbung<\/div><!-- Beginn https:\/\/www.financeads.net\/-Code --><a href=\"https:\/\/www.financeads.net\/tc.php?t=36648C271460142B\" target=\"_blank\"><img loading=\"lazy\" decoding=\"async\" src=\"https:\/\/www.financeads.net\/tb.php?t=36648V271460142B&https=1\" alt=\"PETPROTECT_Hund&Katze_Banner\" border=\"0\" width=\"250\" height=\"250\"><\/a><!-- Ende https:\/\/www.financeads.net\/-Code --><\/div>\t\t<\/div>\n\t\t\t\t<\/div>\n\t\t\t\t\t<\/div>\n\t\t<\/div>\n\t\t\t\t\t<\/div>\n\t\t<\/section>\n\t\t\t\t<\/div>\n\t\t","protected":false},"excerpt":{"rendered":"<div class=\"mh-excerpt\"><p>F\u00fcr figuren.theater.festival, \u201eFr\u00e4nkischer Sommer\u201c und Ritmos Latinos:Festival-Karten ab sofort im Vorverkauf Schwabach &#8211; F\u00fcr gleich drei Kultur-Festivals in Schwabach gilt es, sich bald Karten zu sichern: Zwischen dem 25. Mai und dem 4. Juni werden <a class=\"mh-excerpt-more\" href=\"https:\/\/www.region-schwabach.de\/wordpress\/karten-fur-diverse-veranstaltungen-der-stadt-schwabach-im-vorverkauf\/\" title=\"Karten f\u00fcr diverse Veranstaltungen der Stadt Schwabach im Vorverkauf\">[&#8230;]<\/a><\/p>\n<\/div>","protected":false},"author":1,"featured_media":89044,"comment_status":"open","ping_status":"open","sticky":false,"template":"","format":"standard","meta":{"_cbd_carousel_blocks":"[]","footnotes":""},"categories":[16,287,61,231,46],"tags":[74,8980,8978,8979,522,1480,4391,19,3151],"class_list":{"0":"post-89043","1":"post","2":"type-post","3":"status-publish","4":"format-standard","5":"has-post-thumbnail","7":"category-aktuell","8":"category-jugend-und-familie","9":"category-rathaus","10":"category-veranstaltungsnews","11":"category-verbaende","12":"tag-buergerbuero","13":"tag-festival-karten","14":"tag-figuren-theater-festival","15":"tag-fraenkischer-sommer","16":"tag-koenigsplatz","17":"tag-rathaus","18":"tag-ritmos-latinos","19":"tag-schwabach","20":"tag-stadt-schwabach"},"_links":{"self":[{"href":"https:\/\/www.region-schwabach.de\/wordpress\/wp-json\/wp\/v2\/posts\/89043","targetHints":{"allow":["GET"]}}],"collection":[{"href":"https:\/\/www.region-schwabach.de\/wordpress\/wp-json\/wp\/v2\/posts"}],"about":[{"href":"https:\/\/www.region-schwabach.de\/wordpress\/wp-json\/wp\/v2\/types\/post"}],"author":[{"embeddable":true,"href":"https:\/\/www.region-schwabach.de\/wordpress\/wp-json\/wp\/v2\/users\/1"}],"replies":[{"embeddable":true,"href":"https:\/\/www.region-schwabach.de\/wordpress\/wp-json\/wp\/v2\/comments?post=89043"}],"version-history":[{"count":0,"href":"https:\/\/www.region-schwabach.de\/wordpress\/wp-json\/wp\/v2\/posts\/89043\/revisions"}],"wp:featuredmedia":[{"embeddable":true,"href":"https:\/\/www.region-schwabach.de\/wordpress\/wp-json\/wp\/v2\/media\/89044"}],"wp:attachment":[{"href":"https:\/\/www.region-schwabach.de\/wordpress\/wp-json\/wp\/v2\/media?parent=89043"}],"wp:term":[{"taxonomy":"category","embeddable":true,"href":"https:\/\/www.region-schwabach.de\/wordpress\/wp-json\/wp\/v2\/categories?post=89043"},{"taxonomy":"post_tag","embeddable":true,"href":"https:\/\/www.region-schwabach.de\/wordpress\/wp-json\/wp\/v2\/tags?post=89043"}],"curies":[{"name":"wp","href":"https:\/\/api.w.org\/{rel}","templated":true}]}}