{"id":89552,"date":"2019-03-30T21:50:07","date_gmt":"2019-03-30T20:50:07","guid":{"rendered":"http:\/\/www.region-schwabach.de\/wordpress\/?p=89552"},"modified":"2019-05-07T23:51:37","modified_gmt":"2019-05-07T21:51:37","slug":"sperrung-michael-hierl-strasse-vom-23-april-bis-zum-7-mai-2019","status":"publish","type":"post","link":"https:\/\/www.region-schwabach.de\/wordpress\/sperrung-michael-hierl-strasse-vom-23-april-bis-zum-7-mai-2019\/","title":{"rendered":"Sperrung &#8222;Michael-Hierl-Stra\u00dfe&#8220; vom 23. April bis zum 7. Mai 2019"},"content":{"rendered":"\t\t<div data-elementor-type=\"wp-post\" data-elementor-id=\"89552\" class=\"elementor elementor-89552\">\n\t\t\t\t\t\t<section class=\"elementor-section elementor-top-section elementor-element elementor-element-1dzeyuh elementor-section-boxed elementor-section-height-default elementor-section-height-default\" data-id=\"1dzeyuh\" data-element_type=\"section\">\n\t\t\t\t\t\t<div class=\"elementor-container elementor-column-gap-default\">\n\t\t\t\t\t<div class=\"elementor-column elementor-col-50 elementor-top-column elementor-element elementor-element-aam59ft\" data-id=\"aam59ft\" data-element_type=\"column\">\n\t\t\t<div class=\"elementor-widget-wrap elementor-element-populated\">\n\t\t\t\t\t\t<div class=\"elementor-element elementor-element-ec1146a elementor-widget elementor-widget-wp-widget-advads_ad_widget\" data-id=\"ec1146a\" data-element_type=\"widget\" data-widget_type=\"wp-widget-advads_ad_widget.default\">\n\t\t\t\t<div class=\"elementor-widget-container\">\n\t\t\t<div id=\"regio-1263329077\"><div class=\"regio-adlabel\">Werbung<\/div><!-- Beginn https:\/\/www.financeads.net\/-Code --><a href=\"https:\/\/www.financeads.net\/tc.php?t=36648C19118058B\" target=\"_blank\"><img fetchpriority=\"high\" decoding=\"async\" src=\"https:\/\/www.financeads.net\/tb.php?t=36648V19118058B&https=1\" alt=\"\" border=\"0\" width=\"728\" height=\"90\"><\/a><!-- Ende https:\/\/www.financeads.net\/-Code --><\/div>\t\t<\/div>\n\t\t\t\t<\/div>\n\t\t\t\t<div class=\"elementor-element elementor-element-k9p1oyc elementor-widget elementor-widget-text-editor\" data-id=\"k9p1oyc\" data-element_type=\"widget\" data-widget_type=\"text-editor.default\">\n\t\t\t\t<div class=\"elementor-widget-container\">\n\t\t\t\t\t\t\t<h3>Sperrung vom 23. April 2019 bis 7. Mail 2019 n\u00f6tig<\/h3><p><span style=\"font-size: 12pt;\">Von Dienstag, den 23.03.2019, bis Dienstag, den 07.05.2019, kommt es zur Sperrung der &#8222;Michael-Hierl-Stra\u00dfe&#8220; in Schwabach.<\/span><\/p><h3><strong>Gehwegherstellung im Vollausbau f\u00fcr Sperrung verantwortlich<\/strong><\/h3><p><span style=\"font-size: 12pt;\">Grund der Sperrung ist die Gehwegherstellung im Vollausbau auf H\u00f6he der Einm\u00fcndung in die Wei\u00dfenburger Stra\u00dfe.<\/span><\/p><h3>Anliegerverkehr bis zur Baustelle m\u00f6glich<\/h3><p><span style=\"font-size: 12pt;\">F\u00fcr die Dauer der Sperrung ist die Zufahrt f\u00fcr Anlieger aus der Rohrersm\u00fchlstra\u00dfe bis zur Baustelle m\u00f6glich.<\/span><\/p>\t\t\t\t\t\t<\/div>\n\t\t\t\t<\/div>\n\t\t\t\t<div class=\"elementor-element elementor-element-rf47wqh elementor-widget elementor-widget-google_maps\" data-id=\"rf47wqh\" data-element_type=\"widget\" data-widget_type=\"google_maps.default\">\n\t\t\t\t<div class=\"elementor-widget-container\">\n\t\t\t\t\t<div class=\"elementor-custom-embed\">\n\t\t\t<iframe loading=\"lazy\"\n\t\t\t\t\tsrc=\"https:\/\/maps.google.com\/maps?q=Humboldtstra%C3%9Fe%2C%20Schwabach%2C%20Deutschland&#038;t=m&#038;z=17&#038;output=embed&#038;iwloc=near\"\n\t\t\t\t\ttitle=\"Humboldtstra\u00dfe, Schwabach, Deutschland\"\n\t\t\t\t\taria-label=\"Humboldtstra\u00dfe, Schwabach, Deutschland\"\n\t\t\t><\/iframe>\n\t\t<\/div>\n\t\t\t\t<\/div>\n\t\t\t\t<\/div>\n\t\t\t\t\t<\/div>\n\t\t<\/div>\n\t\t\t\t<div class=\"elementor-column elementor-col-50 elementor-top-column elementor-element elementor-element-4cdcec7\" data-id=\"4cdcec7\" data-element_type=\"column\">\n\t\t\t<div class=\"elementor-widget-wrap elementor-element-populated\">\n\t\t\t\t\t\t<div class=\"elementor-element elementor-element-3011849 elementor-widget elementor-widget-heading\" data-id=\"3011849\" data-element_type=\"widget\" data-widget_type=\"heading.default\">\n\t\t\t\t<div class=\"elementor-widget-container\">\n\t\t\t<h3 class=\"elementor-heading-title elementor-size-default\">Schnell vergleichen und sparen!<\/h3>\t\t<\/div>\n\t\t\t\t<\/div>\n\t\t\t\t<div class=\"elementor-element elementor-element-6728803 elementor-widget elementor-widget-wp-widget-advads_ad_widget\" data-id=\"6728803\" data-element_type=\"widget\" data-widget_type=\"wp-widget-advads_ad_widget.default\">\n\t\t\t\t<div class=\"elementor-widget-container\">\n\t\t\t<div id=\"regio-1108668313\"><div class=\"regio-adlabel\">Werbung<\/div><!-- Beginn https:\/\/www.financeads.net\/-Code --><a href=\"https:\/\/www.financeads.net\/tc.php?t=36648C236142529B\" target=\"_blank\"><img decoding=\"async\" src=\"https:\/\/www.financeads.net\/tb.php?t=36648V236142529B&https=1\" alt=\"\" border=\"0\" width=\"300\" height=\"250\"><\/a><!-- Ende https:\/\/www.financeads.net\/-Code --><\/div>\t\t<\/div>\n\t\t\t\t<\/div>\n\t\t\t\t<div class=\"elementor-element elementor-element-c321ad2 elementor-widget elementor-widget-wp-widget-advads_ad_widget\" data-id=\"c321ad2\" data-element_type=\"widget\" data-widget_type=\"wp-widget-advads_ad_widget.default\">\n\t\t\t\t<div class=\"elementor-widget-container\">\n\t\t\t<div id=\"regio-1544034567\"><div class=\"regio-adlabel\">Werbung<\/div><!-- Beginn https:\/\/www.financeads.net\/-Code --><a href=\"https:\/\/www.financeads.net\/tc.php?t=36648C42614510B\" target=\"_blank\"><img decoding=\"async\" src=\"https:\/\/www.financeads.net\/tb.php?t=36648V42614510B&https=1\" alt=\"\" border=\"0\" width=\"200\" height=\"300\"><\/a><!-- Ende https:\/\/www.financeads.net\/-Code --><\/div>\t\t<\/div>\n\t\t\t\t<\/div>\n\t\t\t\t<div class=\"elementor-element elementor-element-743a51a elementor-widget elementor-widget-wp-widget-advads_ad_widget\" data-id=\"743a51a\" data-element_type=\"widget\" data-widget_type=\"wp-widget-advads_ad_widget.default\">\n\t\t\t\t<div class=\"elementor-widget-container\">\n\t\t\t<div id=\"regio-1709219827\"><div class=\"regio-adlabel\">Werbung<\/div><!-- Beginn https:\/\/www.financeads.net\/-Code --><a href=\"https:\/\/www.financeads.net\/tc.php?t=36648C205040072B\" target=\"_blank\"><img loading=\"lazy\" decoding=\"async\" src=\"https:\/\/www.financeads.net\/tb.php?t=36648V205040072B&https=1\" alt=\"\" border=\"0\" width=\"300\" height=\"250\"><\/a><!-- Ende https:\/\/www.financeads.net\/-Code --><\/div>\t\t<\/div>\n\t\t\t\t<\/div>\n\t\t\t\t<div class=\"elementor-element elementor-element-cf2d6fa elementor-widget elementor-widget-wp-widget-advads_ad_widget\" data-id=\"cf2d6fa\" data-element_type=\"widget\" data-widget_type=\"wp-widget-advads_ad_widget.default\">\n\t\t\t\t<div class=\"elementor-widget-container\">\n\t\t\t<div id=\"regio-1690833352\"><div class=\"regio-adlabel\">Werbung<\/div><!-- Beginn https:\/\/www.financeads.net\/-Code --><a href=\"https:\/\/www.financeads.net\/tc.php?t=36648C271460142B\" target=\"_blank\"><img loading=\"lazy\" decoding=\"async\" src=\"https:\/\/www.financeads.net\/tb.php?t=36648V271460142B&https=1\" alt=\"PETPROTECT_Hund&Katze_Banner\" border=\"0\" width=\"250\" height=\"250\"><\/a><!-- Ende https:\/\/www.financeads.net\/-Code --><\/div>\t\t<\/div>\n\t\t\t\t<\/div>\n\t\t\t\t\t<\/div>\n\t\t<\/div>\n\t\t\t\t\t<\/div>\n\t\t<\/section>\n\t\t\t\t<\/div>\n\t\t","protected":false},"excerpt":{"rendered":"<div class=\"mh-excerpt\"><p>Sperrung vom 23. April 2019 bis 7. Mail 2019 n\u00f6tig Von Dienstag, den 23.03.2019, bis Dienstag, den 07.05.2019, kommt es zur Sperrung der &#8222;Michael-Hierl-Stra\u00dfe&#8220; in Schwabach. Gehwegherstellung im Vollausbau f\u00fcr Sperrung verantwortlich Grund der Sperrung <a class=\"mh-excerpt-more\" href=\"https:\/\/www.region-schwabach.de\/wordpress\/sperrung-michael-hierl-strasse-vom-23-april-bis-zum-7-mai-2019\/\" title=\"Sperrung &#8222;Michael-Hierl-Stra\u00dfe&#8220; vom 23. April bis zum 7. Mai 2019\">[&#8230;]<\/a><\/p>\n<\/div>","protected":false},"author":1,"featured_media":89554,"comment_status":"open","ping_status":"open","sticky":false,"template":"template-full.php","format":"standard","meta":{"_cbd_carousel_blocks":"[]","footnotes":""},"categories":[16,14],"tags":[9021,9022,9023,9024,9025,9026,9027,9020,8826,8827,8778,8811,8779,8787,8828,8780,9028,9029,19,276],"class_list":{"0":"post-89552","1":"post","2":"type-post","3":"status-publish","4":"format-standard","5":"has-post-thumbnail","7":"category-aktuell","8":"category-verkehrsinfos","9":"tag-01-05-2019","10":"tag-02-05-2019","11":"tag-03-05-2019","12":"tag-04-05-2019","13":"tag-05-05-2019","14":"tag-06-05-2019","15":"tag-07-05-2019","16":"tag-23-april-bis-7-mai-2019","17":"tag-23-04-2019","18":"tag-24-04-2019","19":"tag-25-04-2019","20":"tag-26-04-2019","21":"tag-27-04-2019","22":"tag-28-04-2019","23":"tag-29-04-2019","24":"tag-30-04-2019","25":"tag-gehwegherstellung-im-vollausbau","26":"tag-michael-hierl-strasse","27":"tag-schwabach","28":"tag-sperrung"},"_links":{"self":[{"href":"https:\/\/www.region-schwabach.de\/wordpress\/wp-json\/wp\/v2\/posts\/89552","targetHints":{"allow":["GET"]}}],"collection":[{"href":"https:\/\/www.region-schwabach.de\/wordpress\/wp-json\/wp\/v2\/posts"}],"about":[{"href":"https:\/\/www.region-schwabach.de\/wordpress\/wp-json\/wp\/v2\/types\/post"}],"author":[{"embeddable":true,"href":"https:\/\/www.region-schwabach.de\/wordpress\/wp-json\/wp\/v2\/users\/1"}],"replies":[{"embeddable":true,"href":"https:\/\/www.region-schwabach.de\/wordpress\/wp-json\/wp\/v2\/comments?post=89552"}],"version-history":[{"count":0,"href":"https:\/\/www.region-schwabach.de\/wordpress\/wp-json\/wp\/v2\/posts\/89552\/revisions"}],"wp:featuredmedia":[{"embeddable":true,"href":"https:\/\/www.region-schwabach.de\/wordpress\/wp-json\/wp\/v2\/media\/89554"}],"wp:attachment":[{"href":"https:\/\/www.region-schwabach.de\/wordpress\/wp-json\/wp\/v2\/media?parent=89552"}],"wp:term":[{"taxonomy":"category","embeddable":true,"href":"https:\/\/www.region-schwabach.de\/wordpress\/wp-json\/wp\/v2\/categories?post=89552"},{"taxonomy":"post_tag","embeddable":true,"href":"https:\/\/www.region-schwabach.de\/wordpress\/wp-json\/wp\/v2\/tags?post=89552"}],"curies":[{"name":"wp","href":"https:\/\/api.w.org\/{rel}","templated":true}]}}