{"id":89726,"date":"2019-04-28T00:04:53","date_gmt":"2019-04-27T22:04:53","guid":{"rendered":"http:\/\/www.region-schwabach.de\/wordpress\/?p=89726"},"modified":"2019-04-28T08:19:54","modified_gmt":"2019-04-28T06:19:54","slug":"30-autoshow-am-28-april-2019-in-schwabach","status":"publish","type":"post","link":"https:\/\/www.region-schwabach.de\/wordpress\/30-autoshow-am-28-april-2019-in-schwabach\/","title":{"rendered":"30. Autoshow am 28. April 2019 in Schwabach"},"content":{"rendered":"\t\t<div data-elementor-type=\"wp-post\" data-elementor-id=\"89726\" class=\"elementor elementor-89726\">\n\t\t\t\t\t\t<section class=\"elementor-section elementor-top-section elementor-element elementor-element-tlus4ia elementor-section-boxed elementor-section-height-default elementor-section-height-default\" data-id=\"tlus4ia\" data-element_type=\"section\">\n\t\t\t\t\t\t<div class=\"elementor-container elementor-column-gap-default\">\n\t\t\t\t\t<div class=\"elementor-column elementor-col-50 elementor-top-column elementor-element elementor-element-sphcucl\" data-id=\"sphcucl\" data-element_type=\"column\">\n\t\t\t<div class=\"elementor-widget-wrap elementor-element-populated\">\n\t\t\t\t\t\t<div class=\"elementor-element elementor-element-238fdbc elementor-widget elementor-widget-wp-widget-advads_ad_widget\" data-id=\"238fdbc\" data-element_type=\"widget\" data-widget_type=\"wp-widget-advads_ad_widget.default\">\n\t\t\t\t<div class=\"elementor-widget-container\">\n\t\t\t<div id=\"regio-1537669100\"><div class=\"regio-adlabel\">Werbung<\/div><!-- Beginn https:\/\/www.financeads.net\/-Code --><a href=\"https:\/\/www.financeads.net\/tc.php?t=36648C19118058B\" target=\"_blank\"><img fetchpriority=\"high\" decoding=\"async\" src=\"https:\/\/www.financeads.net\/tb.php?t=36648V19118058B&https=1\" alt=\"\" border=\"0\" width=\"728\" height=\"90\"><\/a><!-- Ende https:\/\/www.financeads.net\/-Code --><\/div>\t\t<\/div>\n\t\t\t\t<\/div>\n\t\t\t\t<div class=\"elementor-element elementor-element-4f2h2af elementor-widget elementor-widget-text-editor\" data-id=\"4f2h2af\" data-element_type=\"widget\" data-widget_type=\"text-editor.default\">\n\t\t\t\t<div class=\"elementor-widget-container\">\n\t\t\t\t\t\t\t<p><span style=\"font-size: 12pt;\">Schwabach &#8211; Am Sonntag, den 28.04.2019, ist es von 11.00 Uhr bis 18.00 Uhr wieder so weit:<\/span><\/p><h3>Die Schwabacher Autoshow \u00f6ffnet wieder ihre Pforten<\/h3><p><span style=\"font-size: 12pt;\">Seit inzwischen mehr als 29 Jahren geh\u00f6rt die j\u00e4hrlich stattfindende Schwabacher Autoshow (die bereits zum 30. Mal stattfindet) nun schon zu den beliebtesten Veranstaltungen im Kalender von Schwabach, und ist jedes Jahr aufs Neue ein Besuchermagnet.<\/span><\/p><h3>Veranstaltung, die von Jahr zu Jahr gr\u00f6\u00dfer, und auch beliebter wird<\/h3><p><span style=\"font-size: 12pt;\">Dabei ist die Autoshow j\u00e4hrlich gewachsen, so da\u00df die Ausstellungsfl\u00e4che &#8211; um den wachsenden Anspr\u00fcchen der Besucher gerecht zu werden &#8211; bereits mehrfach erweitert werden mu\u00dfte. Jahr f\u00fcr Jahr w\u00e4chst nicht nur die Besucherzahl, auch die Zahl der Aussteller wird immer gr\u00f6\u00dfer.<\/span><\/p><h3>Autoshow geht mit der Zeit<\/h3><p><span style=\"font-size: 12pt;\">Dies ist jedoch auch der Entwicklung auf dem mobilen Sektor und dem ge\u00e4nderten Freizeitverhalten der Besucher geschuldet. W\u00e4hrend zu Beginn nur ein paar wenige Autoh\u00e4user mit ihren PKWs den Weg auf den Marktplatz fanden, geh\u00f6ren deshalb inzwischen auch Aussteller von Fahrr\u00e4dern, Rollern, Motorr\u00e4dern, Quads, Modellfahrzeugen und Oldtimern zum Bild der Veranstaltung.<\/span><\/p><h3>Autoshow ist mit verkaufsoffenem Sonntag verbunden<\/h3><p><span style=\"font-size: 12pt;\">Einen nicht unerheblichen Anteil an diesem Erfolg tr\u00e4gt mit Sicherheit der gleichzeitig stattfindende verkaufsoffene Sonntag, an dem parallel zur Autoshow auch die Gesch\u00e4fte von 13.00 Uhr bis 18.00 Uhr ge\u00f6ffnet haben.<\/span><\/p><p><strong>Termin f\u00fcr die Autoshow 2019 ist Sonntag, der 28. April 2019 in der Zeit von 11.00 &#8211; 18.00 Uhr<\/strong><\/p><h3>Zur Einstimmung schon einmal ein paar Bilder vom letzten Jahr:<\/h3>\t\t\t\t\t\t<\/div>\n\t\t\t\t<\/div>\n\t\t\t\t<div class=\"elementor-element elementor-element-db0fe6a elementor-widget elementor-widget-image-gallery\" data-id=\"db0fe6a\" data-element_type=\"widget\" data-widget_type=\"image-gallery.default\">\n\t\t\t\t<div class=\"elementor-widget-container\">\n\t\t\t\t\t<div class=\"elementor-image-gallery\">\n\t\t\t<div id='gallery-1' class='gallery galleryid-89726 gallery-columns-4 gallery-size-medium'><figure class='gallery-item'>\n\t\t\t<div class='gallery-icon landscape'>\n\t\t\t\t<a data-elementor-open-lightbox=\"yes\" data-elementor-lightbox-slideshow=\"db0fe6a\" data-elementor-lightbox-title=\"Autoshow Schwabach 2017 - 29\" data-e-action-hash=\"#elementor-action%3Aaction%3Dlightbox%26settings%3DeyJpZCI6NTI4LCJ1cmwiOiJodHRwczpcL1wvd3d3LnJlZ2lvbi1zY2h3YWJhY2guZGVcL3dvcmRwcmVzc1wvd3AtY29udGVudFwvdXBsb2Fkc1wvMjAxN1wvMDRcLzIwMTcwNDIzXzE1MTk0Ny5qcGciLCJzbGlkZXNob3ciOiJkYjBmZTZhIn0%3D\" href='https:\/\/www.region-schwabach.de\/wordpress\/wp-content\/uploads\/2017\/04\/20170423_151947.jpg'><img decoding=\"async\" width=\"300\" height=\"169\" src=\"https:\/\/www.region-schwabach.de\/wordpress\/wp-content\/uploads\/2017\/04\/20170423_151947-300x169.jpg\" class=\"attachment-medium size-medium\" alt=\"\" aria-describedby=\"gallery-1-528\" srcset=\"https:\/\/www.region-schwabach.de\/wordpress\/wp-content\/uploads\/2017\/04\/20170423_151947-300x169.jpg 300w, https:\/\/www.region-schwabach.de\/wordpress\/wp-content\/uploads\/2017\/04\/20170423_151947-768x432.jpg 768w, https:\/\/www.region-schwabach.de\/wordpress\/wp-content\/uploads\/2017\/04\/20170423_151947-1024x576.jpg 1024w, https:\/\/www.region-schwabach.de\/wordpress\/wp-content\/uploads\/2017\/04\/20170423_151947-678x381.jpg 678w\" sizes=\"(max-width: 300px) 100vw, 300px\" \/><\/a>\n\t\t\t<\/div>\n\t\t\t\t<figcaption class='wp-caption-text gallery-caption' id='gallery-1-528'>\n\t\t\t\tAutoshow Schwabach 2017 &#8211; 29\n\t\t\t\t<\/figcaption><\/figure><figure class='gallery-item'>\n\t\t\t<div class='gallery-icon landscape'>\n\t\t\t\t<a data-elementor-open-lightbox=\"yes\" data-elementor-lightbox-slideshow=\"db0fe6a\" data-elementor-lightbox-title=\"Autoshow Schwabach 2017 - 28\" data-e-action-hash=\"#elementor-action%3Aaction%3Dlightbox%26settings%3DeyJpZCI6NTI3LCJ1cmwiOiJodHRwczpcL1wvd3d3LnJlZ2lvbi1zY2h3YWJhY2guZGVcL3dvcmRwcmVzc1wvd3AtY29udGVudFwvdXBsb2Fkc1wvMjAxN1wvMDRcLzIwMTcwNDIzXzE1MTc0My5qcGciLCJzbGlkZXNob3ciOiJkYjBmZTZhIn0%3D\" href='https:\/\/www.region-schwabach.de\/wordpress\/wp-content\/uploads\/2017\/04\/20170423_151743.jpg'><img decoding=\"async\" width=\"300\" height=\"169\" src=\"https:\/\/www.region-schwabach.de\/wordpress\/wp-content\/uploads\/2017\/04\/20170423_151743-300x169.jpg\" class=\"attachment-medium size-medium\" alt=\"\" aria-describedby=\"gallery-1-527\" srcset=\"https:\/\/www.region-schwabach.de\/wordpress\/wp-content\/uploads\/2017\/04\/20170423_151743-300x169.jpg 300w, https:\/\/www.region-schwabach.de\/wordpress\/wp-content\/uploads\/2017\/04\/20170423_151743-768x432.jpg 768w, https:\/\/www.region-schwabach.de\/wordpress\/wp-content\/uploads\/2017\/04\/20170423_151743-1024x576.jpg 1024w, https:\/\/www.region-schwabach.de\/wordpress\/wp-content\/uploads\/2017\/04\/20170423_151743-678x381.jpg 678w\" sizes=\"(max-width: 300px) 100vw, 300px\" \/><\/a>\n\t\t\t<\/div>\n\t\t\t\t<figcaption class='wp-caption-text gallery-caption' id='gallery-1-527'>\n\t\t\t\tAutoshow Schwabach 2017 &#8211; 28\n\t\t\t\t<\/figcaption><\/figure><figure class='gallery-item'>\n\t\t\t<div class='gallery-icon landscape'>\n\t\t\t\t<a data-elementor-open-lightbox=\"yes\" data-elementor-lightbox-slideshow=\"db0fe6a\" data-elementor-lightbox-title=\"Autoshow Schwabach 2017 - 27\" data-e-action-hash=\"#elementor-action%3Aaction%3Dlightbox%26settings%3DeyJpZCI6NTI2LCJ1cmwiOiJodHRwczpcL1wvd3d3LnJlZ2lvbi1zY2h3YWJhY2guZGVcL3dvcmRwcmVzc1wvd3AtY29udGVudFwvdXBsb2Fkc1wvMjAxN1wvMDRcLzIwMTcwNDIzXzE1MTY0My5qcGciLCJzbGlkZXNob3ciOiJkYjBmZTZhIn0%3D\" href='https:\/\/www.region-schwabach.de\/wordpress\/wp-content\/uploads\/2017\/04\/20170423_151643.jpg'><img loading=\"lazy\" decoding=\"async\" width=\"300\" height=\"169\" src=\"https:\/\/www.region-schwabach.de\/wordpress\/wp-content\/uploads\/2017\/04\/20170423_151643-300x169.jpg\" class=\"attachment-medium size-medium\" alt=\"\" aria-describedby=\"gallery-1-526\" srcset=\"https:\/\/www.region-schwabach.de\/wordpress\/wp-content\/uploads\/2017\/04\/20170423_151643-300x169.jpg 300w, https:\/\/www.region-schwabach.de\/wordpress\/wp-content\/uploads\/2017\/04\/20170423_151643-768x432.jpg 768w, https:\/\/www.region-schwabach.de\/wordpress\/wp-content\/uploads\/2017\/04\/20170423_151643-1024x576.jpg 1024w, https:\/\/www.region-schwabach.de\/wordpress\/wp-content\/uploads\/2017\/04\/20170423_151643-678x381.jpg 678w\" sizes=\"(max-width: 300px) 100vw, 300px\" \/><\/a>\n\t\t\t<\/div>\n\t\t\t\t<figcaption class='wp-caption-text gallery-caption' id='gallery-1-526'>\n\t\t\t\tAutoshow Schwabach 2017 &#8211; 27\n\t\t\t\t<\/figcaption><\/figure><figure class='gallery-item'>\n\t\t\t<div class='gallery-icon landscape'>\n\t\t\t\t<a data-elementor-open-lightbox=\"yes\" data-elementor-lightbox-slideshow=\"db0fe6a\" data-elementor-lightbox-title=\"Autoshow Schwabach 2017 - 26\" data-e-action-hash=\"#elementor-action%3Aaction%3Dlightbox%26settings%3DeyJpZCI6NTI1LCJ1cmwiOiJodHRwczpcL1wvd3d3LnJlZ2lvbi1zY2h3YWJhY2guZGVcL3dvcmRwcmVzc1wvd3AtY29udGVudFwvdXBsb2Fkc1wvMjAxN1wvMDRcLzIwMTcwNDIzXzE1MTYzNy0xLmpwZyIsInNsaWRlc2hvdyI6ImRiMGZlNmEifQ%3D%3D\" href='https:\/\/www.region-schwabach.de\/wordpress\/wp-content\/uploads\/2017\/04\/20170423_151637-1.jpg'><img loading=\"lazy\" decoding=\"async\" width=\"300\" height=\"169\" src=\"https:\/\/www.region-schwabach.de\/wordpress\/wp-content\/uploads\/2017\/04\/20170423_151637-1-300x169.jpg\" class=\"attachment-medium size-medium\" alt=\"\" aria-describedby=\"gallery-1-525\" srcset=\"https:\/\/www.region-schwabach.de\/wordpress\/wp-content\/uploads\/2017\/04\/20170423_151637-1-300x169.jpg 300w, https:\/\/www.region-schwabach.de\/wordpress\/wp-content\/uploads\/2017\/04\/20170423_151637-1-768x432.jpg 768w, https:\/\/www.region-schwabach.de\/wordpress\/wp-content\/uploads\/2017\/04\/20170423_151637-1-1024x576.jpg 1024w, https:\/\/www.region-schwabach.de\/wordpress\/wp-content\/uploads\/2017\/04\/20170423_151637-1-678x381.jpg 678w\" sizes=\"(max-width: 300px) 100vw, 300px\" \/><\/a>\n\t\t\t<\/div>\n\t\t\t\t<figcaption class='wp-caption-text gallery-caption' id='gallery-1-525'>\n\t\t\t\tAutoshow Schwabach 2017 &#8211; 26\n\t\t\t\t<\/figcaption><\/figure><figure class='gallery-item'>\n\t\t\t<div class='gallery-icon landscape'>\n\t\t\t\t<a data-elementor-open-lightbox=\"yes\" data-elementor-lightbox-slideshow=\"db0fe6a\" data-elementor-lightbox-title=\"Autoshow Schwabach 2017 - 25\" data-e-action-hash=\"#elementor-action%3Aaction%3Dlightbox%26settings%3DeyJpZCI6NTIzLCJ1cmwiOiJodHRwczpcL1wvd3d3LnJlZ2lvbi1zY2h3YWJhY2guZGVcL3dvcmRwcmVzc1wvd3AtY29udGVudFwvdXBsb2Fkc1wvMjAxN1wvMDRcLzIwMTcwNDIzXzE1MTYzMS5qcGciLCJzbGlkZXNob3ciOiJkYjBmZTZhIn0%3D\" href='https:\/\/www.region-schwabach.de\/wordpress\/wp-content\/uploads\/2017\/04\/20170423_151631.jpg'><img loading=\"lazy\" decoding=\"async\" width=\"300\" height=\"169\" src=\"https:\/\/www.region-schwabach.de\/wordpress\/wp-content\/uploads\/2017\/04\/20170423_151631-300x169.jpg\" class=\"attachment-medium size-medium\" alt=\"\" aria-describedby=\"gallery-1-523\" srcset=\"https:\/\/www.region-schwabach.de\/wordpress\/wp-content\/uploads\/2017\/04\/20170423_151631-300x169.jpg 300w, https:\/\/www.region-schwabach.de\/wordpress\/wp-content\/uploads\/2017\/04\/20170423_151631-768x432.jpg 768w, https:\/\/www.region-schwabach.de\/wordpress\/wp-content\/uploads\/2017\/04\/20170423_151631-1024x576.jpg 1024w, https:\/\/www.region-schwabach.de\/wordpress\/wp-content\/uploads\/2017\/04\/20170423_151631-678x381.jpg 678w\" sizes=\"(max-width: 300px) 100vw, 300px\" \/><\/a>\n\t\t\t<\/div>\n\t\t\t\t<figcaption class='wp-caption-text gallery-caption' id='gallery-1-523'>\n\t\t\t\tAutoshow Schwabach 2017 &#8211; 25\n\t\t\t\t<\/figcaption><\/figure><figure class='gallery-item'>\n\t\t\t<div class='gallery-icon landscape'>\n\t\t\t\t<a data-elementor-open-lightbox=\"yes\" data-elementor-lightbox-slideshow=\"db0fe6a\" data-elementor-lightbox-title=\"Autoshow Schwabach 2017 - 24\" data-e-action-hash=\"#elementor-action%3Aaction%3Dlightbox%26settings%3DeyJpZCI6NTIyLCJ1cmwiOiJodHRwczpcL1wvd3d3LnJlZ2lvbi1zY2h3YWJhY2guZGVcL3dvcmRwcmVzc1wvd3AtY29udGVudFwvdXBsb2Fkc1wvMjAxN1wvMDRcLzIwMTcwNDIzXzE1MTYxOS5qcGciLCJzbGlkZXNob3ciOiJkYjBmZTZhIn0%3D\" href='https:\/\/www.region-schwabach.de\/wordpress\/wp-content\/uploads\/2017\/04\/20170423_151619.jpg'><img loading=\"lazy\" decoding=\"async\" width=\"300\" height=\"169\" src=\"https:\/\/www.region-schwabach.de\/wordpress\/wp-content\/uploads\/2017\/04\/20170423_151619-300x169.jpg\" class=\"attachment-medium size-medium\" alt=\"\" aria-describedby=\"gallery-1-522\" srcset=\"https:\/\/www.region-schwabach.de\/wordpress\/wp-content\/uploads\/2017\/04\/20170423_151619-300x169.jpg 300w, https:\/\/www.region-schwabach.de\/wordpress\/wp-content\/uploads\/2017\/04\/20170423_151619-768x432.jpg 768w, https:\/\/www.region-schwabach.de\/wordpress\/wp-content\/uploads\/2017\/04\/20170423_151619-1024x576.jpg 1024w, https:\/\/www.region-schwabach.de\/wordpress\/wp-content\/uploads\/2017\/04\/20170423_151619-678x381.jpg 678w\" sizes=\"(max-width: 300px) 100vw, 300px\" \/><\/a>\n\t\t\t<\/div>\n\t\t\t\t<figcaption class='wp-caption-text gallery-caption' id='gallery-1-522'>\n\t\t\t\tAutoshow Schwabach 2017 &#8211; 24\n\t\t\t\t<\/figcaption><\/figure><figure class='gallery-item'>\n\t\t\t<div class='gallery-icon landscape'>\n\t\t\t\t<a data-elementor-open-lightbox=\"yes\" data-elementor-lightbox-slideshow=\"db0fe6a\" data-elementor-lightbox-title=\"Autoshow Schwabach 2017 - 23\" data-e-action-hash=\"#elementor-action%3Aaction%3Dlightbox%26settings%3DeyJpZCI6NTIxLCJ1cmwiOiJodHRwczpcL1wvd3d3LnJlZ2lvbi1zY2h3YWJhY2guZGVcL3dvcmRwcmVzc1wvd3AtY29udGVudFwvdXBsb2Fkc1wvMjAxN1wvMDRcLzIwMTcwNDIzXzE1MTYxNS5qcGciLCJzbGlkZXNob3ciOiJkYjBmZTZhIn0%3D\" href='https:\/\/www.region-schwabach.de\/wordpress\/wp-content\/uploads\/2017\/04\/20170423_151615.jpg'><img loading=\"lazy\" decoding=\"async\" width=\"300\" height=\"169\" src=\"https:\/\/www.region-schwabach.de\/wordpress\/wp-content\/uploads\/2017\/04\/20170423_151615-300x169.jpg\" class=\"attachment-medium size-medium\" alt=\"\" aria-describedby=\"gallery-1-521\" srcset=\"https:\/\/www.region-schwabach.de\/wordpress\/wp-content\/uploads\/2017\/04\/20170423_151615-300x169.jpg 300w, https:\/\/www.region-schwabach.de\/wordpress\/wp-content\/uploads\/2017\/04\/20170423_151615-768x432.jpg 768w, https:\/\/www.region-schwabach.de\/wordpress\/wp-content\/uploads\/2017\/04\/20170423_151615-1024x576.jpg 1024w, https:\/\/www.region-schwabach.de\/wordpress\/wp-content\/uploads\/2017\/04\/20170423_151615-678x381.jpg 678w\" sizes=\"(max-width: 300px) 100vw, 300px\" \/><\/a>\n\t\t\t<\/div>\n\t\t\t\t<figcaption class='wp-caption-text gallery-caption' id='gallery-1-521'>\n\t\t\t\tAutoshow Schwabach 2017 &#8211; 23\n\t\t\t\t<\/figcaption><\/figure><figure class='gallery-item'>\n\t\t\t<div class='gallery-icon landscape'>\n\t\t\t\t<a data-elementor-open-lightbox=\"yes\" data-elementor-lightbox-slideshow=\"db0fe6a\" data-elementor-lightbox-title=\"Autoshow Schwabach 2017 - 22\" data-e-action-hash=\"#elementor-action%3Aaction%3Dlightbox%26settings%3DeyJpZCI6NTIwLCJ1cmwiOiJodHRwczpcL1wvd3d3LnJlZ2lvbi1zY2h3YWJhY2guZGVcL3dvcmRwcmVzc1wvd3AtY29udGVudFwvdXBsb2Fkc1wvMjAxN1wvMDRcLzIwMTcwNDIzXzE1MTU1Ni5qcGciLCJzbGlkZXNob3ciOiJkYjBmZTZhIn0%3D\" href='https:\/\/www.region-schwabach.de\/wordpress\/wp-content\/uploads\/2017\/04\/20170423_151556.jpg'><img loading=\"lazy\" decoding=\"async\" width=\"300\" height=\"169\" src=\"https:\/\/www.region-schwabach.de\/wordpress\/wp-content\/uploads\/2017\/04\/20170423_151556-300x169.jpg\" class=\"attachment-medium size-medium\" alt=\"\" aria-describedby=\"gallery-1-520\" srcset=\"https:\/\/www.region-schwabach.de\/wordpress\/wp-content\/uploads\/2017\/04\/20170423_151556-300x169.jpg 300w, https:\/\/www.region-schwabach.de\/wordpress\/wp-content\/uploads\/2017\/04\/20170423_151556-768x432.jpg 768w, https:\/\/www.region-schwabach.de\/wordpress\/wp-content\/uploads\/2017\/04\/20170423_151556-1024x576.jpg 1024w, https:\/\/www.region-schwabach.de\/wordpress\/wp-content\/uploads\/2017\/04\/20170423_151556-678x381.jpg 678w\" sizes=\"(max-width: 300px) 100vw, 300px\" \/><\/a>\n\t\t\t<\/div>\n\t\t\t\t<figcaption class='wp-caption-text gallery-caption' id='gallery-1-520'>\n\t\t\t\tAutoshow Schwabach 2017 &#8211; 22\n\t\t\t\t<\/figcaption><\/figure><figure class='gallery-item'>\n\t\t\t<div class='gallery-icon landscape'>\n\t\t\t\t<a data-elementor-open-lightbox=\"yes\" data-elementor-lightbox-slideshow=\"db0fe6a\" data-elementor-lightbox-title=\"Autoshow Schwabach 2017 - 21\" data-e-action-hash=\"#elementor-action%3Aaction%3Dlightbox%26settings%3DeyJpZCI6NTE5LCJ1cmwiOiJodHRwczpcL1wvd3d3LnJlZ2lvbi1zY2h3YWJhY2guZGVcL3dvcmRwcmVzc1wvd3AtY29udGVudFwvdXBsb2Fkc1wvMjAxN1wvMDRcLzIwMTcwNDIzXzE1MTU0My5qcGciLCJzbGlkZXNob3ciOiJkYjBmZTZhIn0%3D\" href='https:\/\/www.region-schwabach.de\/wordpress\/wp-content\/uploads\/2017\/04\/20170423_151543.jpg'><img loading=\"lazy\" decoding=\"async\" width=\"300\" height=\"169\" src=\"https:\/\/www.region-schwabach.de\/wordpress\/wp-content\/uploads\/2017\/04\/20170423_151543-300x169.jpg\" class=\"attachment-medium size-medium\" alt=\"\" aria-describedby=\"gallery-1-519\" srcset=\"https:\/\/www.region-schwabach.de\/wordpress\/wp-content\/uploads\/2017\/04\/20170423_151543-300x169.jpg 300w, https:\/\/www.region-schwabach.de\/wordpress\/wp-content\/uploads\/2017\/04\/20170423_151543-768x432.jpg 768w, https:\/\/www.region-schwabach.de\/wordpress\/wp-content\/uploads\/2017\/04\/20170423_151543-1024x576.jpg 1024w, https:\/\/www.region-schwabach.de\/wordpress\/wp-content\/uploads\/2017\/04\/20170423_151543-678x381.jpg 678w\" sizes=\"(max-width: 300px) 100vw, 300px\" \/><\/a>\n\t\t\t<\/div>\n\t\t\t\t<figcaption class='wp-caption-text gallery-caption' id='gallery-1-519'>\n\t\t\t\tAutoshow Schwabach 2017 &#8211; 21\n\t\t\t\t<\/figcaption><\/figure><figure class='gallery-item'>\n\t\t\t<div class='gallery-icon landscape'>\n\t\t\t\t<a data-elementor-open-lightbox=\"yes\" data-elementor-lightbox-slideshow=\"db0fe6a\" data-elementor-lightbox-title=\"Autoshow Schwabach 2017 - 20\" data-e-action-hash=\"#elementor-action%3Aaction%3Dlightbox%26settings%3DeyJpZCI6NTE4LCJ1cmwiOiJodHRwczpcL1wvd3d3LnJlZ2lvbi1zY2h3YWJhY2guZGVcL3dvcmRwcmVzc1wvd3AtY29udGVudFwvdXBsb2Fkc1wvMjAxN1wvMDRcLzIwMTcwNDIzXzE1MTUzMS5qcGciLCJzbGlkZXNob3ciOiJkYjBmZTZhIn0%3D\" href='https:\/\/www.region-schwabach.de\/wordpress\/wp-content\/uploads\/2017\/04\/20170423_151531.jpg'><img loading=\"lazy\" decoding=\"async\" width=\"300\" height=\"169\" src=\"https:\/\/www.region-schwabach.de\/wordpress\/wp-content\/uploads\/2017\/04\/20170423_151531-300x169.jpg\" class=\"attachment-medium size-medium\" alt=\"\" aria-describedby=\"gallery-1-518\" srcset=\"https:\/\/www.region-schwabach.de\/wordpress\/wp-content\/uploads\/2017\/04\/20170423_151531-300x169.jpg 300w, https:\/\/www.region-schwabach.de\/wordpress\/wp-content\/uploads\/2017\/04\/20170423_151531-768x432.jpg 768w, https:\/\/www.region-schwabach.de\/wordpress\/wp-content\/uploads\/2017\/04\/20170423_151531-1024x576.jpg 1024w, https:\/\/www.region-schwabach.de\/wordpress\/wp-content\/uploads\/2017\/04\/20170423_151531-678x381.jpg 678w\" sizes=\"(max-width: 300px) 100vw, 300px\" \/><\/a>\n\t\t\t<\/div>\n\t\t\t\t<figcaption class='wp-caption-text gallery-caption' id='gallery-1-518'>\n\t\t\t\tAutoshow Schwabach 2017 &#8211; 20\n\t\t\t\t<\/figcaption><\/figure><figure class='gallery-item'>\n\t\t\t<div class='gallery-icon landscape'>\n\t\t\t\t<a data-elementor-open-lightbox=\"yes\" data-elementor-lightbox-slideshow=\"db0fe6a\" data-elementor-lightbox-title=\"Autoshow Schwabach 2017 - 19\" data-e-action-hash=\"#elementor-action%3Aaction%3Dlightbox%26settings%3DeyJpZCI6NTE3LCJ1cmwiOiJodHRwczpcL1wvd3d3LnJlZ2lvbi1zY2h3YWJhY2guZGVcL3dvcmRwcmVzc1wvd3AtY29udGVudFwvdXBsb2Fkc1wvMjAxN1wvMDRcLzIwMTcwNDIzXzE1MTUwNi5qcGciLCJzbGlkZXNob3ciOiJkYjBmZTZhIn0%3D\" href='https:\/\/www.region-schwabach.de\/wordpress\/wp-content\/uploads\/2017\/04\/20170423_151506.jpg'><img loading=\"lazy\" decoding=\"async\" width=\"300\" height=\"169\" src=\"https:\/\/www.region-schwabach.de\/wordpress\/wp-content\/uploads\/2017\/04\/20170423_151506-300x169.jpg\" class=\"attachment-medium size-medium\" alt=\"\" aria-describedby=\"gallery-1-517\" srcset=\"https:\/\/www.region-schwabach.de\/wordpress\/wp-content\/uploads\/2017\/04\/20170423_151506-300x169.jpg 300w, https:\/\/www.region-schwabach.de\/wordpress\/wp-content\/uploads\/2017\/04\/20170423_151506-768x432.jpg 768w, https:\/\/www.region-schwabach.de\/wordpress\/wp-content\/uploads\/2017\/04\/20170423_151506-1024x576.jpg 1024w, https:\/\/www.region-schwabach.de\/wordpress\/wp-content\/uploads\/2017\/04\/20170423_151506-678x381.jpg 678w\" sizes=\"(max-width: 300px) 100vw, 300px\" \/><\/a>\n\t\t\t<\/div>\n\t\t\t\t<figcaption class='wp-caption-text gallery-caption' id='gallery-1-517'>\n\t\t\t\tAutoshow Schwabach 2017 &#8211; 19\n\t\t\t\t<\/figcaption><\/figure><figure class='gallery-item'>\n\t\t\t<div class='gallery-icon landscape'>\n\t\t\t\t<a data-elementor-open-lightbox=\"yes\" data-elementor-lightbox-slideshow=\"db0fe6a\" data-elementor-lightbox-title=\"Autoshow Schwabach 2017 - 18\" data-e-action-hash=\"#elementor-action%3Aaction%3Dlightbox%26settings%3DeyJpZCI6NTE2LCJ1cmwiOiJodHRwczpcL1wvd3d3LnJlZ2lvbi1zY2h3YWJhY2guZGVcL3dvcmRwcmVzc1wvd3AtY29udGVudFwvdXBsb2Fkc1wvMjAxN1wvMDRcLzIwMTcwNDIzXzE1MTQ1My5qcGciLCJzbGlkZXNob3ciOiJkYjBmZTZhIn0%3D\" href='https:\/\/www.region-schwabach.de\/wordpress\/wp-content\/uploads\/2017\/04\/20170423_151453.jpg'><img loading=\"lazy\" decoding=\"async\" width=\"300\" height=\"169\" src=\"https:\/\/www.region-schwabach.de\/wordpress\/wp-content\/uploads\/2017\/04\/20170423_151453-300x169.jpg\" class=\"attachment-medium size-medium\" alt=\"\" aria-describedby=\"gallery-1-516\" srcset=\"https:\/\/www.region-schwabach.de\/wordpress\/wp-content\/uploads\/2017\/04\/20170423_151453-300x169.jpg 300w, https:\/\/www.region-schwabach.de\/wordpress\/wp-content\/uploads\/2017\/04\/20170423_151453-768x432.jpg 768w, https:\/\/www.region-schwabach.de\/wordpress\/wp-content\/uploads\/2017\/04\/20170423_151453-1024x576.jpg 1024w, https:\/\/www.region-schwabach.de\/wordpress\/wp-content\/uploads\/2017\/04\/20170423_151453-678x381.jpg 678w\" sizes=\"(max-width: 300px) 100vw, 300px\" \/><\/a>\n\t\t\t<\/div>\n\t\t\t\t<figcaption class='wp-caption-text gallery-caption' id='gallery-1-516'>\n\t\t\t\tAutoshow Schwabach 2017 &#8211; 18\n\t\t\t\t<\/figcaption><\/figure><figure class='gallery-item'>\n\t\t\t<div class='gallery-icon landscape'>\n\t\t\t\t<a data-elementor-open-lightbox=\"yes\" data-elementor-lightbox-slideshow=\"db0fe6a\" data-elementor-lightbox-title=\"Autoshow Schwabach 2017 - 17\" data-e-action-hash=\"#elementor-action%3Aaction%3Dlightbox%26settings%3DeyJpZCI6NTE1LCJ1cmwiOiJodHRwczpcL1wvd3d3LnJlZ2lvbi1zY2h3YWJhY2guZGVcL3dvcmRwcmVzc1wvd3AtY29udGVudFwvdXBsb2Fkc1wvMjAxN1wvMDRcLzIwMTcwNDIzXzE1MTQzMi5qcGciLCJzbGlkZXNob3ciOiJkYjBmZTZhIn0%3D\" href='https:\/\/www.region-schwabach.de\/wordpress\/wp-content\/uploads\/2017\/04\/20170423_151432.jpg'><img loading=\"lazy\" decoding=\"async\" width=\"300\" height=\"169\" src=\"https:\/\/www.region-schwabach.de\/wordpress\/wp-content\/uploads\/2017\/04\/20170423_151432-300x169.jpg\" class=\"attachment-medium size-medium\" alt=\"\" aria-describedby=\"gallery-1-515\" srcset=\"https:\/\/www.region-schwabach.de\/wordpress\/wp-content\/uploads\/2017\/04\/20170423_151432-300x169.jpg 300w, https:\/\/www.region-schwabach.de\/wordpress\/wp-content\/uploads\/2017\/04\/20170423_151432-768x432.jpg 768w, https:\/\/www.region-schwabach.de\/wordpress\/wp-content\/uploads\/2017\/04\/20170423_151432-1024x576.jpg 1024w, https:\/\/www.region-schwabach.de\/wordpress\/wp-content\/uploads\/2017\/04\/20170423_151432-678x381.jpg 678w\" sizes=\"(max-width: 300px) 100vw, 300px\" \/><\/a>\n\t\t\t<\/div>\n\t\t\t\t<figcaption class='wp-caption-text gallery-caption' id='gallery-1-515'>\n\t\t\t\tAutoshow Schwabach 2017 &#8211; 17\n\t\t\t\t<\/figcaption><\/figure><figure class='gallery-item'>\n\t\t\t<div class='gallery-icon landscape'>\n\t\t\t\t<a data-elementor-open-lightbox=\"yes\" data-elementor-lightbox-slideshow=\"db0fe6a\" data-elementor-lightbox-title=\"Autoshow Schwabach 2017 - 16\" data-e-action-hash=\"#elementor-action%3Aaction%3Dlightbox%26settings%3DeyJpZCI6NTE0LCJ1cmwiOiJodHRwczpcL1wvd3d3LnJlZ2lvbi1zY2h3YWJhY2guZGVcL3dvcmRwcmVzc1wvd3AtY29udGVudFwvdXBsb2Fkc1wvMjAxN1wvMDRcLzIwMTcwNDIzXzE1MTQyNS5qcGciLCJzbGlkZXNob3ciOiJkYjBmZTZhIn0%3D\" href='https:\/\/www.region-schwabach.de\/wordpress\/wp-content\/uploads\/2017\/04\/20170423_151425.jpg'><img loading=\"lazy\" decoding=\"async\" width=\"300\" height=\"169\" src=\"https:\/\/www.region-schwabach.de\/wordpress\/wp-content\/uploads\/2017\/04\/20170423_151425-300x169.jpg\" class=\"attachment-medium size-medium\" alt=\"\" aria-describedby=\"gallery-1-514\" srcset=\"https:\/\/www.region-schwabach.de\/wordpress\/wp-content\/uploads\/2017\/04\/20170423_151425-300x169.jpg 300w, https:\/\/www.region-schwabach.de\/wordpress\/wp-content\/uploads\/2017\/04\/20170423_151425-768x432.jpg 768w, https:\/\/www.region-schwabach.de\/wordpress\/wp-content\/uploads\/2017\/04\/20170423_151425-1024x576.jpg 1024w, https:\/\/www.region-schwabach.de\/wordpress\/wp-content\/uploads\/2017\/04\/20170423_151425-678x381.jpg 678w\" sizes=\"(max-width: 300px) 100vw, 300px\" \/><\/a>\n\t\t\t<\/div>\n\t\t\t\t<figcaption class='wp-caption-text gallery-caption' id='gallery-1-514'>\n\t\t\t\tAutoshow Schwabach 2017 &#8211; 16\n\t\t\t\t<\/figcaption><\/figure><figure class='gallery-item'>\n\t\t\t<div class='gallery-icon landscape'>\n\t\t\t\t<a data-elementor-open-lightbox=\"yes\" data-elementor-lightbox-slideshow=\"db0fe6a\" data-elementor-lightbox-title=\"Autoshow Schwabach 2017 - 15\" data-e-action-hash=\"#elementor-action%3Aaction%3Dlightbox%26settings%3DeyJpZCI6NTEzLCJ1cmwiOiJodHRwczpcL1wvd3d3LnJlZ2lvbi1zY2h3YWJhY2guZGVcL3dvcmRwcmVzc1wvd3AtY29udGVudFwvdXBsb2Fkc1wvMjAxN1wvMDRcLzIwMTcwNDIzXzE1MTM0NC5qcGciLCJzbGlkZXNob3ciOiJkYjBmZTZhIn0%3D\" href='https:\/\/www.region-schwabach.de\/wordpress\/wp-content\/uploads\/2017\/04\/20170423_151344.jpg'><img loading=\"lazy\" decoding=\"async\" width=\"300\" height=\"169\" src=\"https:\/\/www.region-schwabach.de\/wordpress\/wp-content\/uploads\/2017\/04\/20170423_151344-300x169.jpg\" class=\"attachment-medium size-medium\" alt=\"\" aria-describedby=\"gallery-1-513\" srcset=\"https:\/\/www.region-schwabach.de\/wordpress\/wp-content\/uploads\/2017\/04\/20170423_151344-300x169.jpg 300w, https:\/\/www.region-schwabach.de\/wordpress\/wp-content\/uploads\/2017\/04\/20170423_151344-768x432.jpg 768w, https:\/\/www.region-schwabach.de\/wordpress\/wp-content\/uploads\/2017\/04\/20170423_151344-1024x576.jpg 1024w, https:\/\/www.region-schwabach.de\/wordpress\/wp-content\/uploads\/2017\/04\/20170423_151344-678x381.jpg 678w\" sizes=\"(max-width: 300px) 100vw, 300px\" \/><\/a>\n\t\t\t<\/div>\n\t\t\t\t<figcaption class='wp-caption-text gallery-caption' id='gallery-1-513'>\n\t\t\t\tAutoshow Schwabach 2017 &#8211; 15\n\t\t\t\t<\/figcaption><\/figure><figure class='gallery-item'>\n\t\t\t<div class='gallery-icon landscape'>\n\t\t\t\t<a data-elementor-open-lightbox=\"yes\" data-elementor-lightbox-slideshow=\"db0fe6a\" data-elementor-lightbox-title=\"Autoshow Schwabach 2017 - 14\" data-e-action-hash=\"#elementor-action%3Aaction%3Dlightbox%26settings%3DeyJpZCI6NTEyLCJ1cmwiOiJodHRwczpcL1wvd3d3LnJlZ2lvbi1zY2h3YWJhY2guZGVcL3dvcmRwcmVzc1wvd3AtY29udGVudFwvdXBsb2Fkc1wvMjAxN1wvMDRcLzIwMTcwNDIzXzE1MTMzNC5qcGciLCJzbGlkZXNob3ciOiJkYjBmZTZhIn0%3D\" href='https:\/\/www.region-schwabach.de\/wordpress\/wp-content\/uploads\/2017\/04\/20170423_151334.jpg'><img loading=\"lazy\" decoding=\"async\" width=\"300\" height=\"169\" src=\"https:\/\/www.region-schwabach.de\/wordpress\/wp-content\/uploads\/2017\/04\/20170423_151334-300x169.jpg\" class=\"attachment-medium size-medium\" alt=\"\" aria-describedby=\"gallery-1-512\" srcset=\"https:\/\/www.region-schwabach.de\/wordpress\/wp-content\/uploads\/2017\/04\/20170423_151334-300x169.jpg 300w, https:\/\/www.region-schwabach.de\/wordpress\/wp-content\/uploads\/2017\/04\/20170423_151334-768x432.jpg 768w, https:\/\/www.region-schwabach.de\/wordpress\/wp-content\/uploads\/2017\/04\/20170423_151334-1024x576.jpg 1024w, https:\/\/www.region-schwabach.de\/wordpress\/wp-content\/uploads\/2017\/04\/20170423_151334-678x381.jpg 678w\" sizes=\"(max-width: 300px) 100vw, 300px\" \/><\/a>\n\t\t\t<\/div>\n\t\t\t\t<figcaption class='wp-caption-text gallery-caption' id='gallery-1-512'>\n\t\t\t\tAutoshow Schwabach 2017 &#8211; 14\n\t\t\t\t<\/figcaption><\/figure><figure class='gallery-item'>\n\t\t\t<div class='gallery-icon landscape'>\n\t\t\t\t<a data-elementor-open-lightbox=\"yes\" data-elementor-lightbox-slideshow=\"db0fe6a\" data-elementor-lightbox-title=\"Autoshow Schwabach 2017 - 13\" data-e-action-hash=\"#elementor-action%3Aaction%3Dlightbox%26settings%3DeyJpZCI6NTExLCJ1cmwiOiJodHRwczpcL1wvd3d3LnJlZ2lvbi1zY2h3YWJhY2guZGVcL3dvcmRwcmVzc1wvd3AtY29udGVudFwvdXBsb2Fkc1wvMjAxN1wvMDRcLzIwMTcwNDIzXzE1MTIzNC0xLmpwZyIsInNsaWRlc2hvdyI6ImRiMGZlNmEifQ%3D%3D\" href='https:\/\/www.region-schwabach.de\/wordpress\/wp-content\/uploads\/2017\/04\/20170423_151234-1.jpg'><img loading=\"lazy\" decoding=\"async\" width=\"300\" height=\"169\" src=\"https:\/\/www.region-schwabach.de\/wordpress\/wp-content\/uploads\/2017\/04\/20170423_151234-1-300x169.jpg\" class=\"attachment-medium size-medium\" alt=\"\" aria-describedby=\"gallery-1-511\" srcset=\"https:\/\/www.region-schwabach.de\/wordpress\/wp-content\/uploads\/2017\/04\/20170423_151234-1-300x169.jpg 300w, https:\/\/www.region-schwabach.de\/wordpress\/wp-content\/uploads\/2017\/04\/20170423_151234-1-768x432.jpg 768w, https:\/\/www.region-schwabach.de\/wordpress\/wp-content\/uploads\/2017\/04\/20170423_151234-1-1024x576.jpg 1024w, https:\/\/www.region-schwabach.de\/wordpress\/wp-content\/uploads\/2017\/04\/20170423_151234-1-678x381.jpg 678w\" sizes=\"(max-width: 300px) 100vw, 300px\" \/><\/a>\n\t\t\t<\/div>\n\t\t\t\t<figcaption class='wp-caption-text gallery-caption' id='gallery-1-511'>\n\t\t\t\tAutoshow Schwabach 2017 &#8211; 13\n\t\t\t\t<\/figcaption><\/figure><figure class='gallery-item'>\n\t\t\t<div class='gallery-icon landscape'>\n\t\t\t\t<a data-elementor-open-lightbox=\"yes\" data-elementor-lightbox-slideshow=\"db0fe6a\" data-elementor-lightbox-title=\"Autoshow Schwabach 2017 - 12\" data-e-action-hash=\"#elementor-action%3Aaction%3Dlightbox%26settings%3DeyJpZCI6NTA5LCJ1cmwiOiJodHRwczpcL1wvd3d3LnJlZ2lvbi1zY2h3YWJhY2guZGVcL3dvcmRwcmVzc1wvd3AtY29udGVudFwvdXBsb2Fkc1wvMjAxN1wvMDRcLzIwMTcwNDIzXzE1MTIyMS5qcGciLCJzbGlkZXNob3ciOiJkYjBmZTZhIn0%3D\" href='https:\/\/www.region-schwabach.de\/wordpress\/wp-content\/uploads\/2017\/04\/20170423_151221.jpg'><img loading=\"lazy\" decoding=\"async\" width=\"300\" height=\"169\" src=\"https:\/\/www.region-schwabach.de\/wordpress\/wp-content\/uploads\/2017\/04\/20170423_151221-300x169.jpg\" class=\"attachment-medium size-medium\" alt=\"\" aria-describedby=\"gallery-1-509\" srcset=\"https:\/\/www.region-schwabach.de\/wordpress\/wp-content\/uploads\/2017\/04\/20170423_151221-300x169.jpg 300w, https:\/\/www.region-schwabach.de\/wordpress\/wp-content\/uploads\/2017\/04\/20170423_151221-768x432.jpg 768w, https:\/\/www.region-schwabach.de\/wordpress\/wp-content\/uploads\/2017\/04\/20170423_151221-1024x576.jpg 1024w, https:\/\/www.region-schwabach.de\/wordpress\/wp-content\/uploads\/2017\/04\/20170423_151221-678x381.jpg 678w\" sizes=\"(max-width: 300px) 100vw, 300px\" \/><\/a>\n\t\t\t<\/div>\n\t\t\t\t<figcaption class='wp-caption-text gallery-caption' id='gallery-1-509'>\n\t\t\t\tAutoshow Schwabach 2017 &#8211; 12\n\t\t\t\t<\/figcaption><\/figure><figure class='gallery-item'>\n\t\t\t<div class='gallery-icon landscape'>\n\t\t\t\t<a data-elementor-open-lightbox=\"yes\" data-elementor-lightbox-slideshow=\"db0fe6a\" data-elementor-lightbox-title=\"Autoshow Schwabach 2017 - 11\" data-e-action-hash=\"#elementor-action%3Aaction%3Dlightbox%26settings%3DeyJpZCI6NTA4LCJ1cmwiOiJodHRwczpcL1wvd3d3LnJlZ2lvbi1zY2h3YWJhY2guZGVcL3dvcmRwcmVzc1wvd3AtY29udGVudFwvdXBsb2Fkc1wvMjAxN1wvMDRcLzIwMTcwNDIzXzE1MTEyNy5qcGciLCJzbGlkZXNob3ciOiJkYjBmZTZhIn0%3D\" href='https:\/\/www.region-schwabach.de\/wordpress\/wp-content\/uploads\/2017\/04\/20170423_151127.jpg'><img loading=\"lazy\" decoding=\"async\" width=\"300\" height=\"169\" src=\"https:\/\/www.region-schwabach.de\/wordpress\/wp-content\/uploads\/2017\/04\/20170423_151127-300x169.jpg\" class=\"attachment-medium size-medium\" alt=\"\" aria-describedby=\"gallery-1-508\" srcset=\"https:\/\/www.region-schwabach.de\/wordpress\/wp-content\/uploads\/2017\/04\/20170423_151127-300x169.jpg 300w, https:\/\/www.region-schwabach.de\/wordpress\/wp-content\/uploads\/2017\/04\/20170423_151127-768x432.jpg 768w, https:\/\/www.region-schwabach.de\/wordpress\/wp-content\/uploads\/2017\/04\/20170423_151127-1024x576.jpg 1024w, https:\/\/www.region-schwabach.de\/wordpress\/wp-content\/uploads\/2017\/04\/20170423_151127-678x381.jpg 678w\" sizes=\"(max-width: 300px) 100vw, 300px\" \/><\/a>\n\t\t\t<\/div>\n\t\t\t\t<figcaption class='wp-caption-text gallery-caption' id='gallery-1-508'>\n\t\t\t\tAutoshow Schwabach 2017 &#8211; 11\n\t\t\t\t<\/figcaption><\/figure><figure class='gallery-item'>\n\t\t\t<div class='gallery-icon landscape'>\n\t\t\t\t<a data-elementor-open-lightbox=\"yes\" data-elementor-lightbox-slideshow=\"db0fe6a\" data-elementor-lightbox-title=\"Autoshow Schwabach 2017 - 10\" data-e-action-hash=\"#elementor-action%3Aaction%3Dlightbox%26settings%3DeyJpZCI6NTA3LCJ1cmwiOiJodHRwczpcL1wvd3d3LnJlZ2lvbi1zY2h3YWJhY2guZGVcL3dvcmRwcmVzc1wvd3AtY29udGVudFwvdXBsb2Fkc1wvMjAxN1wvMDRcLzIwMTcwNDIzXzE1MTA0Ny5qcGciLCJzbGlkZXNob3ciOiJkYjBmZTZhIn0%3D\" href='https:\/\/www.region-schwabach.de\/wordpress\/wp-content\/uploads\/2017\/04\/20170423_151047.jpg'><img loading=\"lazy\" decoding=\"async\" width=\"300\" height=\"169\" src=\"https:\/\/www.region-schwabach.de\/wordpress\/wp-content\/uploads\/2017\/04\/20170423_151047-300x169.jpg\" class=\"attachment-medium size-medium\" alt=\"\" aria-describedby=\"gallery-1-507\" srcset=\"https:\/\/www.region-schwabach.de\/wordpress\/wp-content\/uploads\/2017\/04\/20170423_151047-300x169.jpg 300w, https:\/\/www.region-schwabach.de\/wordpress\/wp-content\/uploads\/2017\/04\/20170423_151047-768x432.jpg 768w, https:\/\/www.region-schwabach.de\/wordpress\/wp-content\/uploads\/2017\/04\/20170423_151047-1024x576.jpg 1024w, https:\/\/www.region-schwabach.de\/wordpress\/wp-content\/uploads\/2017\/04\/20170423_151047-678x381.jpg 678w\" sizes=\"(max-width: 300px) 100vw, 300px\" \/><\/a>\n\t\t\t<\/div>\n\t\t\t\t<figcaption class='wp-caption-text gallery-caption' id='gallery-1-507'>\n\t\t\t\tAutoshow Schwabach 2017 &#8211; 10\n\t\t\t\t<\/figcaption><\/figure><figure class='gallery-item'>\n\t\t\t<div class='gallery-icon landscape'>\n\t\t\t\t<a data-elementor-open-lightbox=\"yes\" data-elementor-lightbox-slideshow=\"db0fe6a\" data-elementor-lightbox-title=\"Autoshow Schwabach 2017 - 9\" data-e-action-hash=\"#elementor-action%3Aaction%3Dlightbox%26settings%3DeyJpZCI6NTA2LCJ1cmwiOiJodHRwczpcL1wvd3d3LnJlZ2lvbi1zY2h3YWJhY2guZGVcL3dvcmRwcmVzc1wvd3AtY29udGVudFwvdXBsb2Fkc1wvMjAxN1wvMDRcLzIwMTcwNDIzXzE1MDgwNC5qcGciLCJzbGlkZXNob3ciOiJkYjBmZTZhIn0%3D\" href='https:\/\/www.region-schwabach.de\/wordpress\/wp-content\/uploads\/2017\/04\/20170423_150804.jpg'><img loading=\"lazy\" decoding=\"async\" width=\"300\" height=\"169\" src=\"https:\/\/www.region-schwabach.de\/wordpress\/wp-content\/uploads\/2017\/04\/20170423_150804-300x169.jpg\" class=\"attachment-medium size-medium\" alt=\"\" aria-describedby=\"gallery-1-506\" srcset=\"https:\/\/www.region-schwabach.de\/wordpress\/wp-content\/uploads\/2017\/04\/20170423_150804-300x169.jpg 300w, https:\/\/www.region-schwabach.de\/wordpress\/wp-content\/uploads\/2017\/04\/20170423_150804-768x432.jpg 768w, https:\/\/www.region-schwabach.de\/wordpress\/wp-content\/uploads\/2017\/04\/20170423_150804-1024x576.jpg 1024w, https:\/\/www.region-schwabach.de\/wordpress\/wp-content\/uploads\/2017\/04\/20170423_150804-678x381.jpg 678w\" sizes=\"(max-width: 300px) 100vw, 300px\" \/><\/a>\n\t\t\t<\/div>\n\t\t\t\t<figcaption class='wp-caption-text gallery-caption' id='gallery-1-506'>\n\t\t\t\tAutoshow Schwabach 2017 &#8211; 9\n\t\t\t\t<\/figcaption><\/figure><figure class='gallery-item'>\n\t\t\t<div class='gallery-icon landscape'>\n\t\t\t\t<a data-elementor-open-lightbox=\"yes\" data-elementor-lightbox-slideshow=\"db0fe6a\" data-elementor-lightbox-title=\"Autoshow Schwabach 2017 - 8\" data-e-action-hash=\"#elementor-action%3Aaction%3Dlightbox%26settings%3DeyJpZCI6NTA1LCJ1cmwiOiJodHRwczpcL1wvd3d3LnJlZ2lvbi1zY2h3YWJhY2guZGVcL3dvcmRwcmVzc1wvd3AtY29udGVudFwvdXBsb2Fkc1wvMjAxN1wvMDRcLzIwMTcwNDIzXzE1MDY0OC5qcGciLCJzbGlkZXNob3ciOiJkYjBmZTZhIn0%3D\" href='https:\/\/www.region-schwabach.de\/wordpress\/wp-content\/uploads\/2017\/04\/20170423_150648.jpg'><img loading=\"lazy\" decoding=\"async\" width=\"300\" height=\"169\" src=\"https:\/\/www.region-schwabach.de\/wordpress\/wp-content\/uploads\/2017\/04\/20170423_150648-300x169.jpg\" class=\"attachment-medium size-medium\" alt=\"\" aria-describedby=\"gallery-1-505\" srcset=\"https:\/\/www.region-schwabach.de\/wordpress\/wp-content\/uploads\/2017\/04\/20170423_150648-300x169.jpg 300w, https:\/\/www.region-schwabach.de\/wordpress\/wp-content\/uploads\/2017\/04\/20170423_150648-768x432.jpg 768w, https:\/\/www.region-schwabach.de\/wordpress\/wp-content\/uploads\/2017\/04\/20170423_150648-1024x576.jpg 1024w, https:\/\/www.region-schwabach.de\/wordpress\/wp-content\/uploads\/2017\/04\/20170423_150648-678x381.jpg 678w\" sizes=\"(max-width: 300px) 100vw, 300px\" \/><\/a>\n\t\t\t<\/div>\n\t\t\t\t<figcaption class='wp-caption-text gallery-caption' id='gallery-1-505'>\n\t\t\t\tAutoshow Schwabach 2017 &#8211; 8\n\t\t\t\t<\/figcaption><\/figure><figure class='gallery-item'>\n\t\t\t<div class='gallery-icon landscape'>\n\t\t\t\t<a data-elementor-open-lightbox=\"yes\" data-elementor-lightbox-slideshow=\"db0fe6a\" data-elementor-lightbox-title=\"Autoshow Schwabach 2017 - 7\" data-e-action-hash=\"#elementor-action%3Aaction%3Dlightbox%26settings%3DeyJpZCI6NTA0LCJ1cmwiOiJodHRwczpcL1wvd3d3LnJlZ2lvbi1zY2h3YWJhY2guZGVcL3dvcmRwcmVzc1wvd3AtY29udGVudFwvdXBsb2Fkc1wvMjAxN1wvMDRcLzIwMTcwNDIzXzE1MDMxMy5qcGciLCJzbGlkZXNob3ciOiJkYjBmZTZhIn0%3D\" href='https:\/\/www.region-schwabach.de\/wordpress\/wp-content\/uploads\/2017\/04\/20170423_150313.jpg'><img loading=\"lazy\" decoding=\"async\" width=\"300\" height=\"169\" src=\"https:\/\/www.region-schwabach.de\/wordpress\/wp-content\/uploads\/2017\/04\/20170423_150313-300x169.jpg\" class=\"attachment-medium size-medium\" alt=\"\" aria-describedby=\"gallery-1-504\" srcset=\"https:\/\/www.region-schwabach.de\/wordpress\/wp-content\/uploads\/2017\/04\/20170423_150313-300x169.jpg 300w, https:\/\/www.region-schwabach.de\/wordpress\/wp-content\/uploads\/2017\/04\/20170423_150313-768x432.jpg 768w, https:\/\/www.region-schwabach.de\/wordpress\/wp-content\/uploads\/2017\/04\/20170423_150313-1024x576.jpg 1024w, https:\/\/www.region-schwabach.de\/wordpress\/wp-content\/uploads\/2017\/04\/20170423_150313-678x381.jpg 678w\" sizes=\"(max-width: 300px) 100vw, 300px\" \/><\/a>\n\t\t\t<\/div>\n\t\t\t\t<figcaption class='wp-caption-text gallery-caption' id='gallery-1-504'>\n\t\t\t\tAutoshow Schwabach 2017 &#8211; 7\n\t\t\t\t<\/figcaption><\/figure><figure class='gallery-item'>\n\t\t\t<div class='gallery-icon landscape'>\n\t\t\t\t<a data-elementor-open-lightbox=\"yes\" data-elementor-lightbox-slideshow=\"db0fe6a\" data-elementor-lightbox-title=\"Autoshow Schwabach 2017 - 6\" data-e-action-hash=\"#elementor-action%3Aaction%3Dlightbox%26settings%3DeyJpZCI6NTAzLCJ1cmwiOiJodHRwczpcL1wvd3d3LnJlZ2lvbi1zY2h3YWJhY2guZGVcL3dvcmRwcmVzc1wvd3AtY29udGVudFwvdXBsb2Fkc1wvMjAxN1wvMDRcLzIwMTcwNDIzXzE1MDE1OS5qcGciLCJzbGlkZXNob3ciOiJkYjBmZTZhIn0%3D\" href='https:\/\/www.region-schwabach.de\/wordpress\/wp-content\/uploads\/2017\/04\/20170423_150159.jpg'><img loading=\"lazy\" decoding=\"async\" width=\"300\" height=\"169\" src=\"https:\/\/www.region-schwabach.de\/wordpress\/wp-content\/uploads\/2017\/04\/20170423_150159-300x169.jpg\" class=\"attachment-medium size-medium\" alt=\"\" aria-describedby=\"gallery-1-503\" srcset=\"https:\/\/www.region-schwabach.de\/wordpress\/wp-content\/uploads\/2017\/04\/20170423_150159-300x169.jpg 300w, https:\/\/www.region-schwabach.de\/wordpress\/wp-content\/uploads\/2017\/04\/20170423_150159-768x432.jpg 768w, https:\/\/www.region-schwabach.de\/wordpress\/wp-content\/uploads\/2017\/04\/20170423_150159-1024x576.jpg 1024w, https:\/\/www.region-schwabach.de\/wordpress\/wp-content\/uploads\/2017\/04\/20170423_150159-678x381.jpg 678w\" sizes=\"(max-width: 300px) 100vw, 300px\" \/><\/a>\n\t\t\t<\/div>\n\t\t\t\t<figcaption class='wp-caption-text gallery-caption' id='gallery-1-503'>\n\t\t\t\tAutoshow Schwabach 2017 &#8211; 6\n\t\t\t\t<\/figcaption><\/figure><figure class='gallery-item'>\n\t\t\t<div class='gallery-icon landscape'>\n\t\t\t\t<a data-elementor-open-lightbox=\"yes\" data-elementor-lightbox-slideshow=\"db0fe6a\" data-elementor-lightbox-title=\"Autoshow Schwabach 2017 - 5\" data-e-action-hash=\"#elementor-action%3Aaction%3Dlightbox%26settings%3DeyJpZCI6NTAyLCJ1cmwiOiJodHRwczpcL1wvd3d3LnJlZ2lvbi1zY2h3YWJhY2guZGVcL3dvcmRwcmVzc1wvd3AtY29udGVudFwvdXBsb2Fkc1wvMjAxN1wvMDRcLzIwMTcwNDIzXzE1MDE0Ni5qcGciLCJzbGlkZXNob3ciOiJkYjBmZTZhIn0%3D\" href='https:\/\/www.region-schwabach.de\/wordpress\/wp-content\/uploads\/2017\/04\/20170423_150146.jpg'><img loading=\"lazy\" decoding=\"async\" width=\"300\" height=\"169\" src=\"https:\/\/www.region-schwabach.de\/wordpress\/wp-content\/uploads\/2017\/04\/20170423_150146-300x169.jpg\" class=\"attachment-medium size-medium\" alt=\"\" aria-describedby=\"gallery-1-502\" srcset=\"https:\/\/www.region-schwabach.de\/wordpress\/wp-content\/uploads\/2017\/04\/20170423_150146-300x169.jpg 300w, https:\/\/www.region-schwabach.de\/wordpress\/wp-content\/uploads\/2017\/04\/20170423_150146-768x432.jpg 768w, https:\/\/www.region-schwabach.de\/wordpress\/wp-content\/uploads\/2017\/04\/20170423_150146-1024x576.jpg 1024w, https:\/\/www.region-schwabach.de\/wordpress\/wp-content\/uploads\/2017\/04\/20170423_150146-678x381.jpg 678w\" sizes=\"(max-width: 300px) 100vw, 300px\" \/><\/a>\n\t\t\t<\/div>\n\t\t\t\t<figcaption class='wp-caption-text gallery-caption' id='gallery-1-502'>\n\t\t\t\tAutoshow Schwabach 2017 &#8211; 5\n\t\t\t\t<\/figcaption><\/figure><figure class='gallery-item'>\n\t\t\t<div class='gallery-icon landscape'>\n\t\t\t\t<a data-elementor-open-lightbox=\"yes\" data-elementor-lightbox-slideshow=\"db0fe6a\" data-elementor-lightbox-title=\"Autoshow Schwabach 2017 - 4\" data-e-action-hash=\"#elementor-action%3Aaction%3Dlightbox%26settings%3DeyJpZCI6NTAxLCJ1cmwiOiJodHRwczpcL1wvd3d3LnJlZ2lvbi1zY2h3YWJhY2guZGVcL3dvcmRwcmVzc1wvd3AtY29udGVudFwvdXBsb2Fkc1wvMjAxN1wvMDRcLzIwMTcwNDIzXzE1MDEwNS5qcGciLCJzbGlkZXNob3ciOiJkYjBmZTZhIn0%3D\" href='https:\/\/www.region-schwabach.de\/wordpress\/wp-content\/uploads\/2017\/04\/20170423_150105.jpg'><img loading=\"lazy\" decoding=\"async\" width=\"300\" height=\"169\" src=\"https:\/\/www.region-schwabach.de\/wordpress\/wp-content\/uploads\/2017\/04\/20170423_150105-300x169.jpg\" class=\"attachment-medium size-medium\" alt=\"\" aria-describedby=\"gallery-1-501\" srcset=\"https:\/\/www.region-schwabach.de\/wordpress\/wp-content\/uploads\/2017\/04\/20170423_150105-300x169.jpg 300w, https:\/\/www.region-schwabach.de\/wordpress\/wp-content\/uploads\/2017\/04\/20170423_150105-768x432.jpg 768w, https:\/\/www.region-schwabach.de\/wordpress\/wp-content\/uploads\/2017\/04\/20170423_150105-1024x576.jpg 1024w, https:\/\/www.region-schwabach.de\/wordpress\/wp-content\/uploads\/2017\/04\/20170423_150105-678x381.jpg 678w\" sizes=\"(max-width: 300px) 100vw, 300px\" \/><\/a>\n\t\t\t<\/div>\n\t\t\t\t<figcaption class='wp-caption-text gallery-caption' id='gallery-1-501'>\n\t\t\t\tAutoshow Schwabach 2017 &#8211; 4\n\t\t\t\t<\/figcaption><\/figure><figure class='gallery-item'>\n\t\t\t<div class='gallery-icon landscape'>\n\t\t\t\t<a data-elementor-open-lightbox=\"yes\" data-elementor-lightbox-slideshow=\"db0fe6a\" data-elementor-lightbox-title=\"Autoshow Schwabach 2017 - 3\" data-e-action-hash=\"#elementor-action%3Aaction%3Dlightbox%26settings%3DeyJpZCI6NTAwLCJ1cmwiOiJodHRwczpcL1wvd3d3LnJlZ2lvbi1zY2h3YWJhY2guZGVcL3dvcmRwcmVzc1wvd3AtY29udGVudFwvdXBsb2Fkc1wvMjAxN1wvMDRcLzIwMTcwNDIzXzE1MDA0MS5qcGciLCJzbGlkZXNob3ciOiJkYjBmZTZhIn0%3D\" href='https:\/\/www.region-schwabach.de\/wordpress\/wp-content\/uploads\/2017\/04\/20170423_150041.jpg'><img loading=\"lazy\" decoding=\"async\" width=\"300\" height=\"169\" src=\"https:\/\/www.region-schwabach.de\/wordpress\/wp-content\/uploads\/2017\/04\/20170423_150041-300x169.jpg\" class=\"attachment-medium size-medium\" alt=\"\" aria-describedby=\"gallery-1-500\" srcset=\"https:\/\/www.region-schwabach.de\/wordpress\/wp-content\/uploads\/2017\/04\/20170423_150041-300x169.jpg 300w, https:\/\/www.region-schwabach.de\/wordpress\/wp-content\/uploads\/2017\/04\/20170423_150041-768x432.jpg 768w, https:\/\/www.region-schwabach.de\/wordpress\/wp-content\/uploads\/2017\/04\/20170423_150041-1024x576.jpg 1024w, https:\/\/www.region-schwabach.de\/wordpress\/wp-content\/uploads\/2017\/04\/20170423_150041-678x381.jpg 678w\" sizes=\"(max-width: 300px) 100vw, 300px\" \/><\/a>\n\t\t\t<\/div>\n\t\t\t\t<figcaption class='wp-caption-text gallery-caption' id='gallery-1-500'>\n\t\t\t\tAutoshow Schwabach 2017 &#8211; 3\n\t\t\t\t<\/figcaption><\/figure><figure class='gallery-item'>\n\t\t\t<div class='gallery-icon landscape'>\n\t\t\t\t<a data-elementor-open-lightbox=\"yes\" data-elementor-lightbox-slideshow=\"db0fe6a\" data-elementor-lightbox-title=\"Autoshow Schwabach 2017 - 2\" data-e-action-hash=\"#elementor-action%3Aaction%3Dlightbox%26settings%3DeyJpZCI6NDk5LCJ1cmwiOiJodHRwczpcL1wvd3d3LnJlZ2lvbi1zY2h3YWJhY2guZGVcL3dvcmRwcmVzc1wvd3AtY29udGVudFwvdXBsb2Fkc1wvMjAxN1wvMDRcLzIwMTcwNDIzXzE0NTkyMy5qcGciLCJzbGlkZXNob3ciOiJkYjBmZTZhIn0%3D\" href='https:\/\/www.region-schwabach.de\/wordpress\/wp-content\/uploads\/2017\/04\/20170423_145923.jpg'><img loading=\"lazy\" decoding=\"async\" width=\"300\" height=\"169\" src=\"https:\/\/www.region-schwabach.de\/wordpress\/wp-content\/uploads\/2017\/04\/20170423_145923-300x169.jpg\" class=\"attachment-medium size-medium\" alt=\"\" aria-describedby=\"gallery-1-499\" srcset=\"https:\/\/www.region-schwabach.de\/wordpress\/wp-content\/uploads\/2017\/04\/20170423_145923-300x169.jpg 300w, https:\/\/www.region-schwabach.de\/wordpress\/wp-content\/uploads\/2017\/04\/20170423_145923-768x432.jpg 768w, https:\/\/www.region-schwabach.de\/wordpress\/wp-content\/uploads\/2017\/04\/20170423_145923-1024x576.jpg 1024w, https:\/\/www.region-schwabach.de\/wordpress\/wp-content\/uploads\/2017\/04\/20170423_145923-678x381.jpg 678w\" sizes=\"(max-width: 300px) 100vw, 300px\" \/><\/a>\n\t\t\t<\/div>\n\t\t\t\t<figcaption class='wp-caption-text gallery-caption' id='gallery-1-499'>\n\t\t\t\tAutoshow Schwabach 2017 &#8211; 2\n\t\t\t\t<\/figcaption><\/figure><figure class='gallery-item'>\n\t\t\t<div class='gallery-icon landscape'>\n\t\t\t\t<a data-elementor-open-lightbox=\"yes\" data-elementor-lightbox-slideshow=\"db0fe6a\" data-elementor-lightbox-title=\"Autoshow Schwabach 2017 - 1\" data-e-action-hash=\"#elementor-action%3Aaction%3Dlightbox%26settings%3DeyJpZCI6NDk4LCJ1cmwiOiJodHRwczpcL1wvd3d3LnJlZ2lvbi1zY2h3YWJhY2guZGVcL3dvcmRwcmVzc1wvd3AtY29udGVudFwvdXBsb2Fkc1wvMjAxN1wvMDRcLzIwMTcwNDIzXzE0NTgzMS5qcGciLCJzbGlkZXNob3ciOiJkYjBmZTZhIn0%3D\" href='https:\/\/www.region-schwabach.de\/wordpress\/wp-content\/uploads\/2017\/04\/20170423_145831.jpg'><img loading=\"lazy\" decoding=\"async\" width=\"300\" height=\"169\" src=\"https:\/\/www.region-schwabach.de\/wordpress\/wp-content\/uploads\/2017\/04\/20170423_145831-300x169.jpg\" class=\"attachment-medium size-medium\" alt=\"\" aria-describedby=\"gallery-1-498\" srcset=\"https:\/\/www.region-schwabach.de\/wordpress\/wp-content\/uploads\/2017\/04\/20170423_145831-300x169.jpg 300w, https:\/\/www.region-schwabach.de\/wordpress\/wp-content\/uploads\/2017\/04\/20170423_145831-768x432.jpg 768w, https:\/\/www.region-schwabach.de\/wordpress\/wp-content\/uploads\/2017\/04\/20170423_145831-1024x576.jpg 1024w, https:\/\/www.region-schwabach.de\/wordpress\/wp-content\/uploads\/2017\/04\/20170423_145831-678x381.jpg 678w\" sizes=\"(max-width: 300px) 100vw, 300px\" \/><\/a>\n\t\t\t<\/div>\n\t\t\t\t<figcaption class='wp-caption-text gallery-caption' id='gallery-1-498'>\n\t\t\t\tAutoshow Schwabach 2017 &#8211; 1\n\t\t\t\t<\/figcaption><\/figure>\n\t\t<\/div>\n\t\t<\/div>\n\t\t\t\t<\/div>\n\t\t\t\t<\/div>\n\t\t\t\t<div class=\"elementor-element elementor-element-lkj62ub elementor-widget-divider--view-line elementor-widget elementor-widget-divider\" data-id=\"lkj62ub\" data-element_type=\"widget\" data-widget_type=\"divider.default\">\n\t\t\t\t<div class=\"elementor-widget-container\">\n\t\t\t\t\t<div class=\"elementor-divider\">\n\t\t\t<span class=\"elementor-divider-separator\">\n\t\t\t\t\t\t<\/span>\n\t\t<\/div>\n\t\t\t\t<\/div>\n\t\t\t\t<\/div>\n\t\t\t\t<div class=\"elementor-element elementor-element-c98jtdz elementor-widget elementor-widget-google_maps\" data-id=\"c98jtdz\" data-element_type=\"widget\" data-widget_type=\"google_maps.default\">\n\t\t\t\t<div class=\"elementor-widget-container\">\n\t\t\t\t\t<div class=\"elementor-custom-embed\">\n\t\t\t<iframe loading=\"lazy\"\n\t\t\t\t\tsrc=\"https:\/\/maps.google.com\/maps?q=49.329286%2C%2011.020058&#038;t=m&#038;z=17&#038;output=embed&#038;iwloc=near\"\n\t\t\t\t\ttitle=\"49.329286, 11.020058\"\n\t\t\t\t\taria-label=\"49.329286, 11.020058\"\n\t\t\t><\/iframe>\n\t\t<\/div>\n\t\t\t\t<\/div>\n\t\t\t\t<\/div>\n\t\t\t\t\t<\/div>\n\t\t<\/div>\n\t\t\t\t<div class=\"elementor-column elementor-col-50 elementor-top-column elementor-element elementor-element-60fedc0\" data-id=\"60fedc0\" data-element_type=\"column\">\n\t\t\t<div class=\"elementor-widget-wrap elementor-element-populated\">\n\t\t\t\t\t\t<div class=\"elementor-element elementor-element-704588a elementor-widget elementor-widget-heading\" data-id=\"704588a\" data-element_type=\"widget\" data-widget_type=\"heading.default\">\n\t\t\t\t<div class=\"elementor-widget-container\">\n\t\t\t<h3 class=\"elementor-heading-title elementor-size-default\">Schnell vergleichen und sparen!<\/h3>\t\t<\/div>\n\t\t\t\t<\/div>\n\t\t\t\t<div class=\"elementor-element elementor-element-01fc642 elementor-widget elementor-widget-wp-widget-advads_ad_widget\" data-id=\"01fc642\" data-element_type=\"widget\" data-widget_type=\"wp-widget-advads_ad_widget.default\">\n\t\t\t\t<div class=\"elementor-widget-container\">\n\t\t\t<div id=\"regio-1076825763\"><div class=\"regio-adlabel\">Werbung<\/div><!-- Beginn https:\/\/www.financeads.net\/-Code --><a href=\"https:\/\/www.financeads.net\/tc.php?t=36648C236142529B\" target=\"_blank\"><img loading=\"lazy\" decoding=\"async\" src=\"https:\/\/www.financeads.net\/tb.php?t=36648V236142529B&https=1\" alt=\"\" border=\"0\" width=\"300\" height=\"250\"><\/a><!-- Ende https:\/\/www.financeads.net\/-Code --><\/div>\t\t<\/div>\n\t\t\t\t<\/div>\n\t\t\t\t<div class=\"elementor-element elementor-element-d37ecf4 elementor-widget elementor-widget-wp-widget-advads_ad_widget\" data-id=\"d37ecf4\" data-element_type=\"widget\" data-widget_type=\"wp-widget-advads_ad_widget.default\">\n\t\t\t\t<div class=\"elementor-widget-container\">\n\t\t\t<div id=\"regio-1444532337\"><div class=\"regio-adlabel\">Werbung<\/div><!-- Beginn https:\/\/www.financeads.net\/-Code --><a href=\"https:\/\/www.financeads.net\/tc.php?t=36648C42614510B\" target=\"_blank\"><img loading=\"lazy\" decoding=\"async\" src=\"https:\/\/www.financeads.net\/tb.php?t=36648V42614510B&https=1\" alt=\"\" border=\"0\" width=\"200\" height=\"300\"><\/a><!-- Ende https:\/\/www.financeads.net\/-Code --><\/div>\t\t<\/div>\n\t\t\t\t<\/div>\n\t\t\t\t<div class=\"elementor-element elementor-element-25157e8 elementor-widget elementor-widget-wp-widget-advads_ad_widget\" data-id=\"25157e8\" data-element_type=\"widget\" data-widget_type=\"wp-widget-advads_ad_widget.default\">\n\t\t\t\t<div class=\"elementor-widget-container\">\n\t\t\t<div id=\"regio-3173219010\"><div class=\"regio-adlabel\">Werbung<\/div><!-- Beginn https:\/\/www.financeads.net\/-Code --><a href=\"https:\/\/www.financeads.net\/tc.php?t=36648C205040072B\" target=\"_blank\"><img loading=\"lazy\" decoding=\"async\" src=\"https:\/\/www.financeads.net\/tb.php?t=36648V205040072B&https=1\" alt=\"\" border=\"0\" width=\"300\" height=\"250\"><\/a><!-- Ende https:\/\/www.financeads.net\/-Code --><\/div>\t\t<\/div>\n\t\t\t\t<\/div>\n\t\t\t\t<div class=\"elementor-element elementor-element-e7268e6 elementor-widget elementor-widget-wp-widget-advads_ad_widget\" data-id=\"e7268e6\" data-element_type=\"widget\" data-widget_type=\"wp-widget-advads_ad_widget.default\">\n\t\t\t\t<div class=\"elementor-widget-container\">\n\t\t\t<div id=\"regio-2003861757\"><div class=\"regio-adlabel\">Werbung<\/div><!-- Beginn https:\/\/www.financeads.net\/-Code --><a href=\"https:\/\/www.financeads.net\/tc.php?t=36648C271460142B\" target=\"_blank\"><img loading=\"lazy\" decoding=\"async\" src=\"https:\/\/www.financeads.net\/tb.php?t=36648V271460142B&https=1\" alt=\"PETPROTECT_Hund&Katze_Banner\" border=\"0\" width=\"250\" height=\"250\"><\/a><!-- Ende https:\/\/www.financeads.net\/-Code --><\/div>\t\t<\/div>\n\t\t\t\t<\/div>\n\t\t\t\t\t<\/div>\n\t\t<\/div>\n\t\t\t\t\t<\/div>\n\t\t<\/section>\n\t\t\t\t<\/div>\n\t\t","protected":false},"excerpt":{"rendered":"<div class=\"mh-excerpt\"><p>Schwabach &#8211; Am Sonntag, den 28.04.2019, ist es von 11.00 Uhr bis 18.00 Uhr wieder so weit: Die Schwabacher Autoshow \u00f6ffnet wieder ihre Pforten Seit inzwischen mehr als 29 Jahren geh\u00f6rt die j\u00e4hrlich stattfindende Schwabacher <a class=\"mh-excerpt-more\" href=\"https:\/\/www.region-schwabach.de\/wordpress\/30-autoshow-am-28-april-2019-in-schwabach\/\" title=\"30. Autoshow am 28. April 2019 in Schwabach\">[&#8230;]<\/a><\/p>\n<\/div>","protected":false},"author":1,"featured_media":89727,"comment_status":"open","ping_status":"open","sticky":false,"template":"","format":"standard","meta":{"_cbd_carousel_blocks":"[]","footnotes":""},"categories":[16,1,78,287,231,46],"tags":[8780,3155,3418,26,643,3420,9045,3417,388,114,563,3421,19,4604,3419],"class_list":{"0":"post-89726","1":"post","2":"type-post","3":"status-publish","4":"format-standard","5":"has-post-thumbnail","7":"category-aktuell","8":"category-allgemein","9":"category-handel-und-wirtschaft","10":"category-jugend-und-familie","11":"category-veranstaltungsnews","12":"category-verbaende","13":"tag-30-04-2019","14":"tag-ausstellung","15":"tag-auto","16":"tag-autoshow","17":"tag-fahrrad","18":"tag-freizeit","19":"tag-fussgaengerzone","20":"tag-haendler","21":"tag-innenstadt","22":"tag-marktplatz","23":"tag-motorrad","24":"tag-quad","25":"tag-schwabach","26":"tag-werbe-und-stadtgemeinschaft","27":"tag-zweirad"},"_links":{"self":[{"href":"https:\/\/www.region-schwabach.de\/wordpress\/wp-json\/wp\/v2\/posts\/89726","targetHints":{"allow":["GET"]}}],"collection":[{"href":"https:\/\/www.region-schwabach.de\/wordpress\/wp-json\/wp\/v2\/posts"}],"about":[{"href":"https:\/\/www.region-schwabach.de\/wordpress\/wp-json\/wp\/v2\/types\/post"}],"author":[{"embeddable":true,"href":"https:\/\/www.region-schwabach.de\/wordpress\/wp-json\/wp\/v2\/users\/1"}],"replies":[{"embeddable":true,"href":"https:\/\/www.region-schwabach.de\/wordpress\/wp-json\/wp\/v2\/comments?post=89726"}],"version-history":[{"count":0,"href":"https:\/\/www.region-schwabach.de\/wordpress\/wp-json\/wp\/v2\/posts\/89726\/revisions"}],"wp:featuredmedia":[{"embeddable":true,"href":"https:\/\/www.region-schwabach.de\/wordpress\/wp-json\/wp\/v2\/media\/89727"}],"wp:attachment":[{"href":"https:\/\/www.region-schwabach.de\/wordpress\/wp-json\/wp\/v2\/media?parent=89726"}],"wp:term":[{"taxonomy":"category","embeddable":true,"href":"https:\/\/www.region-schwabach.de\/wordpress\/wp-json\/wp\/v2\/categories?post=89726"},{"taxonomy":"post_tag","embeddable":true,"href":"https:\/\/www.region-schwabach.de\/wordpress\/wp-json\/wp\/v2\/tags?post=89726"}],"curies":[{"name":"wp","href":"https:\/\/api.w.org\/{rel}","templated":true}]}}