{"id":89876,"date":"2019-05-26T00:45:17","date_gmt":"2019-05-25T22:45:17","guid":{"rendered":"http:\/\/www.region-schwabach.de\/wordpress\/?p=89876"},"modified":"2019-05-26T07:56:00","modified_gmt":"2019-05-26T05:56:00","slug":"ausstellung-patrick-fauck-herzblatter","status":"publish","type":"post","link":"https:\/\/www.region-schwabach.de\/wordpress\/ausstellung-patrick-fauck-herzblatter\/","title":{"rendered":"Ausstellung: Patrick Fauck &#8211; HERZBL\u00c4TTER"},"content":{"rendered":"\t\t<div data-elementor-type=\"wp-post\" data-elementor-id=\"89876\" class=\"elementor elementor-89876\">\n\t\t\t\t\t\t<section class=\"elementor-section elementor-top-section elementor-element elementor-element-678181b elementor-section-boxed elementor-section-height-default elementor-section-height-default\" data-id=\"678181b\" data-element_type=\"section\">\n\t\t\t\t\t\t<div class=\"elementor-container elementor-column-gap-default\">\n\t\t\t\t\t<div class=\"elementor-column elementor-col-50 elementor-top-column elementor-element elementor-element-6b34026\" data-id=\"6b34026\" data-element_type=\"column\">\n\t\t\t<div class=\"elementor-widget-wrap elementor-element-populated\">\n\t\t\t\t\t\t<div class=\"elementor-element elementor-element-15a5ce5 elementor-widget elementor-widget-wp-widget-advads_ad_widget\" data-id=\"15a5ce5\" data-element_type=\"widget\" data-widget_type=\"wp-widget-advads_ad_widget.default\">\n\t\t\t\t<div class=\"elementor-widget-container\">\n\t\t\t<div id=\"regio-1323609978\"><div class=\"regio-adlabel\">Werbung<\/div><!-- Beginn https:\/\/www.financeads.net\/-Code --><a href=\"https:\/\/www.financeads.net\/tc.php?t=36648C19118058B\" target=\"_blank\"><img fetchpriority=\"high\" decoding=\"async\" src=\"https:\/\/www.financeads.net\/tb.php?t=36648V19118058B&https=1\" alt=\"\" border=\"0\" width=\"728\" height=\"90\"><\/a><!-- Ende https:\/\/www.financeads.net\/-Code --><\/div>\t\t<\/div>\n\t\t\t\t<\/div>\n\t\t\t\t<div class=\"elementor-element elementor-element-443ab98 elementor-widget elementor-widget-text-editor\" data-id=\"443ab98\" data-element_type=\"widget\" data-widget_type=\"text-editor.default\">\n\t\t\t\t<div class=\"elementor-widget-container\">\n\t\t\t\t\t\t\t<h3 class=\"entry-title\">Vom 26. April bis 26. Mai 2019 in der St\u00e4dtischen Galerie Schwabach:<br \/>Patrick Fauck &#8211; HERZBL\u00c4TTER<\/h3><p><span style=\"font-size: 12pt;\">Schwabach &#8211; Von Freitag, den 26.04.2019, bis Sonntag, den 26.05.2019, zeigt die St\u00e4dtische Galerie in Schwabach die Ausstellung &#8222;HERZBL\u00c4TTER von Patrick Fauck&#8220;.<\/span><\/p><h3>Parick Fauck<\/h3><p><span style=\"font-size: 12pt;\">Im Saarland geboren. Lebt und arbeitet in Leipzig.<\/span><\/p><ul style=\"list-style-type: disc;\"><li><span style=\"font-size: 12pt;\">1992 &#8211; 1996 <\/span><br \/><span style=\"font-size: 12pt;\">Studium an der Fachhochschule f\u00fcr Gestaltung Mannheim\/Grafik-Design; Diplom-Designer (FH)<\/span><\/li><li><span style=\"font-size: 12pt;\">1996 &#8211; 2005 <\/span><br \/><span style=\"font-size: 12pt;\">Studium an der Ruprecht-Karls-Universit\u00e4t Heidelberg\/Kunstgeschichte und Philosophie; Magister Artium (M. A.)<\/span><\/li><li><span style=\"font-size: 12pt;\">2006 &#8211; 2008 <\/span><br \/><span style=\"font-size: 12pt;\">Aufbaustudium an der Burg Giebichenstein &#8211; Hochschule f\u00fcr Kunst und Design Halle\/Freie Grafik bei Prof. Thomas Rug<\/span><\/li><li><span style=\"font-size: 12pt;\">2008 &#8211; 2011 <\/span><br \/><span style=\"font-size: 12pt;\">Studium an der Hochschule f\u00fcr Grafik und Buchkunst Leipzig, Klasse Prof. Annette Schr\u00f6ter, Diplom<\/span><\/li><\/ul><h3>Ich bin Druckgrafiker aus Passion!<\/h3><p><span style=\"font-size: 12pt;\">Die Druckgrafik betrachte ich nicht als \u201eschm\u00fcckendes&#8220; Beiwerk, als Erweiterung des Repertoires wie bei einem Maler oder Bildhauer, nein, f\u00fcr mich ist das k\u00fcnstlerische Drucken Hauptweg, Laboratorium und gro\u00dfes Experimentierfeld. <\/span><\/p><p><span style=\"font-size: 12pt;\">Der Reiz der Alchemie der \u201eSchwarzen Kunst&#8220;, das jeder Drucktechnik eigene Prozedere, die unterschiedlichen und unverwechselbaren Charakteristika aller druckgrafischen Disziplinen, sei es die Radierung mit all ihren Facetten, sei es der Holz- und Linolschnitt, die Lithographie, der Siebdruck oder der sehr aufwendige und heute leider schon fast in Vergessenheit geratene Lichtdruck; sie alle ziehen mich in ihren Bann und \u00fcberall dort herrscht f\u00fcr mich Neugier, Faszination, Kunstwollen und Tatendrang.\u201c<\/span><\/p><h3>Infos:<\/h3><p><span style=\"font-size: 12pt;\">Die Ausstellung findet in der St\u00e4dtischen Galerie, K\u00f6nigsplatz 29a in Schwabach statt, der\u00a0<\/span><span style=\"font-size: 12pt;\">Eintritt ist frei.<\/span><\/p><h3 class=\"idgroup_7 group_container\">Ausstellungszeiten<\/h3><p><span style=\"font-size: 12pt;\">Ge\u00f6ffnet ist die Ausstellung in der St\u00e4dtischen Galerie (K\u00f6nigsplatz 29A) zu folgenden Zeiten:<\/span><\/p><table style=\"border-collapse: collapse; width: 100%; height: 144px;\" border=\"1\"><tbody><tr style=\"height: 24px;\"><td style=\"width: 33.3333%; height: 24px;\"><strong><span style=\"font-size: 12pt;\">Tag<\/span><\/strong><\/td><td style=\"width: 33.3333%; height: 24px;\"><strong><span style=\"font-size: 12pt;\">Von &#8230;<\/span><\/strong><\/td><td style=\"width: 33.3333%; height: 24px;\"><strong><span style=\"font-size: 12pt;\">&#8230; bis<\/span><\/strong><\/td><\/tr><tr style=\"height: 24px;\"><td style=\"width: 33.3333%; height: 24px;\">\u00a0<\/td><td style=\"width: 33.3333%; height: 24px;\">\u00a0<\/td><td style=\"width: 33.3333%; height: 24px;\">\u00a0<\/td><\/tr><tr style=\"height: 24px;\"><td style=\"width: 33.3333%; height: 24px;\"><strong><span style=\"font-size: 12pt;\">Donnerstag<\/span><\/strong><\/td><td style=\"width: 33.3333%; height: 24px;\"><span style=\"font-size: 12pt;\">11.00 Uhr<\/span><\/td><td style=\"width: 33.3333%; height: 24px;\"><span style=\"font-size: 12pt;\">18.00 Uhr<\/span><\/td><\/tr><tr style=\"height: 24px;\"><td style=\"width: 33.3333%; height: 24px;\"><strong><span style=\"font-size: 12pt;\">Freitag<\/span><\/strong><\/td><td style=\"width: 33.3333%; height: 24px;\"><span style=\"font-size: 12pt;\">11.00 Uhr<\/span><\/td><td style=\"width: 33.3333%; height: 24px;\"><span style=\"font-size: 12pt;\">18.00 Uhr<\/span><\/td><\/tr><tr style=\"height: 24px;\"><td style=\"width: 33.3333%; height: 24px;\"><strong><span style=\"font-size: 12pt;\">Samstag<\/span><\/strong><\/td><td style=\"width: 33.3333%; height: 24px;\"><span style=\"font-size: 12pt;\">10.00 Uhr<\/span><\/td><td style=\"width: 33.3333%; height: 24px;\"><span style=\"font-size: 12pt;\">13.00 Uhr<\/span><\/td><\/tr><tr style=\"height: 24px;\"><td style=\"width: 33.3333%; height: 24px;\"><strong><span style=\"font-size: 12pt;\">Sonntag<\/span><\/strong><\/td><td style=\"width: 33.3333%; height: 24px;\"><span style=\"font-size: 12pt;\">13.00 Uhr<\/span><\/td><td style=\"width: 33.3333%; height: 24px;\"><span style=\"font-size: 12pt;\">16.00 Uhr<\/span><\/td><\/tr><\/tbody><\/table><h3>Weiterf\u00fchrende Links:<\/h3><p><span style=\"font-size: 12pt;\"><a href=\"http:\/\/www.kuenstlerbund-schwabach.de\/buga\/index.html\" target=\"_blank\" rel=\"noopener\">Zur Homepage der St\u00e4dtischen Galerie Schwabach geht&#8217;s hier &#8230;<\/a><\/span><\/p><p><span style=\"font-size: 12pt;\"><a href=\"http:\/\/patrickfauck.blogspot.com\/\" target=\"_blank\" rel=\"noopener\">Die Homepage von Patrick Fauck ist hier zu finden &#8230;<\/a><\/span><\/p>\t\t\t\t\t\t<\/div>\n\t\t\t\t<\/div>\n\t\t\t\t<div class=\"elementor-element elementor-element-0c834d7 elementor-widget-divider--view-line elementor-widget elementor-widget-divider\" data-id=\"0c834d7\" data-element_type=\"widget\" data-widget_type=\"divider.default\">\n\t\t\t\t<div class=\"elementor-widget-container\">\n\t\t\t\t\t<div class=\"elementor-divider\">\n\t\t\t<span class=\"elementor-divider-separator\">\n\t\t\t\t\t\t<\/span>\n\t\t<\/div>\n\t\t\t\t<\/div>\n\t\t\t\t<\/div>\n\t\t\t\t<div class=\"elementor-element elementor-element-325f51f elementor-widget elementor-widget-google_maps\" data-id=\"325f51f\" data-element_type=\"widget\" data-widget_type=\"google_maps.default\">\n\t\t\t\t<div class=\"elementor-widget-container\">\n\t\t\t\t\t<div class=\"elementor-custom-embed\">\n\t\t\t<iframe loading=\"lazy\"\n\t\t\t\t\tsrc=\"https:\/\/maps.google.com\/maps?q=K%C3%B6nigsplatz%2029a%2C%20Schwabach%2C%20Deutschland&#038;t=m&#038;z=17&#038;output=embed&#038;iwloc=near\"\n\t\t\t\t\ttitle=\"K\u00f6nigsplatz 29a, Schwabach, Deutschland\"\n\t\t\t\t\taria-label=\"K\u00f6nigsplatz 29a, Schwabach, Deutschland\"\n\t\t\t><\/iframe>\n\t\t<\/div>\n\t\t\t\t<\/div>\n\t\t\t\t<\/div>\n\t\t\t\t\t<\/div>\n\t\t<\/div>\n\t\t\t\t<div class=\"elementor-column elementor-col-50 elementor-top-column elementor-element elementor-element-82d12e9\" data-id=\"82d12e9\" data-element_type=\"column\">\n\t\t\t<div class=\"elementor-widget-wrap elementor-element-populated\">\n\t\t\t\t\t\t<div class=\"elementor-element elementor-element-1fb5c9c elementor-widget elementor-widget-heading\" data-id=\"1fb5c9c\" data-element_type=\"widget\" data-widget_type=\"heading.default\">\n\t\t\t\t<div class=\"elementor-widget-container\">\n\t\t\t<h3 class=\"elementor-heading-title elementor-size-default\">Schnell vergleichen und sparen!<\/h3>\t\t<\/div>\n\t\t\t\t<\/div>\n\t\t\t\t<div class=\"elementor-element elementor-element-8808722 elementor-widget elementor-widget-wp-widget-advads_ad_widget\" data-id=\"8808722\" data-element_type=\"widget\" data-widget_type=\"wp-widget-advads_ad_widget.default\">\n\t\t\t\t<div class=\"elementor-widget-container\">\n\t\t\t<div id=\"regio-1660113181\"><div class=\"regio-adlabel\">Werbung<\/div><!-- Beginn https:\/\/www.financeads.net\/-Code --><a href=\"https:\/\/www.financeads.net\/tc.php?t=36648C236142529B\" target=\"_blank\"><img decoding=\"async\" src=\"https:\/\/www.financeads.net\/tb.php?t=36648V236142529B&https=1\" alt=\"\" border=\"0\" width=\"300\" height=\"250\"><\/a><!-- Ende https:\/\/www.financeads.net\/-Code --><\/div>\t\t<\/div>\n\t\t\t\t<\/div>\n\t\t\t\t<div class=\"elementor-element elementor-element-61c6afe elementor-widget elementor-widget-wp-widget-advads_ad_widget\" data-id=\"61c6afe\" data-element_type=\"widget\" data-widget_type=\"wp-widget-advads_ad_widget.default\">\n\t\t\t\t<div class=\"elementor-widget-container\">\n\t\t\t<div id=\"regio-180025414\"><div class=\"regio-adlabel\">Werbung<\/div><!-- Beginn https:\/\/www.financeads.net\/-Code --><a href=\"https:\/\/www.financeads.net\/tc.php?t=36648C42614510B\" target=\"_blank\"><img decoding=\"async\" src=\"https:\/\/www.financeads.net\/tb.php?t=36648V42614510B&https=1\" alt=\"\" border=\"0\" width=\"200\" height=\"300\"><\/a><!-- Ende https:\/\/www.financeads.net\/-Code --><\/div>\t\t<\/div>\n\t\t\t\t<\/div>\n\t\t\t\t<div class=\"elementor-element elementor-element-97a390e elementor-widget elementor-widget-wp-widget-advads_ad_widget\" data-id=\"97a390e\" data-element_type=\"widget\" data-widget_type=\"wp-widget-advads_ad_widget.default\">\n\t\t\t\t<div class=\"elementor-widget-container\">\n\t\t\t<div id=\"regio-3427474261\"><div class=\"regio-adlabel\">Werbung<\/div><!-- Beginn https:\/\/www.financeads.net\/-Code --><a href=\"https:\/\/www.financeads.net\/tc.php?t=36648C205040072B\" target=\"_blank\"><img loading=\"lazy\" decoding=\"async\" src=\"https:\/\/www.financeads.net\/tb.php?t=36648V205040072B&https=1\" alt=\"\" border=\"0\" width=\"300\" height=\"250\"><\/a><!-- Ende https:\/\/www.financeads.net\/-Code --><\/div>\t\t<\/div>\n\t\t\t\t<\/div>\n\t\t\t\t<div class=\"elementor-element elementor-element-0975659 elementor-widget elementor-widget-wp-widget-advads_ad_widget\" data-id=\"0975659\" data-element_type=\"widget\" data-widget_type=\"wp-widget-advads_ad_widget.default\">\n\t\t\t\t<div class=\"elementor-widget-container\">\n\t\t\t<div id=\"regio-99723463\"><div class=\"regio-adlabel\">Werbung<\/div><!-- Beginn https:\/\/www.financeads.net\/-Code --><a href=\"https:\/\/www.financeads.net\/tc.php?t=36648C271460142B\" target=\"_blank\"><img loading=\"lazy\" decoding=\"async\" src=\"https:\/\/www.financeads.net\/tb.php?t=36648V271460142B&https=1\" alt=\"PETPROTECT_Hund&Katze_Banner\" border=\"0\" width=\"250\" height=\"250\"><\/a><!-- Ende https:\/\/www.financeads.net\/-Code --><\/div>\t\t<\/div>\n\t\t\t\t<\/div>\n\t\t\t\t\t<\/div>\n\t\t<\/div>\n\t\t\t\t\t<\/div>\n\t\t<\/section>\n\t\t\t\t<\/div>\n\t\t","protected":false},"excerpt":{"rendered":"<div class=\"mh-excerpt\"><p>Vom 26. April bis 26. Mai 2019 in der St\u00e4dtischen Galerie Schwabach:Patrick Fauck &#8211; HERZBL\u00c4TTER Schwabach &#8211; Von Freitag, den 26.04.2019, bis Sonntag, den 26.05.2019, zeigt die St\u00e4dtische Galerie in Schwabach die Ausstellung &#8222;HERZBL\u00c4TTER von <a class=\"mh-excerpt-more\" href=\"https:\/\/www.region-schwabach.de\/wordpress\/ausstellung-patrick-fauck-herzblatter\/\" title=\"Ausstellung: Patrick Fauck &#8211; HERZBL\u00c4TTER\">[&#8230;]<\/a><\/p>\n<\/div>","protected":false},"author":1,"featured_media":89877,"comment_status":"open","ping_status":"open","sticky":false,"template":"","format":"standard","meta":{"_cbd_carousel_blocks":"[]","footnotes":""},"categories":[16,287,231,140],"tags":[9087,3155,9085,522,9086,19,3151,4045,8117,5097],"class_list":{"0":"post-89876","1":"post","2":"type-post","3":"status-publish","4":"format-standard","5":"has-post-thumbnail","7":"category-aktuell","8":"category-jugend-und-familie","9":"category-veranstaltungsnews","10":"category-vereine","11":"tag-26-april-bis-26-mai-2019","12":"tag-ausstellung","13":"tag-herzblaetter","14":"tag-koenigsplatz","15":"tag-patrick-fauck","16":"tag-schwabach","17":"tag-stadt-schwabach","18":"tag-staedtische-galerie","19":"tag-ulrike-niese","20":"tag-vernissage"},"_links":{"self":[{"href":"https:\/\/www.region-schwabach.de\/wordpress\/wp-json\/wp\/v2\/posts\/89876","targetHints":{"allow":["GET"]}}],"collection":[{"href":"https:\/\/www.region-schwabach.de\/wordpress\/wp-json\/wp\/v2\/posts"}],"about":[{"href":"https:\/\/www.region-schwabach.de\/wordpress\/wp-json\/wp\/v2\/types\/post"}],"author":[{"embeddable":true,"href":"https:\/\/www.region-schwabach.de\/wordpress\/wp-json\/wp\/v2\/users\/1"}],"replies":[{"embeddable":true,"href":"https:\/\/www.region-schwabach.de\/wordpress\/wp-json\/wp\/v2\/comments?post=89876"}],"version-history":[{"count":0,"href":"https:\/\/www.region-schwabach.de\/wordpress\/wp-json\/wp\/v2\/posts\/89876\/revisions"}],"wp:featuredmedia":[{"embeddable":true,"href":"https:\/\/www.region-schwabach.de\/wordpress\/wp-json\/wp\/v2\/media\/89877"}],"wp:attachment":[{"href":"https:\/\/www.region-schwabach.de\/wordpress\/wp-json\/wp\/v2\/media?parent=89876"}],"wp:term":[{"taxonomy":"category","embeddable":true,"href":"https:\/\/www.region-schwabach.de\/wordpress\/wp-json\/wp\/v2\/categories?post=89876"},{"taxonomy":"post_tag","embeddable":true,"href":"https:\/\/www.region-schwabach.de\/wordpress\/wp-json\/wp\/v2\/tags?post=89876"}],"curies":[{"name":"wp","href":"https:\/\/api.w.org\/{rel}","templated":true}]}}