{"id":91586,"date":"2019-05-19T13:56:00","date_gmt":"2019-05-19T11:56:00","guid":{"rendered":"http:\/\/www.region-schwabach.de\/wordpress\/?p=91586"},"modified":"2019-05-19T14:00:31","modified_gmt":"2019-05-19T12:00:31","slug":"zum-ersten-mal-mobile-radstander-bei-der-schwabacher-kinderkirchweih","status":"publish","type":"post","link":"https:\/\/www.region-schwabach.de\/wordpress\/zum-ersten-mal-mobile-radstander-bei-der-schwabacher-kinderkirchweih\/","title":{"rendered":"Zum ersten Mal mobile Radst\u00e4nder bei der Schwabacher Kinderkirchweih"},"content":{"rendered":"\t\t<div data-elementor-type=\"wp-post\" data-elementor-id=\"91586\" class=\"elementor elementor-91586\">\n\t\t\t\t\t\t<section class=\"elementor-section elementor-top-section elementor-element elementor-element-678181b elementor-section-boxed elementor-section-height-default elementor-section-height-default\" data-id=\"678181b\" data-element_type=\"section\">\n\t\t\t\t\t\t<div class=\"elementor-container elementor-column-gap-default\">\n\t\t\t\t\t<div class=\"elementor-column elementor-col-50 elementor-top-column elementor-element elementor-element-6b34026\" data-id=\"6b34026\" data-element_type=\"column\">\n\t\t\t<div class=\"elementor-widget-wrap elementor-element-populated\">\n\t\t\t\t\t\t<div class=\"elementor-element elementor-element-287cbfd elementor-widget elementor-widget-wp-widget-advads_ad_widget\" data-id=\"287cbfd\" data-element_type=\"widget\" data-widget_type=\"wp-widget-advads_ad_widget.default\">\n\t\t\t\t<div class=\"elementor-widget-container\">\n\t\t\t<div id=\"regio-749748323\"><div class=\"regio-adlabel\">Werbung<\/div><!-- Beginn https:\/\/www.financeads.net\/-Code --><a href=\"https:\/\/www.financeads.net\/tc.php?t=36648C19118058B\" target=\"_blank\"><img fetchpriority=\"high\" decoding=\"async\" src=\"https:\/\/www.financeads.net\/tb.php?t=36648V19118058B&https=1\" alt=\"\" border=\"0\" width=\"728\" height=\"90\"><\/a><!-- Ende https:\/\/www.financeads.net\/-Code --><\/div>\t\t<\/div>\n\t\t\t\t<\/div>\n\t\t\t\t<div class=\"elementor-element elementor-element-443ab98 elementor-widget elementor-widget-text-editor\" data-id=\"443ab98\" data-element_type=\"widget\" data-widget_type=\"text-editor.default\">\n\t\t\t\t<div class=\"elementor-widget-container\">\n\t\t\t\t\t\t\t<h3>Erstmals mobile Radst\u00e4nder<br \/>Mit dem Fahrrad zur Kinderkirchweih<\/h3><p><span style=\"font-size: 12pt;\">Schwabach &#8211; Erstmals bietet die Stadt Schwabach heuer f\u00fcr Besucherinnen und Besucher der\u00a0Kinderkirchweih rund 100 zus\u00e4tzliche Fahrradstellpl\u00e4tze an. Bis Dienstag, 21. Mai, stehen n\u00e4mlich mobile Radst\u00e4nder in der Rathausgasse, aber auch am Beginn der K\u00f6nigstra\u00dfe, am Ende der Ludwigstra\u00dfe und in der Kirchgasse. So kann man per Rad direkt zur Kirchweih in die Innenstadt fahren und braucht dort nicht lange nach einem sicheren Stellplatz suchen.<\/span><\/p><p><span style=\"font-size: 12pt;\">Die mobilen, f\u00fcr den Testeinsatz geliehenen Elemente sind sehr familienfreundlich. Denn sie haben besonders weite B\u00fcgelabst\u00e4nde, so dass es leicht m\u00f6glich ist, mehrere Fahrr\u00e4der zusammen an einem B\u00fcgel anzuschlie\u00dfen. Kommt dieses Angebot bei den Schwabacherinnen und Schwabachern gut an, sollen k\u00fcnftig bei gr\u00f6\u00dferen Veranstaltungen immer flexibel einsetzbare Radabstellanlagen ortsnah installiert werden und die bisherigen Abstellpl\u00e4tze erg\u00e4nzen.<\/span><\/p><p><span style=\"font-size: 12pt;\">Um den Radverkehr in der Goldschl\u00e4gerstadt attraktiver zu machen, wird im gesamten Altstadtbereich aber auch die Anzahl der festen Fahrradabstellanlagen erh\u00f6ht.<\/span><\/p><p><span style=\"font-size: 12pt;\"><strong>Foto:<\/strong> Bettina Klose, verantwortlich f\u00fcr die Umsetzung der Schwabacher Fahrradinfrastruktur, pr\u00fcft die mobilen Fahrradst\u00e4nder.<\/span><\/p>\t\t\t\t\t\t<\/div>\n\t\t\t\t<\/div>\n\t\t\t\t<div class=\"elementor-element elementor-element-7752a2b elementor-widget elementor-widget-google_maps\" data-id=\"7752a2b\" data-element_type=\"widget\" data-widget_type=\"google_maps.default\">\n\t\t\t\t<div class=\"elementor-widget-container\">\n\t\t\t\t\t<div class=\"elementor-custom-embed\">\n\t\t\t<iframe loading=\"lazy\"\n\t\t\t\t\tsrc=\"https:\/\/maps.google.com\/maps?q=K%C3%B6nigsplatz%201%2C%20Schwabach%2C%20Deutschland&#038;t=m&#038;z=17&#038;output=embed&#038;iwloc=near\"\n\t\t\t\t\ttitle=\"K\u00f6nigsplatz 1, Schwabach, Deutschland\"\n\t\t\t\t\taria-label=\"K\u00f6nigsplatz 1, Schwabach, Deutschland\"\n\t\t\t><\/iframe>\n\t\t<\/div>\n\t\t\t\t<\/div>\n\t\t\t\t<\/div>\n\t\t\t\t\t<\/div>\n\t\t<\/div>\n\t\t\t\t<div class=\"elementor-column elementor-col-50 elementor-top-column elementor-element elementor-element-b1ce8ea\" data-id=\"b1ce8ea\" data-element_type=\"column\">\n\t\t\t<div class=\"elementor-widget-wrap elementor-element-populated\">\n\t\t\t\t\t\t<div class=\"elementor-element elementor-element-6c0cd16 elementor-widget elementor-widget-heading\" data-id=\"6c0cd16\" data-element_type=\"widget\" data-widget_type=\"heading.default\">\n\t\t\t\t<div class=\"elementor-widget-container\">\n\t\t\t<h3 class=\"elementor-heading-title elementor-size-default\">Schnell vergleichen und sparen!<\/h3>\t\t<\/div>\n\t\t\t\t<\/div>\n\t\t\t\t<div class=\"elementor-element elementor-element-d606c01 elementor-widget elementor-widget-wp-widget-advads_ad_widget\" data-id=\"d606c01\" data-element_type=\"widget\" data-widget_type=\"wp-widget-advads_ad_widget.default\">\n\t\t\t\t<div class=\"elementor-widget-container\">\n\t\t\t<div id=\"regio-1988737639\"><div class=\"regio-adlabel\">Werbung<\/div><!-- Beginn https:\/\/www.financeads.net\/-Code --><a href=\"https:\/\/www.financeads.net\/tc.php?t=36648C236142529B\" target=\"_blank\"><img decoding=\"async\" src=\"https:\/\/www.financeads.net\/tb.php?t=36648V236142529B&https=1\" alt=\"\" border=\"0\" width=\"300\" height=\"250\"><\/a><!-- Ende https:\/\/www.financeads.net\/-Code --><\/div>\t\t<\/div>\n\t\t\t\t<\/div>\n\t\t\t\t<div class=\"elementor-element elementor-element-b445ea1 elementor-widget elementor-widget-wp-widget-advads_ad_widget\" data-id=\"b445ea1\" data-element_type=\"widget\" data-widget_type=\"wp-widget-advads_ad_widget.default\">\n\t\t\t\t<div class=\"elementor-widget-container\">\n\t\t\t<div id=\"regio-2732866806\"><div class=\"regio-adlabel\">Werbung<\/div><!-- Beginn https:\/\/www.financeads.net\/-Code --><a href=\"https:\/\/www.financeads.net\/tc.php?t=36648C42614510B\" target=\"_blank\"><img decoding=\"async\" src=\"https:\/\/www.financeads.net\/tb.php?t=36648V42614510B&https=1\" alt=\"\" border=\"0\" width=\"200\" height=\"300\"><\/a><!-- Ende https:\/\/www.financeads.net\/-Code --><\/div>\t\t<\/div>\n\t\t\t\t<\/div>\n\t\t\t\t<div class=\"elementor-element elementor-element-67dabac elementor-widget elementor-widget-wp-widget-advads_ad_widget\" data-id=\"67dabac\" data-element_type=\"widget\" data-widget_type=\"wp-widget-advads_ad_widget.default\">\n\t\t\t\t<div class=\"elementor-widget-container\">\n\t\t\t<div id=\"regio-3333823727\"><div class=\"regio-adlabel\">Werbung<\/div><!-- Beginn https:\/\/www.financeads.net\/-Code --><a href=\"https:\/\/www.financeads.net\/tc.php?t=36648C205040072B\" target=\"_blank\"><img loading=\"lazy\" decoding=\"async\" src=\"https:\/\/www.financeads.net\/tb.php?t=36648V205040072B&https=1\" alt=\"\" border=\"0\" width=\"300\" height=\"250\"><\/a><!-- Ende https:\/\/www.financeads.net\/-Code --><\/div>\t\t<\/div>\n\t\t\t\t<\/div>\n\t\t\t\t<div class=\"elementor-element elementor-element-a37b5f9 elementor-widget elementor-widget-wp-widget-advads_ad_widget\" data-id=\"a37b5f9\" data-element_type=\"widget\" data-widget_type=\"wp-widget-advads_ad_widget.default\">\n\t\t\t\t<div class=\"elementor-widget-container\">\n\t\t\t<div id=\"regio-110845177\"><div class=\"regio-adlabel\">Werbung<\/div><!-- Beginn https:\/\/www.financeads.net\/-Code --><a href=\"https:\/\/www.financeads.net\/tc.php?t=36648C271460142B\" target=\"_blank\"><img loading=\"lazy\" decoding=\"async\" src=\"https:\/\/www.financeads.net\/tb.php?t=36648V271460142B&https=1\" alt=\"PETPROTECT_Hund&Katze_Banner\" border=\"0\" width=\"250\" height=\"250\"><\/a><!-- Ende https:\/\/www.financeads.net\/-Code --><\/div>\t\t<\/div>\n\t\t\t\t<\/div>\n\t\t\t\t\t<\/div>\n\t\t<\/div>\n\t\t\t\t\t<\/div>\n\t\t<\/section>\n\t\t\t\t<\/div>\n\t\t","protected":false},"excerpt":{"rendered":"<div class=\"mh-excerpt\"><p>Erstmals mobile Radst\u00e4nderMit dem Fahrrad zur Kinderkirchweih Schwabach &#8211; Erstmals bietet die Stadt Schwabach heuer f\u00fcr Besucherinnen und Besucher der\u00a0Kinderkirchweih rund 100 zus\u00e4tzliche Fahrradstellpl\u00e4tze an. Bis Dienstag, 21. Mai, stehen n\u00e4mlich mobile Radst\u00e4nder in der <a class=\"mh-excerpt-more\" href=\"https:\/\/www.region-schwabach.de\/wordpress\/zum-ersten-mal-mobile-radstander-bei-der-schwabacher-kinderkirchweih\/\" title=\"Zum ersten Mal mobile Radst\u00e4nder bei der Schwabacher Kinderkirchweih\">[&#8230;]<\/a><\/p>\n<\/div>","protected":false},"author":1,"featured_media":91587,"comment_status":"open","ping_status":"open","sticky":false,"template":"","format":"standard","meta":{"_cbd_carousel_blocks":"[]","footnotes":""},"categories":[16,287,61,203],"tags":[9185,9160,9186,9294,9295,9325,388,18,5975,522,2679,2029,523,9323,9324,1480,19,3151,9326],"class_list":{"0":"post-91586","1":"post","2":"type-post","3":"status-publish","4":"format-standard","5":"has-post-thumbnail","7":"category-aktuell","8":"category-jugend-und-familie","9":"category-rathaus","10":"category-umwelt-nachrichten","11":"tag-17-05-2019","12":"tag-18-05-2019","13":"tag-19-05-2019","14":"tag-20-05-2019","15":"tag-21-05-2019","16":"tag-fahrradstellplaetze","17":"tag-innenstadt","18":"tag-kinderkirchweih","19":"tag-kirchgasse","20":"tag-koenigsplatz","21":"tag-koenigstrasse","22":"tag-ludwigstrasse","23":"tag-martin-luther-platz","24":"tag-mobiler-radstaender","25":"tag-radhausstrasse","26":"tag-rathaus","27":"tag-schwabach","28":"tag-stadt-schwabach","29":"tag-stellplaetze"},"_links":{"self":[{"href":"https:\/\/www.region-schwabach.de\/wordpress\/wp-json\/wp\/v2\/posts\/91586","targetHints":{"allow":["GET"]}}],"collection":[{"href":"https:\/\/www.region-schwabach.de\/wordpress\/wp-json\/wp\/v2\/posts"}],"about":[{"href":"https:\/\/www.region-schwabach.de\/wordpress\/wp-json\/wp\/v2\/types\/post"}],"author":[{"embeddable":true,"href":"https:\/\/www.region-schwabach.de\/wordpress\/wp-json\/wp\/v2\/users\/1"}],"replies":[{"embeddable":true,"href":"https:\/\/www.region-schwabach.de\/wordpress\/wp-json\/wp\/v2\/comments?post=91586"}],"version-history":[{"count":0,"href":"https:\/\/www.region-schwabach.de\/wordpress\/wp-json\/wp\/v2\/posts\/91586\/revisions"}],"wp:featuredmedia":[{"embeddable":true,"href":"https:\/\/www.region-schwabach.de\/wordpress\/wp-json\/wp\/v2\/media\/91587"}],"wp:attachment":[{"href":"https:\/\/www.region-schwabach.de\/wordpress\/wp-json\/wp\/v2\/media?parent=91586"}],"wp:term":[{"taxonomy":"category","embeddable":true,"href":"https:\/\/www.region-schwabach.de\/wordpress\/wp-json\/wp\/v2\/categories?post=91586"},{"taxonomy":"post_tag","embeddable":true,"href":"https:\/\/www.region-schwabach.de\/wordpress\/wp-json\/wp\/v2\/tags?post=91586"}],"curies":[{"name":"wp","href":"https:\/\/api.w.org\/{rel}","templated":true}]}}