{"id":92149,"date":"2019-05-26T07:22:20","date_gmt":"2019-05-26T05:22:20","guid":{"rendered":"http:\/\/www.region-schwabach.de\/wordpress\/?p=92149"},"modified":"2019-05-26T07:35:01","modified_gmt":"2019-05-26T05:35:01","slug":"informationen-des-wahlamts-zur-europawahl-am-26-mai-2019","status":"publish","type":"post","link":"https:\/\/www.region-schwabach.de\/wordpress\/informationen-des-wahlamts-zur-europawahl-am-26-mai-2019\/","title":{"rendered":"Informationen des Wahlamts zur Europawahl am 26. Mai 2019"},"content":{"rendered":"\t\t<div data-elementor-type=\"wp-post\" data-elementor-id=\"92149\" class=\"elementor elementor-92149\">\n\t\t\t\t\t\t<section class=\"elementor-section elementor-top-section elementor-element elementor-element-1dzeyuh elementor-section-boxed elementor-section-height-default elementor-section-height-default\" data-id=\"1dzeyuh\" data-element_type=\"section\">\n\t\t\t\t\t\t<div class=\"elementor-container elementor-column-gap-default\">\n\t\t\t\t\t<div class=\"elementor-column elementor-col-66 elementor-top-column elementor-element elementor-element-aam59ft\" data-id=\"aam59ft\" data-element_type=\"column\">\n\t\t\t<div class=\"elementor-widget-wrap elementor-element-populated\">\n\t\t\t\t\t\t<div class=\"elementor-element elementor-element-k9p1oyc elementor-widget elementor-widget-text-editor\" data-id=\"k9p1oyc\" data-element_type=\"widget\" data-widget_type=\"text-editor.default\">\n\t\t\t\t<div class=\"elementor-widget-container\">\n\t\t\t\t\t\t\t<h3>26 Urnen- und acht Briefwahlbezirke in Schwabach<br \/>Europawahl findet am 26. Mai 2019 statt<\/h3><p><span style=\"font-size: 12pt;\">Schwabach &#8211; Zum neunten Mal w\u00e4hlen vom 23. bis 26. Mai die B\u00fcrgerinnen und B\u00fcrger der Europ\u00e4ischen Union das Europ\u00e4ische Parlament. In Deutschland findet die Europawahl am Sonntag, 26.Mai, statt.<\/span><\/p><h3>Wer ist wahlberechtigt?<\/h3><p><span style=\"font-size: 12pt;\">Wahlberechtigt f\u00fcr die Europawahl sind in der Stadt Schwabach alle Deutschen, die am Wahltag vollj\u00e4hrig sind und hier seit mindestens drei Monaten ihren Wohnsitz haben oder sich sonst gew\u00f6hnlich hier aufhalten. Unter bestimmten Voraussetzungen sind auch Deutsche im Ausland und Unionsb\u00fcrger in Deutschland zur Wahl berechtigt. Hierzu ist jedoch ein eigener Antrag zu stellen. Informationen hierzu gibt es beim Wahlamt.<\/span><\/p><h3>Wahllokale sind von 08.00 Uhr bis 18.00 Uhr ge\u00f6ffnet<\/h3><p><span style=\"font-size: 12pt;\">Die Wahl am 26. Mai dauert von 8 Uhr bis 18 Uhr. Die Stadt Schwabach ist in 26 Urnenwahlbezirke und acht Briefwahlbezirke eingeteilt: In welchem Wahllokal gew\u00e4hlt werden darf, ist auf der Wahlbenachrichtigung verzeichnet. Die W\u00e4hler und W\u00e4hlerinnen haben ihre Wahlbenachrichtigung und einen amtlichen Personalausweis \u2013 Unionsb\u00fcrger bzw. -b\u00fcrgerinnen einen g\u00fcltigen Identit\u00e4tsausweis oder Reisepass \u2013 zur Wahl mitzubringen. Die Wahlbenachrichtigungen wurden vom Wahlamt Ende April versandt und sollten mittlerweile allen W\u00e4hlerinnen und W\u00e4hlern zugegangen sein. Wer noch keine Wahlbenachrichtigung erhalten hat, muss sich an das Wahlamt wenden, N\u00f6rdliche Ringstra\u00dfe 2a-c, Telefon 09122 860-398, E-Mail: wahlamt@schwabach.de.<\/span><\/p><h3>Infos zur Briefwahl<\/h3><p>Auf der R\u00fcckseite des Benachrichtigungsbriefes ist auch gleich der Antrag auf Erteilung eines Wahlscheines mit Briefwahlunterlagen gedruckt. Wer am Wahltag verhindert ist, kann dar\u00fcber die Briefwahl beantragen. Noch einfacher funktioniert der Antrag \u00fcber das Internet unter www.schwabach.de oder mit dem auf der Benachrichtigung aufgedruckten QR-Code, der bereits alle wichtigen Daten f\u00fcr den Antrag enth\u00e4lt. Die Briefwahlunterlagen k\u00f6nnen auch pers\u00f6nlich beim Wahlamt und im B\u00fcrgerb\u00fcro im Rathaus bis zum Freitag, 24. Mai 2019, 18 Uhr, beantragt und auch gleich mitgenommen werden. Bei der Briefwahl muss der Wahlbrief mit dem Stimmzettel und dem Wahlschein so rechtzeitig abgesendet werden, dass der Wahlbrief dort sp\u00e4testens am Wahltag bis 18 Uhr beim Wahlamt eingeht.<\/p><p><span style=\"font-size: 12pt;\">Wer bei nachgewiesener pl\u00f6tzlicher Erkrankung den Wahlraum nicht oder nur unter unzumutbaren Schwierigkeiten aufsuchen kann, kann den Wahlschein noch bis zum Wahltag, 15 Uhr, im Wahlamt beantragen. Wer den Antrag f\u00fcr eine andere Person stellt, muss durch Vorlage einer schriftlichen Vollmacht nachweisen, dass er dazu berechtigt ist.<\/span><\/p><h3>Infos zur Europawahl<\/h3><p><span style=\"font-size: 12pt;\">Die Wahl zum Europa-Parlament erfolgt nicht nach einem einheitlichen europ\u00e4ischen Wahlrecht, sondern nach nationalen Wahlgesetzen. Das Europawahlgesetz und die Europawahlordnung regeln das Wahlverfahren in der Bundesrepublik Deutschland. In Deutschland erfolgt die Wahl nach den Grunds\u00e4tzen der Verh\u00e4ltniswahl mit Listenwahlvorschl\u00e4gen. Diese k\u00f6nnen f\u00fcr ein Land oder als gemeinsame Liste f\u00fcr alle L\u00e4nder aufgestellt werden. Jede W\u00e4hlerin und jeder W\u00e4hler hat eine Stimme. Auf die Bundesrepublik Deutschland entfallen 96 Abgeordnete des Europ\u00e4ischen Parlaments.<\/span><\/p><p><span style=\"font-size: 12pt;\">Wer Fragen zum Wahlvorgang hat, erh\u00e4lt Informationen vom Wahlamt. Die \u00d6ffnungszeiten: Montag bis Freitag von 8 bis 12 Uhr und Donnerstag zus\u00e4tzlich von 14 bis 17 Uhr.<\/span><\/p><p><span style=\"font-size: 12pt;\"><strong>Foto:<\/strong> Michael Schoplocher, Leiter des Wahlamts, mit dem Wahlzettel zur Europa-Wahl.<\/span><\/p>\t\t\t\t\t\t<\/div>\n\t\t\t\t<\/div>\n\t\t\t\t\t<\/div>\n\t\t<\/div>\n\t\t\t\t<div class=\"elementor-column elementor-col-33 elementor-top-column elementor-element elementor-element-uferl75\" data-id=\"uferl75\" data-element_type=\"column\">\n\t\t\t<div class=\"elementor-widget-wrap\">\n\t\t\t\t\t\t\t<\/div>\n\t\t<\/div>\n\t\t\t\t\t<\/div>\n\t\t<\/section>\n\t\t\t\t<section class=\"elementor-section elementor-top-section elementor-element elementor-element-8qzukho elementor-section-boxed elementor-section-height-default elementor-section-height-default\" data-id=\"8qzukho\" data-element_type=\"section\">\n\t\t\t\t\t\t<div class=\"elementor-container elementor-column-gap-default\">\n\t\t\t\t\t<div class=\"elementor-column elementor-col-33 elementor-top-column elementor-element elementor-element-tolrthe\" data-id=\"tolrthe\" data-element_type=\"column\">\n\t\t\t<div class=\"elementor-widget-wrap elementor-element-populated\">\n\t\t\t\t\t\t<div class=\"elementor-element elementor-element-9g7p78n elementor-widget elementor-widget-heading\" data-id=\"9g7p78n\" data-element_type=\"widget\" data-widget_type=\"heading.default\">\n\t\t\t\t<div class=\"elementor-widget-container\">\n\t\t\t<h2 class=\"elementor-heading-title elementor-size-default\">Wahlamt<\/h2>\t\t<\/div>\n\t\t\t\t<\/div>\n\t\t\t\t<div class=\"elementor-element elementor-element-etlfwr4 elementor-widget elementor-widget-google_maps\" data-id=\"etlfwr4\" data-element_type=\"widget\" data-widget_type=\"google_maps.default\">\n\t\t\t\t<div class=\"elementor-widget-container\">\n\t\t\t\t\t<div class=\"elementor-custom-embed\">\n\t\t\t<iframe loading=\"lazy\"\n\t\t\t\t\tsrc=\"https:\/\/maps.google.com\/maps?q=Friedrich-Ebert-Stra%C3%9Fe%2023%2091126%20Schwabach&#038;t=m&#038;z=17&#038;output=embed&#038;iwloc=near\"\n\t\t\t\t\ttitle=\"Friedrich-Ebert-Stra\u00dfe 23 91126 Schwabach\"\n\t\t\t\t\taria-label=\"Friedrich-Ebert-Stra\u00dfe 23 91126 Schwabach\"\n\t\t\t><\/iframe>\n\t\t<\/div>\n\t\t\t\t<\/div>\n\t\t\t\t<\/div>\n\t\t\t\t\t<\/div>\n\t\t<\/div>\n\t\t\t\t<div class=\"elementor-column elementor-col-33 elementor-top-column elementor-element elementor-element-fc3721h\" data-id=\"fc3721h\" data-element_type=\"column\">\n\t\t\t<div class=\"elementor-widget-wrap elementor-element-populated\">\n\t\t\t\t\t\t<div class=\"elementor-element elementor-element-e521ji6 elementor-widget elementor-widget-heading\" data-id=\"e521ji6\" data-element_type=\"widget\" data-widget_type=\"heading.default\">\n\t\t\t\t<div class=\"elementor-widget-container\">\n\t\t\t<h2 class=\"elementor-heading-title elementor-size-default\">B\u00fcrgerb\u00fcro<\/h2>\t\t<\/div>\n\t\t\t\t<\/div>\n\t\t\t\t<div class=\"elementor-element elementor-element-6krkab6 elementor-widget elementor-widget-google_maps\" data-id=\"6krkab6\" data-element_type=\"widget\" data-widget_type=\"google_maps.default\">\n\t\t\t\t<div class=\"elementor-widget-container\">\n\t\t\t\t\t<div class=\"elementor-custom-embed\">\n\t\t\t<iframe loading=\"lazy\"\n\t\t\t\t\tsrc=\"https:\/\/maps.google.com\/maps?q=K%C3%B6nigsplatz%201%2091126%20Schwabach&#038;t=m&#038;z=17&#038;output=embed&#038;iwloc=near\"\n\t\t\t\t\ttitle=\"K\u00f6nigsplatz 1 91126 Schwabach\"\n\t\t\t\t\taria-label=\"K\u00f6nigsplatz 1 91126 Schwabach\"\n\t\t\t><\/iframe>\n\t\t<\/div>\n\t\t\t\t<\/div>\n\t\t\t\t<\/div>\n\t\t\t\t\t<\/div>\n\t\t<\/div>\n\t\t\t\t<div class=\"elementor-column elementor-col-33 elementor-top-column elementor-element elementor-element-nqlpt9a\" data-id=\"nqlpt9a\" data-element_type=\"column\">\n\t\t\t<div class=\"elementor-widget-wrap\">\n\t\t\t\t\t\t\t<\/div>\n\t\t<\/div>\n\t\t\t\t\t<\/div>\n\t\t<\/section>\n\t\t\t\t<\/div>\n\t\t","protected":false},"excerpt":{"rendered":"<div class=\"mh-excerpt\"><p>26 Urnen- und acht Briefwahlbezirke in SchwabachEuropawahl findet am 26. Mai 2019 statt Schwabach &#8211; Zum neunten Mal w\u00e4hlen vom 23. bis 26. Mai die B\u00fcrgerinnen und B\u00fcrger der Europ\u00e4ischen Union das Europ\u00e4ische Parlament. In <a class=\"mh-excerpt-more\" href=\"https:\/\/www.region-schwabach.de\/wordpress\/informationen-des-wahlamts-zur-europawahl-am-26-mai-2019\/\" title=\"Informationen des Wahlamts zur Europawahl am 26. Mai 2019\">[&#8230;]<\/a><\/p>\n<\/div>","protected":false},"author":1,"featured_media":92150,"comment_status":"open","ping_status":"open","sticky":false,"template":"template-full.php","format":"image","meta":{"_cbd_carousel_blocks":"[]","footnotes":""},"categories":[16,79,4306,61],"tags":[9117,5909,9418,5906,1480,19,3151,64,5907,5908],"class_list":{"0":"post-92149","1":"post","2":"type-post","3":"status-publish","4":"format-image","5":"has-post-thumbnail","7":"category-aktuell","8":"category-politik","9":"category-ratgeber","10":"category-rathaus","11":"tag-26-05-2019","12":"tag-briefwahl","13":"tag-europawahl","14":"tag-politik","15":"tag-rathaus","16":"tag-schwabach","17":"tag-stadt-schwabach","18":"tag-wahl","19":"tag-wahlbenachrichtigungen","20":"tag-waehlerverzeichnis","21":"post_format-post-format-image"},"_links":{"self":[{"href":"https:\/\/www.region-schwabach.de\/wordpress\/wp-json\/wp\/v2\/posts\/92149","targetHints":{"allow":["GET"]}}],"collection":[{"href":"https:\/\/www.region-schwabach.de\/wordpress\/wp-json\/wp\/v2\/posts"}],"about":[{"href":"https:\/\/www.region-schwabach.de\/wordpress\/wp-json\/wp\/v2\/types\/post"}],"author":[{"embeddable":true,"href":"https:\/\/www.region-schwabach.de\/wordpress\/wp-json\/wp\/v2\/users\/1"}],"replies":[{"embeddable":true,"href":"https:\/\/www.region-schwabach.de\/wordpress\/wp-json\/wp\/v2\/comments?post=92149"}],"version-history":[{"count":0,"href":"https:\/\/www.region-schwabach.de\/wordpress\/wp-json\/wp\/v2\/posts\/92149\/revisions"}],"wp:featuredmedia":[{"embeddable":true,"href":"https:\/\/www.region-schwabach.de\/wordpress\/wp-json\/wp\/v2\/media\/92150"}],"wp:attachment":[{"href":"https:\/\/www.region-schwabach.de\/wordpress\/wp-json\/wp\/v2\/media?parent=92149"}],"wp:term":[{"taxonomy":"category","embeddable":true,"href":"https:\/\/www.region-schwabach.de\/wordpress\/wp-json\/wp\/v2\/categories?post=92149"},{"taxonomy":"post_tag","embeddable":true,"href":"https:\/\/www.region-schwabach.de\/wordpress\/wp-json\/wp\/v2\/tags?post=92149"}],"curies":[{"name":"wp","href":"https:\/\/api.w.org\/{rel}","templated":true}]}}