{"id":92585,"date":"2019-06-30T00:15:56","date_gmt":"2019-06-29T22:15:56","guid":{"rendered":"http:\/\/www.region-schwabach.de\/wordpress\/?p=92585"},"modified":"2019-06-30T00:48:29","modified_gmt":"2019-06-29T22:48:29","slug":"ausstellung-harald-kille-flucht","status":"publish","type":"post","link":"https:\/\/www.region-schwabach.de\/wordpress\/ausstellung-harald-kille-flucht\/","title":{"rendered":"Ausstellung: Harald Kille &#8211; FLUCHT"},"content":{"rendered":"\t\t<div data-elementor-type=\"wp-post\" data-elementor-id=\"92585\" class=\"elementor elementor-92585\">\n\t\t\t\t\t\t<section class=\"elementor-section elementor-top-section elementor-element elementor-element-678181b elementor-section-boxed elementor-section-height-default elementor-section-height-default\" data-id=\"678181b\" data-element_type=\"section\">\n\t\t\t\t\t\t<div class=\"elementor-container elementor-column-gap-default\">\n\t\t\t\t\t<div class=\"elementor-column elementor-col-50 elementor-top-column elementor-element elementor-element-6b34026\" data-id=\"6b34026\" data-element_type=\"column\">\n\t\t\t<div class=\"elementor-widget-wrap elementor-element-populated\">\n\t\t\t\t\t\t<div class=\"elementor-element elementor-element-15a5ce5 elementor-widget elementor-widget-wp-widget-advads_ad_widget\" data-id=\"15a5ce5\" data-element_type=\"widget\" data-widget_type=\"wp-widget-advads_ad_widget.default\">\n\t\t\t\t<div class=\"elementor-widget-container\">\n\t\t\t<div id=\"regio-2272180579\"><div class=\"regio-adlabel\">Werbung<\/div><!-- Beginn https:\/\/www.financeads.net\/-Code --><a href=\"https:\/\/www.financeads.net\/tc.php?t=36648C19118058B\" target=\"_blank\"><img fetchpriority=\"high\" decoding=\"async\" src=\"https:\/\/www.financeads.net\/tb.php?t=36648V19118058B&https=1\" alt=\"\" border=\"0\" width=\"728\" height=\"90\"><\/a><!-- Ende https:\/\/www.financeads.net\/-Code --><\/div>\t\t<\/div>\n\t\t\t\t<\/div>\n\t\t\t\t<div class=\"elementor-element elementor-element-443ab98 elementor-widget elementor-widget-text-editor\" data-id=\"443ab98\" data-element_type=\"widget\" data-widget_type=\"text-editor.default\">\n\t\t\t\t<div class=\"elementor-widget-container\">\n\t\t\t\t\t\t\t<h3 class=\"entry-title\">Vom 31. Mai bis 30. Juni 2019 in der St\u00e4dtischen Galerie Schwabach:<br \/>Harald Kille &#8211; FLUCHT<\/h3><p><span style=\"font-size: 12pt;\">Schwabach &#8211; Von Freitag, den 31.05.2019, bis Sonntag, den 30.06.2019, zeigt die St\u00e4dtische Galerie in Schwabach die Ausstellung &#8222;FLUCHT von Harald Kille&#8220;.<\/span><\/p><h3>Harald Kille<\/h3><p><span style=\"font-size: 12pt;\">Harald Kille ist ein K\u00fcnstler. Er malt, zeichnet, modelliert, komponiert und schreibt. \u00dcber vier Jahrzehnte hinweg. Warum? Aus innerer Notwendigkeit und um in der Kommunikation das Poetische dem Politischen hinzuzugesellen. Kille schlug 2012 seine Zelte im Kraichgau auf und lebt und arbeitet seither in Oberderdingen. Die Ausstellungen \u201cFluchtkorridor 1\u201c in Offenburg, \u201eFluchtkorridor 2\u201c in Bretten sowie seine Atelierausstellung \u201eFluchtkorridor 3\u201c in Oberderdingen besch\u00e4ftigten sich mit Flucht und Vertreibung und den politischen Umtrieben der Zeit. Auch in Schwabach wird der K\u00fcnstler seinen politischen Anspr\u00fcchen treu bleiben.<\/span><\/p><p><span style=\"font-size: 12pt;\">In Harald Killes Schwabacher Ausstellung \u201cFlucht\u201c werden Bilder aus zwei Serien zu sehen sein: aus der 12-teiligen Serie \u201eWas hat denn ein FDP-Parteitag mit M\u00fcllsammlern im Kongo zu tun\u201c und die vollst\u00e4ndige 6-teilige Serie \u201eZsch\u00e4pe, Sturm, Stahl und Heer\u201c. Die eine bezieht sich inhaltlich auf die Entwicklung des Neoliberalismus, die andere auf die Entwicklung des Neofaschismus. Das Konzept der Ausstellung weist damit klar darauf hin, dass der Neoliberalismus den Rechtsradikalismus bedingt. Im Allgemeinen umkreist Killes Arbeit sein Credo \u201ePoesie und Politik\u201c, das er sich vor mehr als 20 Jahren auf die Fahnen geschrieben hat. Kunst hat f\u00fcr ihn keinen reinen dekorativen Charakter (wie sie es f\u00fcr Viele hat), sondern gesellschaftspolitischen Bezug und muss in der Auseinandersetzung mit dem Material eine eigene Sprache und autonome Form entwickeln.<\/span><\/p><p><span style=\"font-size: 12pt;\"><strong>Die Einladungskarte zeigt: \u00a0&#8222;Niebel und Westerwelle 2&#8220; aus der Serie: <\/strong><strong>&#8222;Was hat denn ein FDP-Parteitag mit M\u00fcllsammlern im Kongo zu tun?&#8220;, 2011, <\/strong><strong>\u00d6l auf Baumwolle, 120 x 80 cm (Aus<\/strong><strong>s<\/strong><strong>chnitt).<\/strong><\/span><\/p><h3>Infos:<\/h3><p><span style=\"font-size: 12pt;\">Die Ausstellung findet in der St\u00e4dtischen Galerie, K\u00f6nigsplatz 29a in Schwabach statt, der\u00a0<\/span><span style=\"font-size: 12pt;\">Eintritt ist frei.<\/span><\/p><h3 class=\"idgroup_7 group_container\">Ausstellungszeiten<\/h3><p><span style=\"font-size: 12pt;\">Ge\u00f6ffnet ist die Ausstellung in der St\u00e4dtischen Galerie (K\u00f6nigsplatz 29A) zu folgenden Zeiten:<\/span><\/p><table style=\"border-collapse: collapse; width: 100%; height: 144px;\" border=\"1\"><tbody><tr style=\"height: 24px;\"><td style=\"width: 33.3333%; height: 24px;\"><strong><span style=\"font-size: 12pt;\">Tag<\/span><\/strong><\/td><td style=\"width: 33.3333%; height: 24px;\"><strong><span style=\"font-size: 12pt;\">Von &#8230;<\/span><\/strong><\/td><td style=\"width: 33.3333%; height: 24px;\"><strong><span style=\"font-size: 12pt;\">&#8230; bis<\/span><\/strong><\/td><\/tr><tr style=\"height: 24px;\"><td style=\"width: 33.3333%; height: 24px;\">\u00a0<\/td><td style=\"width: 33.3333%; height: 24px;\">\u00a0<\/td><td style=\"width: 33.3333%; height: 24px;\">\u00a0<\/td><\/tr><tr style=\"height: 24px;\"><td style=\"width: 33.3333%; height: 24px;\"><strong><span style=\"font-size: 12pt;\">Donnerstag<\/span><\/strong><\/td><td style=\"width: 33.3333%; height: 24px;\"><span style=\"font-size: 12pt;\">11.00 Uhr<\/span><\/td><td style=\"width: 33.3333%; height: 24px;\"><span style=\"font-size: 12pt;\">18.00 Uhr<\/span><\/td><\/tr><tr style=\"height: 24px;\"><td style=\"width: 33.3333%; height: 24px;\"><strong><span style=\"font-size: 12pt;\">Freitag<\/span><\/strong><\/td><td style=\"width: 33.3333%; height: 24px;\"><span style=\"font-size: 12pt;\">11.00 Uhr<\/span><\/td><td style=\"width: 33.3333%; height: 24px;\"><span style=\"font-size: 12pt;\">18.00 Uhr<\/span><\/td><\/tr><tr style=\"height: 24px;\"><td style=\"width: 33.3333%; height: 24px;\"><strong><span style=\"font-size: 12pt;\">Samstag<\/span><\/strong><\/td><td style=\"width: 33.3333%; height: 24px;\"><span style=\"font-size: 12pt;\">10.00 Uhr<\/span><\/td><td style=\"width: 33.3333%; height: 24px;\"><span style=\"font-size: 12pt;\">13.00 Uhr<\/span><\/td><\/tr><tr style=\"height: 24px;\"><td style=\"width: 33.3333%; height: 24px;\"><strong><span style=\"font-size: 12pt;\">Sonntag<\/span><\/strong><\/td><td style=\"width: 33.3333%; height: 24px;\"><span style=\"font-size: 12pt;\">13.00 Uhr<\/span><\/td><td style=\"width: 33.3333%; height: 24px;\"><span style=\"font-size: 12pt;\">16.00 Uhr<\/span><\/td><\/tr><\/tbody><\/table><h3>Weiterf\u00fchrende Links:<\/h3><p><span style=\"font-size: 12pt;\"><a href=\"http:\/\/www.kuenstlerbund-schwabach.de\/buga\/index.html\" target=\"_blank\" rel=\"noopener\">Zur Homepage der St\u00e4dtischen Galerie Schwabach geht&#8217;s hier &#8230;<\/a><\/span><\/p><p><span style=\"font-size: 12pt;\"><a href=\"http:\/\/www.haraldkille.de\/index02.htm\" target=\"_blank\" rel=\"noopener\">Die Homepage von Harald Kille ist hier zu finden &#8230;<\/a><\/span><\/p>\t\t\t\t\t\t<\/div>\n\t\t\t\t<\/div>\n\t\t\t\t<div class=\"elementor-element elementor-element-0c834d7 elementor-widget-divider--view-line elementor-widget elementor-widget-divider\" data-id=\"0c834d7\" data-element_type=\"widget\" data-widget_type=\"divider.default\">\n\t\t\t\t<div class=\"elementor-widget-container\">\n\t\t\t\t\t<div class=\"elementor-divider\">\n\t\t\t<span class=\"elementor-divider-separator\">\n\t\t\t\t\t\t<\/span>\n\t\t<\/div>\n\t\t\t\t<\/div>\n\t\t\t\t<\/div>\n\t\t\t\t<div class=\"elementor-element elementor-element-325f51f elementor-widget elementor-widget-google_maps\" data-id=\"325f51f\" data-element_type=\"widget\" data-widget_type=\"google_maps.default\">\n\t\t\t\t<div class=\"elementor-widget-container\">\n\t\t\t\t\t<div class=\"elementor-custom-embed\">\n\t\t\t<iframe loading=\"lazy\"\n\t\t\t\t\tsrc=\"https:\/\/maps.google.com\/maps?q=K%C3%B6nigsplatz%2029a%2C%20Schwabach%2C%20Deutschland&#038;t=m&#038;z=17&#038;output=embed&#038;iwloc=near\"\n\t\t\t\t\ttitle=\"K\u00f6nigsplatz 29a, Schwabach, Deutschland\"\n\t\t\t\t\taria-label=\"K\u00f6nigsplatz 29a, Schwabach, Deutschland\"\n\t\t\t><\/iframe>\n\t\t<\/div>\n\t\t\t\t<\/div>\n\t\t\t\t<\/div>\n\t\t\t\t\t<\/div>\n\t\t<\/div>\n\t\t\t\t<div class=\"elementor-column elementor-col-50 elementor-top-column elementor-element elementor-element-82d12e9\" data-id=\"82d12e9\" data-element_type=\"column\">\n\t\t\t<div class=\"elementor-widget-wrap elementor-element-populated\">\n\t\t\t\t\t\t<div class=\"elementor-element elementor-element-1fb5c9c elementor-widget elementor-widget-heading\" data-id=\"1fb5c9c\" data-element_type=\"widget\" data-widget_type=\"heading.default\">\n\t\t\t\t<div class=\"elementor-widget-container\">\n\t\t\t<h3 class=\"elementor-heading-title elementor-size-default\">Schnell vergleichen und sparen!<\/h3>\t\t<\/div>\n\t\t\t\t<\/div>\n\t\t\t\t<div class=\"elementor-element elementor-element-8808722 elementor-widget elementor-widget-wp-widget-advads_ad_widget\" data-id=\"8808722\" data-element_type=\"widget\" data-widget_type=\"wp-widget-advads_ad_widget.default\">\n\t\t\t\t<div class=\"elementor-widget-container\">\n\t\t\t<div id=\"regio-3565429652\"><div class=\"regio-adlabel\">Werbung<\/div><!-- Beginn https:\/\/www.financeads.net\/-Code --><a href=\"https:\/\/www.financeads.net\/tc.php?t=36648C236142529B\" target=\"_blank\"><img decoding=\"async\" src=\"https:\/\/www.financeads.net\/tb.php?t=36648V236142529B&https=1\" alt=\"\" border=\"0\" width=\"300\" height=\"250\"><\/a><!-- Ende https:\/\/www.financeads.net\/-Code --><\/div>\t\t<\/div>\n\t\t\t\t<\/div>\n\t\t\t\t<div class=\"elementor-element elementor-element-61c6afe elementor-widget elementor-widget-wp-widget-advads_ad_widget\" data-id=\"61c6afe\" data-element_type=\"widget\" data-widget_type=\"wp-widget-advads_ad_widget.default\">\n\t\t\t\t<div class=\"elementor-widget-container\">\n\t\t\t<div id=\"regio-3997613554\"><div class=\"regio-adlabel\">Werbung<\/div><!-- Beginn https:\/\/www.financeads.net\/-Code --><a href=\"https:\/\/www.financeads.net\/tc.php?t=36648C42614510B\" target=\"_blank\"><img decoding=\"async\" src=\"https:\/\/www.financeads.net\/tb.php?t=36648V42614510B&https=1\" alt=\"\" border=\"0\" width=\"200\" height=\"300\"><\/a><!-- Ende https:\/\/www.financeads.net\/-Code --><\/div>\t\t<\/div>\n\t\t\t\t<\/div>\n\t\t\t\t<div class=\"elementor-element elementor-element-97a390e elementor-widget elementor-widget-wp-widget-advads_ad_widget\" data-id=\"97a390e\" data-element_type=\"widget\" data-widget_type=\"wp-widget-advads_ad_widget.default\">\n\t\t\t\t<div class=\"elementor-widget-container\">\n\t\t\t<div id=\"regio-3738832972\"><div class=\"regio-adlabel\">Werbung<\/div><!-- Beginn https:\/\/www.financeads.net\/-Code --><a href=\"https:\/\/www.financeads.net\/tc.php?t=36648C205040072B\" target=\"_blank\"><img loading=\"lazy\" decoding=\"async\" src=\"https:\/\/www.financeads.net\/tb.php?t=36648V205040072B&https=1\" alt=\"\" border=\"0\" width=\"300\" height=\"250\"><\/a><!-- Ende https:\/\/www.financeads.net\/-Code --><\/div>\t\t<\/div>\n\t\t\t\t<\/div>\n\t\t\t\t<div class=\"elementor-element elementor-element-0975659 elementor-widget elementor-widget-wp-widget-advads_ad_widget\" data-id=\"0975659\" data-element_type=\"widget\" data-widget_type=\"wp-widget-advads_ad_widget.default\">\n\t\t\t\t<div class=\"elementor-widget-container\">\n\t\t\t<div id=\"regio-2988677229\"><div class=\"regio-adlabel\">Werbung<\/div><!-- Beginn https:\/\/www.financeads.net\/-Code --><a href=\"https:\/\/www.financeads.net\/tc.php?t=36648C271460142B\" target=\"_blank\"><img loading=\"lazy\" decoding=\"async\" src=\"https:\/\/www.financeads.net\/tb.php?t=36648V271460142B&https=1\" alt=\"PETPROTECT_Hund&Katze_Banner\" border=\"0\" width=\"250\" height=\"250\"><\/a><!-- Ende https:\/\/www.financeads.net\/-Code --><\/div>\t\t<\/div>\n\t\t\t\t<\/div>\n\t\t\t\t\t<\/div>\n\t\t<\/div>\n\t\t\t\t\t<\/div>\n\t\t<\/section>\n\t\t\t\t<\/div>\n\t\t","protected":false},"excerpt":{"rendered":"<div class=\"mh-excerpt\"><p>Vom 31. Mai bis 30. Juni 2019 in der St\u00e4dtischen Galerie Schwabach:Harald Kille &#8211; FLUCHT Schwabach &#8211; Von Freitag, den 31.05.2019, bis Sonntag, den 30.06.2019, zeigt die St\u00e4dtische Galerie in Schwabach die Ausstellung &#8222;FLUCHT von <a class=\"mh-excerpt-more\" href=\"https:\/\/www.region-schwabach.de\/wordpress\/ausstellung-harald-kille-flucht\/\" title=\"Ausstellung: Harald Kille &#8211; FLUCHT\">[&#8230;]<\/a><\/p>\n<\/div>","protected":false},"author":1,"featured_media":92586,"comment_status":"open","ping_status":"open","sticky":false,"template":"","format":"standard","meta":{"_cbd_carousel_blocks":"[]","footnotes":""},"categories":[16,287,231,140],"tags":[9470,3155,764,9471,522,19,3151,4045,5097],"class_list":{"0":"post-92585","1":"post","2":"type-post","3":"status-publish","4":"format-standard","5":"has-post-thumbnail","7":"category-aktuell","8":"category-jugend-und-familie","9":"category-veranstaltungsnews","10":"category-vereine","11":"tag-31-mai-bis-30-juni-2019","12":"tag-ausstellung","13":"tag-flucht","14":"tag-harald-kille","15":"tag-koenigsplatz","16":"tag-schwabach","17":"tag-stadt-schwabach","18":"tag-staedtische-galerie","19":"tag-vernissage"},"_links":{"self":[{"href":"https:\/\/www.region-schwabach.de\/wordpress\/wp-json\/wp\/v2\/posts\/92585","targetHints":{"allow":["GET"]}}],"collection":[{"href":"https:\/\/www.region-schwabach.de\/wordpress\/wp-json\/wp\/v2\/posts"}],"about":[{"href":"https:\/\/www.region-schwabach.de\/wordpress\/wp-json\/wp\/v2\/types\/post"}],"author":[{"embeddable":true,"href":"https:\/\/www.region-schwabach.de\/wordpress\/wp-json\/wp\/v2\/users\/1"}],"replies":[{"embeddable":true,"href":"https:\/\/www.region-schwabach.de\/wordpress\/wp-json\/wp\/v2\/comments?post=92585"}],"version-history":[{"count":0,"href":"https:\/\/www.region-schwabach.de\/wordpress\/wp-json\/wp\/v2\/posts\/92585\/revisions"}],"wp:featuredmedia":[{"embeddable":true,"href":"https:\/\/www.region-schwabach.de\/wordpress\/wp-json\/wp\/v2\/media\/92586"}],"wp:attachment":[{"href":"https:\/\/www.region-schwabach.de\/wordpress\/wp-json\/wp\/v2\/media?parent=92585"}],"wp:term":[{"taxonomy":"category","embeddable":true,"href":"https:\/\/www.region-schwabach.de\/wordpress\/wp-json\/wp\/v2\/categories?post=92585"},{"taxonomy":"post_tag","embeddable":true,"href":"https:\/\/www.region-schwabach.de\/wordpress\/wp-json\/wp\/v2\/tags?post=92585"}],"curies":[{"name":"wp","href":"https:\/\/api.w.org\/{rel}","templated":true}]}}