{"id":93103,"date":"2019-06-07T10:16:59","date_gmt":"2019-06-07T08:16:59","guid":{"rendered":"http:\/\/www.region-schwabach.de\/wordpress\/?p=93103"},"modified":"2019-06-07T10:18:21","modified_gmt":"2019-06-07T08:18:21","slug":"alkoholisierter-lkw-fahrer-auf-der-b-2-unterwegs","status":"publish","type":"post","link":"https:\/\/www.region-schwabach.de\/wordpress\/alkoholisierter-lkw-fahrer-auf-der-b-2-unterwegs\/","title":{"rendered":"Alkoholisierter LKW-Fahrer auf der B 2 unterwegs"},"content":{"rendered":"\t\t<div data-elementor-type=\"wp-post\" data-elementor-id=\"93103\" class=\"elementor elementor-93103\">\n\t\t\t\t\t\t<section class=\"elementor-section elementor-top-section elementor-element elementor-element-1cuv9jr elementor-section-boxed elementor-section-height-default elementor-section-height-default\" data-id=\"1cuv9jr\" data-element_type=\"section\">\n\t\t\t\t\t\t<div class=\"elementor-container elementor-column-gap-default\">\n\t\t\t\t\t<div class=\"elementor-column elementor-col-50 elementor-top-column elementor-element elementor-element-q5zak7b\" data-id=\"q5zak7b\" data-element_type=\"column\">\n\t\t\t<div class=\"elementor-widget-wrap elementor-element-populated\">\n\t\t\t\t\t\t<div class=\"elementor-element elementor-element-f3e1a8e elementor-widget elementor-widget-wp-widget-advads_ad_widget\" data-id=\"f3e1a8e\" data-element_type=\"widget\" data-widget_type=\"wp-widget-advads_ad_widget.default\">\n\t\t\t\t<div class=\"elementor-widget-container\">\n\t\t\t<div id=\"regio-761077756\"><div class=\"regio-adlabel\">Werbung<\/div><!-- Beginn https:\/\/www.financeads.net\/-Code --><a href=\"https:\/\/www.financeads.net\/tc.php?t=36648C19118058B\" target=\"_blank\"><img fetchpriority=\"high\" decoding=\"async\" src=\"https:\/\/www.financeads.net\/tb.php?t=36648V19118058B&https=1\" alt=\"\" border=\"0\" width=\"728\" height=\"90\"><\/a><!-- Ende https:\/\/www.financeads.net\/-Code --><\/div>\t\t<\/div>\n\t\t\t\t<\/div>\n\t\t\t\t<div class=\"elementor-element elementor-element-a4daeae elementor-widget elementor-widget-text-editor\" data-id=\"a4daeae\" data-element_type=\"widget\" data-widget_type=\"text-editor.default\">\n\t\t\t\t<div class=\"elementor-widget-container\">\n\t\t\t\t\t\t\t<h3>Alkoholisierter Brummifahrer<\/h3><p><span style=\"font-size: 12pt;\">Wei\u00dfenburg &#8211; Am Mittwochnachmittag, den 05.06.2019, beobachtete die Polizei den ausl\u00e4ndischen Fahrer eines Sattelzuges auf der B2 zwischen Dettenheim und Wei\u00dfenburg, wie er mit \u00fcberh\u00f6hter Geschwindigkeit im \u00dcberholverbot einen anderen LKW, weshalb sie ihn einer Kontrolle unterzogen.<\/span><\/p><p><span style=\"font-size: 12pt;\">Dabei bemerkten die Beamten zus\u00e4tzlich Alkoholgeruch, was ein durchgef\u00fchrter Alkoholtest &#8211; der einen Wert von mehr als 0,5 Promille ergab &#8211; dann auch best\u00e4tigte. Da der LKW-Fahrer keinen Wohnsitz in Deutschland hat, mu\u00dfte er eine Sicherheitsleistung in Bar leisten und die Weiterfahrt wurde ihm nat\u00fcrlich auch untersagt.<\/span><\/p>\t\t\t\t\t\t<\/div>\n\t\t\t\t<\/div>\n\t\t\t\t<div class=\"elementor-element elementor-element-44d8dcd elementor-widget elementor-widget-google_maps\" data-id=\"44d8dcd\" data-element_type=\"widget\" data-widget_type=\"google_maps.default\">\n\t\t\t\t<div class=\"elementor-widget-container\">\n\t\t\t\t\t<div class=\"elementor-custom-embed\">\n\t\t\t<iframe loading=\"lazy\"\n\t\t\t\t\tsrc=\"https:\/\/maps.google.com\/maps?q=Dettenheim%2C%20Wei%C3%9Fenburg%2C%20Deutschland&#038;t=m&#038;z=14&#038;output=embed&#038;iwloc=near\"\n\t\t\t\t\ttitle=\"Dettenheim, Wei\u00dfenburg, Deutschland\"\n\t\t\t\t\taria-label=\"Dettenheim, Wei\u00dfenburg, Deutschland\"\n\t\t\t><\/iframe>\n\t\t<\/div>\n\t\t\t\t<\/div>\n\t\t\t\t<\/div>\n\t\t\t\t<div class=\"elementor-element elementor-element-ace1283 elementor-widget-divider--view-line elementor-widget elementor-widget-divider\" data-id=\"ace1283\" data-element_type=\"widget\" data-widget_type=\"divider.default\">\n\t\t\t\t<div class=\"elementor-widget-container\">\n\t\t\t\t\t<div class=\"elementor-divider\">\n\t\t\t<span class=\"elementor-divider-separator\">\n\t\t\t\t\t\t<\/span>\n\t\t<\/div>\n\t\t\t\t<\/div>\n\t\t\t\t<\/div>\n\t\t\t\t\t<\/div>\n\t\t<\/div>\n\t\t\t\t<div class=\"elementor-column elementor-col-50 elementor-top-column elementor-element elementor-element-bca16a1\" data-id=\"bca16a1\" data-element_type=\"column\">\n\t\t\t<div class=\"elementor-widget-wrap elementor-element-populated\">\n\t\t\t\t\t\t<div class=\"elementor-element elementor-element-d99c01b elementor-widget elementor-widget-heading\" data-id=\"d99c01b\" data-element_type=\"widget\" data-widget_type=\"heading.default\">\n\t\t\t\t<div class=\"elementor-widget-container\">\n\t\t\t<h3 class=\"elementor-heading-title elementor-size-default\">Schnell vergleichen und sparen!<\/h3>\t\t<\/div>\n\t\t\t\t<\/div>\n\t\t\t\t<div class=\"elementor-element elementor-element-f8fcb73 elementor-widget elementor-widget-wp-widget-advads_ad_widget\" data-id=\"f8fcb73\" data-element_type=\"widget\" data-widget_type=\"wp-widget-advads_ad_widget.default\">\n\t\t\t\t<div class=\"elementor-widget-container\">\n\t\t\t<div id=\"regio-3893352978\"><div class=\"regio-adlabel\">Werbung<\/div><!-- Beginn https:\/\/www.financeads.net\/-Code --><a href=\"https:\/\/www.financeads.net\/tc.php?t=36648C236142529B\" target=\"_blank\"><img decoding=\"async\" src=\"https:\/\/www.financeads.net\/tb.php?t=36648V236142529B&https=1\" alt=\"\" border=\"0\" width=\"300\" height=\"250\"><\/a><!-- Ende https:\/\/www.financeads.net\/-Code --><\/div>\t\t<\/div>\n\t\t\t\t<\/div>\n\t\t\t\t<div class=\"elementor-element elementor-element-76d498a elementor-widget elementor-widget-wp-widget-advads_ad_widget\" data-id=\"76d498a\" data-element_type=\"widget\" data-widget_type=\"wp-widget-advads_ad_widget.default\">\n\t\t\t\t<div class=\"elementor-widget-container\">\n\t\t\t<div id=\"regio-2749447958\"><div class=\"regio-adlabel\">Werbung<\/div><!-- Beginn https:\/\/www.financeads.net\/-Code --><a href=\"https:\/\/www.financeads.net\/tc.php?t=36648C42614510B\" target=\"_blank\"><img decoding=\"async\" src=\"https:\/\/www.financeads.net\/tb.php?t=36648V42614510B&https=1\" alt=\"\" border=\"0\" width=\"200\" height=\"300\"><\/a><!-- Ende https:\/\/www.financeads.net\/-Code --><\/div>\t\t<\/div>\n\t\t\t\t<\/div>\n\t\t\t\t<div class=\"elementor-element elementor-element-22c1304 elementor-widget elementor-widget-wp-widget-advads_ad_widget\" data-id=\"22c1304\" data-element_type=\"widget\" data-widget_type=\"wp-widget-advads_ad_widget.default\">\n\t\t\t\t<div class=\"elementor-widget-container\">\n\t\t\t<div id=\"regio-1325608118\"><div class=\"regio-adlabel\">Werbung<\/div><!-- Beginn https:\/\/www.financeads.net\/-Code --><a href=\"https:\/\/www.financeads.net\/tc.php?t=36648C205040072B\" target=\"_blank\"><img loading=\"lazy\" decoding=\"async\" src=\"https:\/\/www.financeads.net\/tb.php?t=36648V205040072B&https=1\" alt=\"\" border=\"0\" width=\"300\" height=\"250\"><\/a><!-- Ende https:\/\/www.financeads.net\/-Code --><\/div>\t\t<\/div>\n\t\t\t\t<\/div>\n\t\t\t\t<div class=\"elementor-element elementor-element-a79da85 elementor-widget elementor-widget-wp-widget-advads_ad_widget\" data-id=\"a79da85\" data-element_type=\"widget\" data-widget_type=\"wp-widget-advads_ad_widget.default\">\n\t\t\t\t<div class=\"elementor-widget-container\">\n\t\t\t<div id=\"regio-2685965646\"><div class=\"regio-adlabel\">Werbung<\/div><!-- Beginn https:\/\/www.financeads.net\/-Code --><a href=\"https:\/\/www.financeads.net\/tc.php?t=36648C271460142B\" target=\"_blank\"><img loading=\"lazy\" decoding=\"async\" src=\"https:\/\/www.financeads.net\/tb.php?t=36648V271460142B&https=1\" alt=\"PETPROTECT_Hund&Katze_Banner\" border=\"0\" width=\"250\" height=\"250\"><\/a><!-- Ende https:\/\/www.financeads.net\/-Code --><\/div>\t\t<\/div>\n\t\t\t\t<\/div>\n\t\t\t\t\t<\/div>\n\t\t<\/div>\n\t\t\t\t\t<\/div>\n\t\t<\/section>\n\t\t\t\t<\/div>\n\t\t","protected":false},"excerpt":{"rendered":"<div class=\"mh-excerpt\"><p>Alkoholisierter Brummifahrer Wei\u00dfenburg &#8211; Am Mittwochnachmittag, den 05.06.2019, beobachtete die Polizei den ausl\u00e4ndischen Fahrer eines Sattelzuges auf der B2 zwischen Dettenheim und Wei\u00dfenburg, wie er mit \u00fcberh\u00f6hter Geschwindigkeit im \u00dcberholverbot einen anderen LKW, weshalb sie <a class=\"mh-excerpt-more\" href=\"https:\/\/www.region-schwabach.de\/wordpress\/alkoholisierter-lkw-fahrer-auf-der-b-2-unterwegs\/\" title=\"Alkoholisierter LKW-Fahrer auf der B 2 unterwegs\">[&#8230;]<\/a><\/p>\n<\/div>","protected":false},"author":1,"featured_media":93104,"comment_status":"open","ping_status":"open","sticky":false,"template":"","format":"standard","meta":{"_cbd_carousel_blocks":"[]","footnotes":""},"categories":[15],"tags":[9488,470,1637,1820,9569,9561,541,980,2292,261,981,7466,471,1022,1396,8093,249,3347],"class_list":{"0":"post-93103","1":"post","2":"type-post","3":"status-publish","4":"format-standard","5":"has-post-thumbnail","7":"category-polizeimeldungen","8":"tag-05-06-2019","9":"tag-alkohol","10":"tag-alkoholgeruch","11":"tag-alkoholtest","12":"tag-auslaendische-zulassung","13":"tag-b-2","14":"tag-bundesstrasse-2","15":"tag-dettenheim","16":"tag-kontrolle","17":"tag-lkw","18":"tag-polizei","19":"tag-polizei-weissenburg","20":"tag-promille","21":"tag-sicherheitsleistung","22":"tag-ueberhoehte-geschwindigkeit","23":"tag-ueberholverbot","24":"tag-weissenburg","25":"tag-weiterfahrt-untersagt"},"_links":{"self":[{"href":"https:\/\/www.region-schwabach.de\/wordpress\/wp-json\/wp\/v2\/posts\/93103","targetHints":{"allow":["GET"]}}],"collection":[{"href":"https:\/\/www.region-schwabach.de\/wordpress\/wp-json\/wp\/v2\/posts"}],"about":[{"href":"https:\/\/www.region-schwabach.de\/wordpress\/wp-json\/wp\/v2\/types\/post"}],"author":[{"embeddable":true,"href":"https:\/\/www.region-schwabach.de\/wordpress\/wp-json\/wp\/v2\/users\/1"}],"replies":[{"embeddable":true,"href":"https:\/\/www.region-schwabach.de\/wordpress\/wp-json\/wp\/v2\/comments?post=93103"}],"version-history":[{"count":0,"href":"https:\/\/www.region-schwabach.de\/wordpress\/wp-json\/wp\/v2\/posts\/93103\/revisions"}],"wp:featuredmedia":[{"embeddable":true,"href":"https:\/\/www.region-schwabach.de\/wordpress\/wp-json\/wp\/v2\/media\/93104"}],"wp:attachment":[{"href":"https:\/\/www.region-schwabach.de\/wordpress\/wp-json\/wp\/v2\/media?parent=93103"}],"wp:term":[{"taxonomy":"category","embeddable":true,"href":"https:\/\/www.region-schwabach.de\/wordpress\/wp-json\/wp\/v2\/categories?post=93103"},{"taxonomy":"post_tag","embeddable":true,"href":"https:\/\/www.region-schwabach.de\/wordpress\/wp-json\/wp\/v2\/tags?post=93103"}],"curies":[{"name":"wp","href":"https:\/\/api.w.org\/{rel}","templated":true}]}}