{"id":93140,"date":"2019-06-10T00:07:26","date_gmt":"2019-06-09T22:07:26","guid":{"rendered":"http:\/\/www.region-schwabach.de\/wordpress\/?p=93140"},"modified":"2019-06-10T13:55:16","modified_gmt":"2019-06-10T11:55:16","slug":"anderung-der-mullabfuhr-termine-wegen-pfingstmontag","status":"publish","type":"post","link":"https:\/\/www.region-schwabach.de\/wordpress\/anderung-der-mullabfuhr-termine-wegen-pfingstmontag\/","title":{"rendered":"\u00c4nderung der M\u00fcllabfuhr-Termine wegen Pfingstmontag"},"content":{"rendered":"\t\t<div data-elementor-type=\"wp-post\" data-elementor-id=\"93140\" class=\"elementor elementor-93140\">\n\t\t\t\t\t\t<section class=\"elementor-section elementor-top-section elementor-element elementor-element-tlus4ia elementor-section-boxed elementor-section-height-default elementor-section-height-default\" data-id=\"tlus4ia\" data-element_type=\"section\">\n\t\t\t\t\t\t<div class=\"elementor-container elementor-column-gap-default\">\n\t\t\t\t\t<div class=\"elementor-column elementor-col-50 elementor-top-column elementor-element elementor-element-sphcucl\" data-id=\"sphcucl\" data-element_type=\"column\">\n\t\t\t<div class=\"elementor-widget-wrap elementor-element-populated\">\n\t\t\t\t\t\t<div class=\"elementor-element elementor-element-c43f6e1 elementor-widget elementor-widget-wp-widget-advads_ad_widget\" data-id=\"c43f6e1\" data-element_type=\"widget\" data-widget_type=\"wp-widget-advads_ad_widget.default\">\n\t\t\t\t<div class=\"elementor-widget-container\">\n\t\t\t<div id=\"regio-1414172020\"><div class=\"regio-adlabel\">Werbung<\/div><!-- Beginn https:\/\/www.financeads.net\/-Code --><a href=\"https:\/\/www.financeads.net\/tc.php?t=36648C19118058B\" target=\"_blank\"><img fetchpriority=\"high\" decoding=\"async\" src=\"https:\/\/www.financeads.net\/tb.php?t=36648V19118058B&https=1\" alt=\"\" border=\"0\" width=\"728\" height=\"90\"><\/a><!-- Ende https:\/\/www.financeads.net\/-Code --><\/div>\t\t<\/div>\n\t\t\t\t<\/div>\n\t\t\t\t<div class=\"elementor-element elementor-element-4f2h2af elementor-widget elementor-widget-text-editor\" data-id=\"4f2h2af\" data-element_type=\"widget\" data-widget_type=\"text-editor.default\">\n\t\t\t\t<div class=\"elementor-widget-container\">\n\t\t\t\t\t\t\t<h3>\u00c4nderung bei M\u00fcllabfuhrterminen<\/h3><p><span style=\"font-size: 12pt;\">Wegen des Feiertags am Montag, den10.06.2019 (Pfingstmontagt), kommt es vereinzelt zu \u00c4nderungen bei den M\u00fcllabfuhrterminen f\u00fcr Restm\u00fcll, Bioabfall und Gelber Sack.<\/span><\/p><h3>Folgende neue\u00a0Termine ergeben sich:<\/h3><table style=\"width: 78.8319%; height: 120px;\"><tbody><tr style=\"height: 24px;\"><td style=\"height: 24px;\"><span style=\"font-size: 12pt;\"><strong>Urspr\u00fcnglicher Termin<\/strong><\/span><\/td><td style=\"height: 24px;\"><span style=\"font-size: 12pt;\"><strong>Beh\u00e4lter<\/strong><\/span><\/td><td style=\"height: 24px;\"><span style=\"font-size: 12pt;\"><strong>Neuer Abholtermin<\/strong><\/span><\/td><\/tr><tr style=\"height: 24px;\"><td style=\"height: 24px;\">\u00a0<\/td><td style=\"height: 24px;\">\u00a0<\/td><td style=\"height: 24px;\">\u00a0<\/td><\/tr><tr style=\"height: 24px;\"><td style=\"vertical-align: middle; height: 72px;\" rowspan=\"3\"><span style=\"font-size: 12pt;\"><strong>Pfingstmontag<br \/><\/strong><strong>Montag, den 10. Juni 2019<\/strong><\/span><\/td><td style=\"height: 24px;\"><span style=\"font-size: 12pt;\">Bioabfall<\/span><\/td><td style=\"height: 24px;\"><span style=\"font-size: 12pt;\">Mittwoch, den 12. Juni<\/span><\/td><\/tr><tr style=\"height: 24px;\"><td style=\"height: 24px;\"><span style=\"font-size: 12pt;\">Gelber Sack<\/span><\/td><td style=\"height: 24px;\"><span style=\"font-size: 12pt;\">Samstag, den 15. Juni<\/span><\/td><\/tr><tr style=\"height: 24px;\"><td style=\"height: 24px;\"><span style=\"font-size: 12pt;\">Restm\u00fcll<\/span><\/td><td style=\"height: 24px;\"><span style=\"font-size: 12pt;\">Dienstag, den 11. Juni<\/span><\/td><\/tr><\/tbody><\/table>\t\t\t\t\t\t<\/div>\n\t\t\t\t<\/div>\n\t\t\t\t\t<\/div>\n\t\t<\/div>\n\t\t\t\t<div class=\"elementor-column elementor-col-50 elementor-top-column elementor-element elementor-element-8e77e7f\" data-id=\"8e77e7f\" data-element_type=\"column\">\n\t\t\t<div class=\"elementor-widget-wrap elementor-element-populated\">\n\t\t\t\t\t\t<div class=\"elementor-element elementor-element-befd174 elementor-widget elementor-widget-heading\" data-id=\"befd174\" data-element_type=\"widget\" data-widget_type=\"heading.default\">\n\t\t\t\t<div class=\"elementor-widget-container\">\n\t\t\t<h3 class=\"elementor-heading-title elementor-size-default\">Schnell vergleichen und sparen!<\/h3>\t\t<\/div>\n\t\t\t\t<\/div>\n\t\t\t\t<div class=\"elementor-element elementor-element-843ae96 elementor-widget elementor-widget-wp-widget-advads_ad_widget\" data-id=\"843ae96\" data-element_type=\"widget\" data-widget_type=\"wp-widget-advads_ad_widget.default\">\n\t\t\t\t<div class=\"elementor-widget-container\">\n\t\t\t<div id=\"regio-623512119\"><div class=\"regio-adlabel\">Werbung<\/div><!-- Beginn https:\/\/www.financeads.net\/-Code --><a href=\"https:\/\/www.financeads.net\/tc.php?t=36648C236142529B\" target=\"_blank\"><img decoding=\"async\" src=\"https:\/\/www.financeads.net\/tb.php?t=36648V236142529B&https=1\" alt=\"\" border=\"0\" width=\"300\" height=\"250\"><\/a><!-- Ende https:\/\/www.financeads.net\/-Code --><\/div>\t\t<\/div>\n\t\t\t\t<\/div>\n\t\t\t\t<div class=\"elementor-element elementor-element-a60f2d3 elementor-widget elementor-widget-wp-widget-advads_ad_widget\" data-id=\"a60f2d3\" data-element_type=\"widget\" data-widget_type=\"wp-widget-advads_ad_widget.default\">\n\t\t\t\t<div class=\"elementor-widget-container\">\n\t\t\t<div id=\"regio-3999651208\"><div class=\"regio-adlabel\">Werbung<\/div><!-- Beginn https:\/\/www.financeads.net\/-Code --><a href=\"https:\/\/www.financeads.net\/tc.php?t=36648C42614510B\" target=\"_blank\"><img decoding=\"async\" src=\"https:\/\/www.financeads.net\/tb.php?t=36648V42614510B&https=1\" alt=\"\" border=\"0\" width=\"200\" height=\"300\"><\/a><!-- Ende https:\/\/www.financeads.net\/-Code --><\/div>\t\t<\/div>\n\t\t\t\t<\/div>\n\t\t\t\t<div class=\"elementor-element elementor-element-ffe1e9c elementor-widget elementor-widget-wp-widget-advads_ad_widget\" data-id=\"ffe1e9c\" data-element_type=\"widget\" data-widget_type=\"wp-widget-advads_ad_widget.default\">\n\t\t\t\t<div class=\"elementor-widget-container\">\n\t\t\t<div id=\"regio-833994026\"><div class=\"regio-adlabel\">Werbung<\/div><!-- Beginn https:\/\/www.financeads.net\/-Code --><a href=\"https:\/\/www.financeads.net\/tc.php?t=36648C205040072B\" target=\"_blank\"><img loading=\"lazy\" decoding=\"async\" src=\"https:\/\/www.financeads.net\/tb.php?t=36648V205040072B&https=1\" alt=\"\" border=\"0\" width=\"300\" height=\"250\"><\/a><!-- Ende https:\/\/www.financeads.net\/-Code --><\/div>\t\t<\/div>\n\t\t\t\t<\/div>\n\t\t\t\t<div class=\"elementor-element elementor-element-36b04a2 elementor-widget elementor-widget-wp-widget-advads_ad_widget\" data-id=\"36b04a2\" data-element_type=\"widget\" data-widget_type=\"wp-widget-advads_ad_widget.default\">\n\t\t\t\t<div class=\"elementor-widget-container\">\n\t\t\t<div id=\"regio-1442685780\"><div class=\"regio-adlabel\">Werbung<\/div><!-- Beginn https:\/\/www.financeads.net\/-Code --><a href=\"https:\/\/www.financeads.net\/tc.php?t=36648C271460142B\" target=\"_blank\"><img loading=\"lazy\" decoding=\"async\" src=\"https:\/\/www.financeads.net\/tb.php?t=36648V271460142B&https=1\" alt=\"PETPROTECT_Hund&Katze_Banner\" border=\"0\" width=\"250\" height=\"250\"><\/a><!-- Ende https:\/\/www.financeads.net\/-Code --><\/div>\t\t<\/div>\n\t\t\t\t<\/div>\n\t\t\t\t\t<\/div>\n\t\t<\/div>\n\t\t\t\t\t<\/div>\n\t\t<\/section>\n\t\t\t\t<\/div>\n\t\t","protected":false},"excerpt":{"rendered":"<div class=\"mh-excerpt\"><p>\u00c4nderung bei M\u00fcllabfuhrterminen Wegen des Feiertags am Montag, den10.06.2019 (Pfingstmontagt), kommt es vereinzelt zu \u00c4nderungen bei den M\u00fcllabfuhrterminen f\u00fcr Restm\u00fcll, Bioabfall und Gelber Sack. Folgende neue&nbsp;Termine ergeben sich: Urspr\u00fcnglicher Termin Beh\u00e4lter Neuer Abholtermin &nbsp; &nbsp; <a class=\"mh-excerpt-more\" href=\"https:\/\/www.region-schwabach.de\/wordpress\/anderung-der-mullabfuhr-termine-wegen-pfingstmontag\/\" title=\"\u00c4nderung der M\u00fcllabfuhr-Termine wegen Pfingstmontag\">[&#8230;]<\/a><\/p>\n<\/div>","protected":false},"author":1,"featured_media":37807,"comment_status":"open","ping_status":"open","sticky":false,"template":"","format":"standard","meta":{"_cbd_carousel_blocks":"[]","footnotes":""},"categories":[16,13,4306,61,118],"tags":[9530,9575,9576,9577,1210,1209,1089,1207,4021,1208,19],"class_list":{"0":"post-93140","1":"post","2":"type-post","3":"status-publish","4":"format-standard","5":"has-post-thumbnail","7":"category-aktuell","8":"category-nachrichten","9":"category-ratgeber","10":"category-rathaus","11":"category-umwelt","12":"tag-10-06-2019","13":"tag-11-06-2019","14":"tag-12-06-2019","15":"tag-15-06-2019","16":"tag-aenderung-abholtermine","17":"tag-bioabfall","18":"tag-gelber-sack","19":"tag-muellabfuhr","20":"tag-pfingstmontag","21":"tag-restmuell","22":"tag-schwabach"},"_links":{"self":[{"href":"https:\/\/www.region-schwabach.de\/wordpress\/wp-json\/wp\/v2\/posts\/93140","targetHints":{"allow":["GET"]}}],"collection":[{"href":"https:\/\/www.region-schwabach.de\/wordpress\/wp-json\/wp\/v2\/posts"}],"about":[{"href":"https:\/\/www.region-schwabach.de\/wordpress\/wp-json\/wp\/v2\/types\/post"}],"author":[{"embeddable":true,"href":"https:\/\/www.region-schwabach.de\/wordpress\/wp-json\/wp\/v2\/users\/1"}],"replies":[{"embeddable":true,"href":"https:\/\/www.region-schwabach.de\/wordpress\/wp-json\/wp\/v2\/comments?post=93140"}],"version-history":[{"count":0,"href":"https:\/\/www.region-schwabach.de\/wordpress\/wp-json\/wp\/v2\/posts\/93140\/revisions"}],"wp:featuredmedia":[{"embeddable":true,"href":"https:\/\/www.region-schwabach.de\/wordpress\/wp-json\/wp\/v2\/media\/37807"}],"wp:attachment":[{"href":"https:\/\/www.region-schwabach.de\/wordpress\/wp-json\/wp\/v2\/media?parent=93140"}],"wp:term":[{"taxonomy":"category","embeddable":true,"href":"https:\/\/www.region-schwabach.de\/wordpress\/wp-json\/wp\/v2\/categories?post=93140"},{"taxonomy":"post_tag","embeddable":true,"href":"https:\/\/www.region-schwabach.de\/wordpress\/wp-json\/wp\/v2\/tags?post=93140"}],"curies":[{"name":"wp","href":"https:\/\/api.w.org\/{rel}","templated":true}]}}