{"id":93759,"date":"2019-06-20T11:40:32","date_gmt":"2019-06-20T09:40:32","guid":{"rendered":"http:\/\/www.region-schwabach.de\/wordpress\/?p=93759"},"modified":"2019-06-20T11:42:03","modified_gmt":"2019-06-20T09:42:03","slug":"stadtmauerfuhrung-am-donnerstag-20-juni-2019","status":"publish","type":"post","link":"https:\/\/www.region-schwabach.de\/wordpress\/stadtmauerfuhrung-am-donnerstag-20-juni-2019\/","title":{"rendered":"Stadtmauerf\u00fchrung am Donnerstag, 20. Juni 2019"},"content":{"rendered":"\t\t<div data-elementor-type=\"wp-post\" data-elementor-id=\"93759\" class=\"elementor elementor-93759\">\n\t\t\t\t\t\t<section class=\"elementor-section elementor-top-section elementor-element elementor-element-678181b elementor-section-boxed elementor-section-height-default elementor-section-height-default\" data-id=\"678181b\" data-element_type=\"section\">\n\t\t\t\t\t\t<div class=\"elementor-container elementor-column-gap-default\">\n\t\t\t\t\t<div class=\"elementor-column elementor-col-50 elementor-top-column elementor-element elementor-element-6b34026\" data-id=\"6b34026\" data-element_type=\"column\">\n\t\t\t<div class=\"elementor-widget-wrap elementor-element-populated\">\n\t\t\t\t\t\t<div class=\"elementor-element elementor-element-36b65ab elementor-widget elementor-widget-wp-widget-advads_ad_widget\" data-id=\"36b65ab\" data-element_type=\"widget\" data-widget_type=\"wp-widget-advads_ad_widget.default\">\n\t\t\t\t<div class=\"elementor-widget-container\">\n\t\t\t<div id=\"regio-2218234221\"><div class=\"regio-adlabel\">Werbung<\/div><!-- Beginn https:\/\/www.financeads.net\/-Code --><a href=\"https:\/\/www.financeads.net\/tc.php?t=36648C19118058B\" target=\"_blank\"><img fetchpriority=\"high\" decoding=\"async\" src=\"https:\/\/www.financeads.net\/tb.php?t=36648V19118058B&https=1\" alt=\"\" border=\"0\" width=\"728\" height=\"90\"><\/a><!-- Ende https:\/\/www.financeads.net\/-Code --><\/div>\t\t<\/div>\n\t\t\t\t<\/div>\n\t\t\t\t<div class=\"elementor-element elementor-element-443ab98 elementor-widget elementor-widget-text-editor\" data-id=\"443ab98\" data-element_type=\"widget\" data-widget_type=\"text-editor.default\">\n\t\t\t\t<div class=\"elementor-widget-container\">\n\t\t\t\t\t\t\t<h3>Donnersta, 20. Juni 2019, 19.00 Uhr:<br \/>F\u00fchrung: \u201eWenn unsere Stadtmauer erz\u00e4hlen k\u00f6nnte\u201c<\/h3><p><span style=\"font-size: 12pt;\">Schwabach &#8211; Viele Schwabacher bedauern, dass von der alten Stadtmauer nur noch weniges vorhanden ist. Manche trauern ihr nach, weil sie an die Zeiten erinnert, in denen die Stadtmauer den Menschen lebenswichtigen Schutz geboten hat.<\/span><\/p><p><span style=\"font-size: 12pt;\">Deshalb l\u00e4dt das Frauencafe zu einem Stadtspaziergang mit der Stadtheimatpflegerin Ursula Kaiser-Biburger am Donnerstag, den 20. Juni 2019, um 19.00 Uhr ein. Unter dem Motto: \u201eWenn unsere Stadtmauer erz\u00e4hlen k\u00f6nnte\u2026.\u201c f\u00fchrt der Weg entlang der noch bestehenden Mauerreste.<\/span><\/p><p><span style=\"font-size: 12pt;\">Es soll daran erinnert werden, dass sie einst bis zu acht Meter hoch war. Doch mit dem technischen \u201eFortschritt\u201c in der Kriegsf\u00fchrung verlor die imposante Stadteinfriedung zunehmend an Bedeutung, bis sie schlie\u00dflich zum gro\u00dfen Teil abgerissen wurde.<\/span><\/p><p><span style=\"font-size: 12pt;\">Beim Spaziergang wird an die kleine Bastei, an den Ausbau des Walls sowie an die gro\u00dfen Basteien vor dem Z\u00f6llnertor erinnert. Auch der Abriss am Ende des 19. Jahrhunderts steht auf dem Programm. Dar\u00fcber und \u00fcber vieles mehr wird Ursula Kaiser-Biburger in dem Rundgang erz\u00e4hlen, der am Rathaus beginnt und sich \u00fcber den s\u00fcdwestlichen Mauerverlauf bis zum N\u00fcrnberger Tor erstreckt.<\/span><\/p><h3>Infos<\/h3><p><span style=\"font-size: 12pt;\">Treffpunkt: Vor dem Rathaus<\/span><br \/><span style=\"font-size: 12pt;\">Kosten: 5 Euro<\/span><\/p><h3>Weierf\u00fchrende Links:<\/h3><p><a href=\"https:\/\/internationales-frauencafe-schwabach.de\/\" target=\"_blank\" rel=\"noopener\"><span style=\"font-size: 12pt;\">Zur Homepage vom Frauencafe Schwabach geht es hier &#8230;<\/span><\/a><\/p>\t\t\t\t\t\t<\/div>\n\t\t\t\t<\/div>\n\t\t\t\t<div class=\"elementor-element elementor-element-b95230e elementor-widget-divider--view-line elementor-widget elementor-widget-divider\" data-id=\"b95230e\" data-element_type=\"widget\" data-widget_type=\"divider.default\">\n\t\t\t\t<div class=\"elementor-widget-container\">\n\t\t\t\t\t<div class=\"elementor-divider\">\n\t\t\t<span class=\"elementor-divider-separator\">\n\t\t\t\t\t\t<\/span>\n\t\t<\/div>\n\t\t\t\t<\/div>\n\t\t\t\t<\/div>\n\t\t\t\t<div class=\"elementor-element elementor-element-804b00f elementor-widget elementor-widget-google_maps\" data-id=\"804b00f\" data-element_type=\"widget\" data-widget_type=\"google_maps.default\">\n\t\t\t\t<div class=\"elementor-widget-container\">\n\t\t\t\t\t<div class=\"elementor-custom-embed\">\n\t\t\t<iframe loading=\"lazy\"\n\t\t\t\t\tsrc=\"https:\/\/maps.google.com\/maps?q=K%C3%B6nigsplatz%201%2C%20Schwabach%2C%20Deutschland&#038;t=m&#038;z=17&#038;output=embed&#038;iwloc=near\"\n\t\t\t\t\ttitle=\"K\u00f6nigsplatz 1, Schwabach, Deutschland\"\n\t\t\t\t\taria-label=\"K\u00f6nigsplatz 1, Schwabach, Deutschland\"\n\t\t\t><\/iframe>\n\t\t<\/div>\n\t\t\t\t<\/div>\n\t\t\t\t<\/div>\n\t\t\t\t\t<\/div>\n\t\t<\/div>\n\t\t\t\t<div class=\"elementor-column elementor-col-50 elementor-top-column elementor-element elementor-element-39a7376\" data-id=\"39a7376\" data-element_type=\"column\">\n\t\t\t<div class=\"elementor-widget-wrap elementor-element-populated\">\n\t\t\t\t\t\t<div class=\"elementor-element elementor-element-b93e121 elementor-widget elementor-widget-heading\" data-id=\"b93e121\" data-element_type=\"widget\" data-widget_type=\"heading.default\">\n\t\t\t\t<div class=\"elementor-widget-container\">\n\t\t\t<h3 class=\"elementor-heading-title elementor-size-default\">Schnell vergleichen und sparen!<\/h3>\t\t<\/div>\n\t\t\t\t<\/div>\n\t\t\t\t<div class=\"elementor-element elementor-element-faa174f elementor-widget elementor-widget-wp-widget-advads_ad_widget\" data-id=\"faa174f\" data-element_type=\"widget\" data-widget_type=\"wp-widget-advads_ad_widget.default\">\n\t\t\t\t<div class=\"elementor-widget-container\">\n\t\t\t<div id=\"regio-4241157062\"><div class=\"regio-adlabel\">Werbung<\/div><!-- Beginn https:\/\/www.financeads.net\/-Code --><a href=\"https:\/\/www.financeads.net\/tc.php?t=36648C236142529B\" target=\"_blank\"><img decoding=\"async\" src=\"https:\/\/www.financeads.net\/tb.php?t=36648V236142529B&https=1\" alt=\"\" border=\"0\" width=\"300\" height=\"250\"><\/a><!-- Ende https:\/\/www.financeads.net\/-Code --><\/div>\t\t<\/div>\n\t\t\t\t<\/div>\n\t\t\t\t<div class=\"elementor-element elementor-element-ae83f7d elementor-widget elementor-widget-wp-widget-advads_ad_widget\" data-id=\"ae83f7d\" data-element_type=\"widget\" data-widget_type=\"wp-widget-advads_ad_widget.default\">\n\t\t\t\t<div class=\"elementor-widget-container\">\n\t\t\t<div id=\"regio-2512517877\"><div class=\"regio-adlabel\">Werbung<\/div><!-- Beginn https:\/\/www.financeads.net\/-Code --><a href=\"https:\/\/www.financeads.net\/tc.php?t=36648C42614510B\" target=\"_blank\"><img decoding=\"async\" src=\"https:\/\/www.financeads.net\/tb.php?t=36648V42614510B&https=1\" alt=\"\" border=\"0\" width=\"200\" height=\"300\"><\/a><!-- Ende https:\/\/www.financeads.net\/-Code --><\/div>\t\t<\/div>\n\t\t\t\t<\/div>\n\t\t\t\t<div class=\"elementor-element elementor-element-254f398 elementor-widget elementor-widget-wp-widget-advads_ad_widget\" data-id=\"254f398\" data-element_type=\"widget\" data-widget_type=\"wp-widget-advads_ad_widget.default\">\n\t\t\t\t<div class=\"elementor-widget-container\">\n\t\t\t<div id=\"regio-3878456803\"><div class=\"regio-adlabel\">Werbung<\/div><!-- Beginn https:\/\/www.financeads.net\/-Code --><a href=\"https:\/\/www.financeads.net\/tc.php?t=36648C205040072B\" target=\"_blank\"><img loading=\"lazy\" decoding=\"async\" src=\"https:\/\/www.financeads.net\/tb.php?t=36648V205040072B&https=1\" alt=\"\" border=\"0\" width=\"300\" height=\"250\"><\/a><!-- Ende https:\/\/www.financeads.net\/-Code --><\/div>\t\t<\/div>\n\t\t\t\t<\/div>\n\t\t\t\t<div class=\"elementor-element elementor-element-83bff5c elementor-widget elementor-widget-wp-widget-advads_ad_widget\" data-id=\"83bff5c\" data-element_type=\"widget\" data-widget_type=\"wp-widget-advads_ad_widget.default\">\n\t\t\t\t<div class=\"elementor-widget-container\">\n\t\t\t<div id=\"regio-1769539270\"><div class=\"regio-adlabel\">Werbung<\/div><!-- Beginn https:\/\/www.financeads.net\/-Code --><a href=\"https:\/\/www.financeads.net\/tc.php?t=36648C271460142B\" target=\"_blank\"><img loading=\"lazy\" decoding=\"async\" src=\"https:\/\/www.financeads.net\/tb.php?t=36648V271460142B&https=1\" alt=\"PETPROTECT_Hund&Katze_Banner\" border=\"0\" width=\"250\" height=\"250\"><\/a><!-- Ende https:\/\/www.financeads.net\/-Code --><\/div>\t\t<\/div>\n\t\t\t\t<\/div>\n\t\t\t\t\t<\/div>\n\t\t<\/div>\n\t\t\t\t\t<\/div>\n\t\t<\/section>\n\t\t\t\t<\/div>\n\t\t","protected":false},"excerpt":{"rendered":"<div class=\"mh-excerpt\"><p>Donnersta, 20. Juni 2019, 19.00 Uhr:F\u00fchrung: \u201eWenn unsere Stadtmauer erz\u00e4hlen k\u00f6nnte\u201c Schwabach &#8211; Viele Schwabacher bedauern, dass von der alten Stadtmauer nur noch weniges vorhanden ist. Manche trauern ihr nach, weil sie an die Zeiten <a class=\"mh-excerpt-more\" href=\"https:\/\/www.region-schwabach.de\/wordpress\/stadtmauerfuhrung-am-donnerstag-20-juni-2019\/\" title=\"Stadtmauerf\u00fchrung am Donnerstag, 20. Juni 2019\">[&#8230;]<\/a><\/p>\n<\/div>","protected":false},"author":1,"featured_media":93761,"comment_status":"open","ping_status":"open","sticky":false,"template":"","format":"standard","meta":{"_cbd_carousel_blocks":"[]","footnotes":""},"categories":[16,287,61,231],"tags":[9675,9686,53,1480,3645,19,6021,1933,6019,6022,6020],"class_list":{"0":"post-93759","1":"post","2":"type-post","3":"status-publish","4":"format-standard","5":"has-post-thumbnail","7":"category-aktuell","8":"category-jugend-und-familie","9":"category-rathaus","10":"category-veranstaltungsnews","11":"tag-20-06-2019","12":"tag-frauencafe","13":"tag-fuehrung","14":"tag-rathaus","15":"tag-rundgang","16":"tag-schwabach","17":"tag-stadtheimatpflegerin","18":"tag-stadtmauer","19":"tag-stadtmauerfuehrung","20":"tag-ursula-kaiser-biburger","21":"tag-vor-dem-rathaus"},"_links":{"self":[{"href":"https:\/\/www.region-schwabach.de\/wordpress\/wp-json\/wp\/v2\/posts\/93759","targetHints":{"allow":["GET"]}}],"collection":[{"href":"https:\/\/www.region-schwabach.de\/wordpress\/wp-json\/wp\/v2\/posts"}],"about":[{"href":"https:\/\/www.region-schwabach.de\/wordpress\/wp-json\/wp\/v2\/types\/post"}],"author":[{"embeddable":true,"href":"https:\/\/www.region-schwabach.de\/wordpress\/wp-json\/wp\/v2\/users\/1"}],"replies":[{"embeddable":true,"href":"https:\/\/www.region-schwabach.de\/wordpress\/wp-json\/wp\/v2\/comments?post=93759"}],"version-history":[{"count":0,"href":"https:\/\/www.region-schwabach.de\/wordpress\/wp-json\/wp\/v2\/posts\/93759\/revisions"}],"wp:featuredmedia":[{"embeddable":true,"href":"https:\/\/www.region-schwabach.de\/wordpress\/wp-json\/wp\/v2\/media\/93761"}],"wp:attachment":[{"href":"https:\/\/www.region-schwabach.de\/wordpress\/wp-json\/wp\/v2\/media?parent=93759"}],"wp:term":[{"taxonomy":"category","embeddable":true,"href":"https:\/\/www.region-schwabach.de\/wordpress\/wp-json\/wp\/v2\/categories?post=93759"},{"taxonomy":"post_tag","embeddable":true,"href":"https:\/\/www.region-schwabach.de\/wordpress\/wp-json\/wp\/v2\/tags?post=93759"}],"curies":[{"name":"wp","href":"https:\/\/api.w.org\/{rel}","templated":true}]}}